{"id":247777,"date":"2025-11-09T18:12:06","date_gmt":"2025-11-09T21:12:06","guid":{"rendered":"https:\/\/portalv1.com.br\/?p=247777"},"modified":"2025-11-10T16:47:44","modified_gmt":"2025-11-10T19:47:44","slug":"morre-aos-45-anos-a-tecnica-de-enfermagem-ana-nivea-em-valenca","status":"publish","type":"post","link":"https:\/\/portalv1.com.br\/morre-aos-45-anos-a-tecnica-de-enfermagem-ana-nivea-em-valenca\/","title":{"rendered":"Morre aos 45 anos a t\u00e9cnica de enfermagem Anna N\u00edvea em Valen\u00e7a"},"content":{"rendered":"\n<p>A cidade de Valen\u00e7a do Piau\u00ed foi surpreendida na tarde deste domingo (9) com a not\u00edcia do falecimento da t\u00e9cnica de enfermagem Ana N\u00edvea, aos 45 anos.<\/p>\n\n\n\n<p>De acordo com informa\u00e7\u00f5es preliminares, Ana N\u00edvea sofreu uma parada card\u00edaca. Ela chegou a ser socorrida, mas infelizmente n\u00e3o resistiu.<\/p>\n\n\n\n<p>Bastante conhecida na cidade, Ana N\u00edvea era irm\u00e3 do professor Reginaldo Ferri, e sua partida causa grande como\u00e7\u00e3o entre familiares, amigos e colegas de trabalho. Ela era casada e deixa um filho. Mat\u00e9ria em atualiza\u00e7\u00e3o. O vel\u00f3rio acontece em sua resid\u00eancia. <\/p>\n\n\n\n<figure class=\"wp-block-image size-large\"><img loading=\"lazy\" decoding=\"async\" width=\"640\" height=\"974\" src=\"https:\/\/portalv1.com.br\/app\/wp-content\/uploads\/2025\/11\/IMG-20251109-WA0038-640x974.jpg\" alt=\"\" class=\"wp-image-247779\" srcset=\"https:\/\/portalv1.com.br\/app\/wp-content\/uploads\/2025\/11\/IMG-20251109-WA0038-640x974.jpg 640w, https:\/\/portalv1.com.br\/app\/wp-content\/uploads\/2025\/11\/IMG-20251109-WA0038-300x457.jpg 300w, https:\/\/portalv1.com.br\/app\/wp-content\/uploads\/2025\/11\/IMG-20251109-WA0038-768x1169.jpg 768w, https:\/\/portalv1.com.br\/app\/wp-content\/uploads\/2025\/11\/IMG-20251109-WA0038.jpg 932w\" sizes=\"auto, (max-width: 640px) 100vw, 640px\" \/><\/figure>\n","protected":false},"excerpt":{"rendered":"<p>A cidade de Valen\u00e7a do Piau\u00ed foi surpreendida na tarde deste domingo (9) com a not\u00edcia do falecimento da t\u00e9cnica de enfermagem Ana N\u00edvea, aos 45 anos. De acordo com&#8230;<\/p>\n","protected":false},"author":1,"featured_media":247780,"comment_status":"open","ping_status":"open","sticky":false,"template":"","format":"standard","meta":{"ngg_post_thumbnail":0,"footnotes":""},"categories":[243],"tags":[],"class_list":["post-247777","post","type-post","status-publish","format-standard","has-post-thumbnail","hentry","category-geral"],"views":4373,"meta_data":{"thumb":"https:\/\/portalv1.com.br\/app\/wp-content\/uploads\/2025\/11\/IMG-20251109-WA0041.jpg","imagem":{"fullsize":{"url":"https:\/\/portalv1.com.br\/app\/wp-content\/uploads\/2025\/11\/IMG-20251109-WA0041.jpg","width":932,"height":969},"medium":{"url":"https:\/\/portalv1.com.br\/app\/wp-content\/uploads\/2025\/11\/IMG-20251109-WA0041-300x312.jpg","width":300,"height":312},"large":{"url":"https:\/\/portalv1.com.br\/app\/wp-content\/uploads\/2025\/11\/IMG-20251109-WA0041-640x665.jpg","width":640,"height":665},"thumbnail":{"url":"https:\/\/portalv1.com.br\/app\/wp-content\/uploads\/2025\/11\/IMG-20251109-WA0041-100x100.jpg","width":100,"height":100},"medium_large":{"url":"https:\/\/portalv1.com.br\/app\/wp-content\/uploads\/2025\/11\/IMG-20251109-WA0041-768x798.jpg","width":768,"height":798}},"data":{"simple":"09\/11\/2025","date_time":"09\/11\/2025 15:12:06","date":"h\u00e1 6 meses"},"chapeu":"LUTO","source":"retirar"},"_links":{"self":[{"href":"https:\/\/portalv1.com.br\/api\/wp\/v2\/posts\/247777","targetHints":{"allow":["GET"]}}],"collection":[{"href":"https:\/\/portalv1.com.br\/api\/wp\/v2\/posts"}],"about":[{"href":"https:\/\/portalv1.com.br\/api\/wp\/v2\/types\/post"}],"author":[{"embeddable":true,"href":"https:\/\/portalv1.com.br\/api\/wp\/v2\/users\/1"}],"replies":[{"embeddable":true,"href":"https:\/\/portalv1.com.br\/api\/wp\/v2\/comments?post=247777"}],"version-history":[{"count":0,"href":"https:\/\/portalv1.com.br\/api\/wp\/v2\/posts\/247777\/revisions"}],"wp:featuredmedia":[{"embeddable":true,"href":"https:\/\/portalv1.com.br\/api\/wp\/v2\/media\/247780"}],"wp:attachment":[{"href":"https:\/\/portalv1.com.br\/api\/wp\/v2\/media?parent=247777"}],"wp:term":[{"taxonomy":"category","embeddable":true,"href":"https:\/\/portalv1.com.br\/api\/wp\/v2\/categories?post=247777"},{"taxonomy":"post_tag","embeddable":true,"href":"https:\/\/portalv1.com.br\/api\/wp\/v2\/tags?post=247777"}],"curies":[{"name":"wp","href":"https:\/\/api.w.org\/{rel}","templated":true}]}}