{"id":248020,"date":"2025-11-10T16:14:29","date_gmt":"2025-11-10T19:14:29","guid":{"rendered":"https:\/\/portalv1.com.br\/?p=248020"},"modified":"2025-11-10T16:16:17","modified_gmt":"2025-11-10T19:16:17","slug":"tecnica-de-enfermagem-anna-nivea-ferreira-e-sepultada-em-valenca-do-piaui","status":"publish","type":"post","link":"https:\/\/portalv1.com.br\/tecnica-de-enfermagem-anna-nivea-ferreira-e-sepultada-em-valenca-do-piaui\/","title":{"rendered":"T\u00e9cnica de enfermagem Anna N\u00edvea Ferreira \u00e9 sepultada em Valen\u00e7a do Piau\u00ed"},"content":{"rendered":"\n<p>Foi sepultado nesta segunda-feira (10), em Valen\u00e7a do Piau\u00ed, o corpo da t\u00e9cnica de enfermagem Ana N\u00edvea Ferreira, que faleceu na tarde de domingo (9), aos 45 anos, v\u00edtima de um infarto.<\/p>\n\n\n\n<p>A not\u00edcia de sua morte causou profunda como\u00e7\u00e3o na cidade, onde era bastante conhecida e querida. Ana N\u00edvea passou mal em sua resid\u00eancia, chegou a ser socorrida e levada ao hospital, mas infelizmente n\u00e3o resistiu.<\/p>\n\n\n\n<p>Nas redes sociais, o irm\u00e3o, professor Reginaldo Ferry, prestou uma emocionante homenagem:<\/p>\n\n\n\n<p>\u201cOutra saudade acumulada em meu peito de uma outra m\u00e3e, Anna! Minha irm\u00e3, Deus te guiar\u00e1 com seu enorme cora\u00e7\u00e3o, que, ali\u00e1s, ontem transbordou de caridades. Obrigado a todos pelas mensagens de conforto. Ainda em choque por tudo e confiante que hei de entender os des\u00edgnios de Nosso Senhor Criador. Tristeza grande a minha\u201d, escreveu. Ana N\u00edvea era casada e deixa um filho.<\/p>\n\n\n\n<figure class=\"wp-block-image size-large\"><img loading=\"lazy\" decoding=\"async\" width=\"640\" height=\"960\" src=\"https:\/\/portalv1.com.br\/app\/wp-content\/uploads\/2025\/11\/581066441_1563075965049469_5225280853702531673_n-640x960.jpg\" alt=\"\" class=\"wp-image-248021\" srcset=\"https:\/\/portalv1.com.br\/app\/wp-content\/uploads\/2025\/11\/581066441_1563075965049469_5225280853702531673_n-640x960.jpg 640w, https:\/\/portalv1.com.br\/app\/wp-content\/uploads\/2025\/11\/581066441_1563075965049469_5225280853702531673_n-300x450.jpg 300w, https:\/\/portalv1.com.br\/app\/wp-content\/uploads\/2025\/11\/581066441_1563075965049469_5225280853702531673_n-768x1152.jpg 768w, https:\/\/portalv1.com.br\/app\/wp-content\/uploads\/2025\/11\/581066441_1563075965049469_5225280853702531673_n-1024x1536.jpg 1024w, https:\/\/portalv1.com.br\/app\/wp-content\/uploads\/2025\/11\/581066441_1563075965049469_5225280853702531673_n.jpg 1365w\" sizes=\"auto, (max-width: 640px) 100vw, 640px\" \/><\/figure>\n","protected":false},"excerpt":{"rendered":"<p>Foi sepultado nesta segunda-feira (10), em Valen\u00e7a do Piau\u00ed, o corpo da t\u00e9cnica de enfermagem Ana N\u00edvea Ferreira, que faleceu na tarde de domingo (9), aos 45 anos, v\u00edtima de&#8230;<\/p>\n","protected":false},"author":1,"featured_media":248022,"comment_status":"open","ping_status":"open","sticky":false,"template":"","format":"standard","meta":{"ngg_post_thumbnail":0,"footnotes":""},"categories":[243],"tags":[],"class_list":["post-248020","post","type-post","status-publish","format-standard","has-post-thumbnail","hentry","category-geral"],"views":1303,"meta_data":{"thumb":"https:\/\/portalv1.com.br\/app\/wp-content\/uploads\/2025\/11\/WhatsApp-Image-2025-11-10-at-16.15.24.jpeg","imagem":{"fullsize":{"url":"https:\/\/portalv1.com.br\/app\/wp-content\/uploads\/2025\/11\/WhatsApp-Image-2025-11-10-at-16.15.24.jpeg","width":1066,"height":965},"medium":{"url":"https:\/\/portalv1.com.br\/app\/wp-content\/uploads\/2025\/11\/WhatsApp-Image-2025-11-10-at-16.15.24-300x272.jpeg","width":300,"height":272},"large":{"url":"https:\/\/portalv1.com.br\/app\/wp-content\/uploads\/2025\/11\/WhatsApp-Image-2025-11-10-at-16.15.24-640x579.jpeg","width":640,"height":579},"thumbnail":{"url":"https:\/\/portalv1.com.br\/app\/wp-content\/uploads\/2025\/11\/WhatsApp-Image-2025-11-10-at-16.15.24-100x100.jpeg","width":100,"height":100},"medium_large":{"url":"https:\/\/portalv1.com.br\/app\/wp-content\/uploads\/2025\/11\/WhatsApp-Image-2025-11-10-at-16.15.24-768x695.jpeg","width":768,"height":695}},"data":{"simple":"10\/11\/2025","date_time":"10\/11\/2025 13:14:29","date":"h\u00e1 6 meses"},"chapeu":"LUTO","source":"slide"},"_links":{"self":[{"href":"https:\/\/portalv1.com.br\/api\/wp\/v2\/posts\/248020","targetHints":{"allow":["GET"]}}],"collection":[{"href":"https:\/\/portalv1.com.br\/api\/wp\/v2\/posts"}],"about":[{"href":"https:\/\/portalv1.com.br\/api\/wp\/v2\/types\/post"}],"author":[{"embeddable":true,"href":"https:\/\/portalv1.com.br\/api\/wp\/v2\/users\/1"}],"replies":[{"embeddable":true,"href":"https:\/\/portalv1.com.br\/api\/wp\/v2\/comments?post=248020"}],"version-history":[{"count":0,"href":"https:\/\/portalv1.com.br\/api\/wp\/v2\/posts\/248020\/revisions"}],"wp:featuredmedia":[{"embeddable":true,"href":"https:\/\/portalv1.com.br\/api\/wp\/v2\/media\/248022"}],"wp:attachment":[{"href":"https:\/\/portalv1.com.br\/api\/wp\/v2\/media?parent=248020"}],"wp:term":[{"taxonomy":"category","embeddable":true,"href":"https:\/\/portalv1.com.br\/api\/wp\/v2\/categories?post=248020"},{"taxonomy":"post_tag","embeddable":true,"href":"https:\/\/portalv1.com.br\/api\/wp\/v2\/tags?post=248020"}],"curies":[{"name":"wp","href":"https:\/\/api.w.org\/{rel}","templated":true}]}}