{"id":249130,"date":"2025-11-16T09:35:01","date_gmt":"2025-11-16T12:35:01","guid":{"rendered":"https:\/\/portalv1.com.br\/?p=249130"},"modified":"2025-11-16T09:35:01","modified_gmt":"2025-11-16T12:35:01","slug":"ex-juiza-de-valenca-do-piaui-assumira-a-associacao-dos-magistrados-piauienses","status":"publish","type":"post","link":"https:\/\/portalv1.com.br\/ex-juiza-de-valenca-do-piaui-assumira-a-associacao-dos-magistrados-piauienses\/","title":{"rendered":"Ex-ju\u00edza de Valen\u00e7a do Piau\u00ed assumir\u00e1 a Associa\u00e7\u00e3o dos Magistrados Piauienses"},"content":{"rendered":"\n<p>A ex-ju\u00edza de Valen\u00e7a do Piau\u00ed Keylla Ranyere Lopes Teixeira Proc\u00f3pio foi eleita presidente da Associa\u00e7\u00e3o dos Magistrados Piauienses (AMAPI) para o tri\u00eanio 2026\u20132028. A escolha ocorreu no processo eleitoral realizado entre 10 e 14 de novembro, que definiu a nova Diretoria Executiva e o Conselho Fiscal da entidade.<\/p>\n\n\n\n<p>A chapa \u201cMagistratura Forte, Justi\u00e7a Presente\u201d, \u00fanica inscrita, recebeu 98,46% dos votos v\u00e1lidos, equivalente a 80,08% do total de associados. Dos 241 magistrados aptos, 196 participaram da vota\u00e7\u00e3o.<\/p>\n\n\n\n<p>A presidente eleita afirmou que assume a fun\u00e7\u00e3o com responsabilidade e compromisso com a atua\u00e7\u00e3o institucional. \u201cRecebemos esta miss\u00e3o com senso de responsabilidade e gratid\u00e3o. A confian\u00e7a depositada pela magistratura piauiense reafirma nosso compromisso com uma AMAPI atuante, unida na defesa das prerrogativas, na valoriza\u00e7\u00e3o da carreira e na promo\u00e7\u00e3o de condi\u00e7\u00f5es adequadas para o exerc\u00edcio da jurisdi\u00e7\u00e3o. Seguiremos trabalhando por uma magistratura forte e por uma Justi\u00e7a mais pr\u00f3xima da sociedade\u201d, disse. A posse da nova Diretoria da AMAPI est\u00e1 marcada para o dia 6 de dezembro.<\/p>\n\n\n<figure class=\"wp-block-post-featured-image\"><img loading=\"lazy\" decoding=\"async\" width=\"1280\" height=\"1048\" src=\"https:\/\/portalv1.com.br\/app\/wp-content\/uploads\/2025\/11\/keyla.jpg\" class=\"attachment-post-thumbnail size-post-thumbnail wp-post-image\" alt=\"\" style=\"object-fit:cover;\" srcset=\"https:\/\/portalv1.com.br\/app\/wp-content\/uploads\/2025\/11\/keyla.jpg 1280w, https:\/\/portalv1.com.br\/app\/wp-content\/uploads\/2025\/11\/keyla-300x246.jpg 300w, https:\/\/portalv1.com.br\/app\/wp-content\/uploads\/2025\/11\/keyla-640x524.jpg 640w, https:\/\/portalv1.com.br\/app\/wp-content\/uploads\/2025\/11\/keyla-768x629.jpg 768w\" sizes=\"auto, (max-width: 1280px) 100vw, 1280px\" \/><\/figure>\n\n\n<p>Fonte: cidadeverde.com<\/p>\n","protected":false},"excerpt":{"rendered":"<p>A ex-ju\u00edza de Valen\u00e7a do Piau\u00ed Keylla Ranyere Lopes Teixeira Proc\u00f3pio foi eleita presidente da Associa\u00e7\u00e3o dos Magistrados Piauienses (AMAPI) para o tri\u00eanio 2026\u20132028. A escolha ocorreu no processo eleitoral&#8230;<\/p>\n","protected":false},"author":1,"featured_media":249131,"comment_status":"open","ping_status":"open","sticky":false,"template":"","format":"standard","meta":{"ngg_post_thumbnail":0,"footnotes":""},"categories":[243],"tags":[],"class_list":["post-249130","post","type-post","status-publish","format-standard","has-post-thumbnail","hentry","category-geral"],"views":404,"meta_data":{"thumb":"https:\/\/portalv1.com.br\/app\/wp-content\/uploads\/2025\/11\/keyla.jpg","imagem":{"fullsize":{"url":"https:\/\/portalv1.com.br\/app\/wp-content\/uploads\/2025\/11\/keyla.jpg","width":1280,"height":1048},"medium":{"url":"https:\/\/portalv1.com.br\/app\/wp-content\/uploads\/2025\/11\/keyla-300x246.jpg","width":300,"height":246},"large":{"url":"https:\/\/portalv1.com.br\/app\/wp-content\/uploads\/2025\/11\/keyla-640x524.jpg","width":640,"height":524},"thumbnail":{"url":"https:\/\/portalv1.com.br\/app\/wp-content\/uploads\/2025\/11\/keyla-100x100.jpg","width":100,"height":100},"medium_large":{"url":"https:\/\/portalv1.com.br\/app\/wp-content\/uploads\/2025\/11\/keyla-768x629.jpg","width":768,"height":629}},"data":{"simple":"16\/11\/2025","date_time":"16\/11\/2025 06:35:01","date":"h\u00e1 5 meses"},"chapeu":"Saiba mais","source":"m_destacada"},"_links":{"self":[{"href":"https:\/\/portalv1.com.br\/api\/wp\/v2\/posts\/249130","targetHints":{"allow":["GET"]}}],"collection":[{"href":"https:\/\/portalv1.com.br\/api\/wp\/v2\/posts"}],"about":[{"href":"https:\/\/portalv1.com.br\/api\/wp\/v2\/types\/post"}],"author":[{"embeddable":true,"href":"https:\/\/portalv1.com.br\/api\/wp\/v2\/users\/1"}],"replies":[{"embeddable":true,"href":"https:\/\/portalv1.com.br\/api\/wp\/v2\/comments?post=249130"}],"version-history":[{"count":0,"href":"https:\/\/portalv1.com.br\/api\/wp\/v2\/posts\/249130\/revisions"}],"wp:featuredmedia":[{"embeddable":true,"href":"https:\/\/portalv1.com.br\/api\/wp\/v2\/media\/249131"}],"wp:attachment":[{"href":"https:\/\/portalv1.com.br\/api\/wp\/v2\/media?parent=249130"}],"wp:term":[{"taxonomy":"category","embeddable":true,"href":"https:\/\/portalv1.com.br\/api\/wp\/v2\/categories?post=249130"},{"taxonomy":"post_tag","embeddable":true,"href":"https:\/\/portalv1.com.br\/api\/wp\/v2\/tags?post=249130"}],"curies":[{"name":"wp","href":"https:\/\/api.w.org\/{rel}","templated":true}]}}