{"id":24963,"date":"2016-11-17T11:35:25","date_gmt":"2016-11-17T14:35:25","guid":{"rendered":"https:\/\/portalv1.com.br\/?p=24963"},"modified":"2016-11-17T11:35:26","modified_gmt":"2016-11-17T14:35:26","slug":"salao-do-livro-de-valenca-comeca-dia-2311-veja-programacao","status":"publish","type":"post","link":"https:\/\/portalv1.com.br\/salao-do-livro-de-valenca-comeca-dia-2311-veja-programacao\/","title":{"rendered":"Sal\u00e3o do Livro de Valen\u00e7a come\u00e7a dia 23\/11. Veja programa\u00e7\u00e3o"},"content":{"rendered":"<figure id=\"attachment_24964\" aria-describedby=\"caption-attachment-24964\" style=\"width: 640px\" class=\"wp-caption aligncenter\"><a href=\"https:\/\/portalv1.com.br\/app\/wp-content\/uploads\/2016\/11\/saliva.jpg\"><img loading=\"lazy\" decoding=\"async\" class=\"size-large wp-image-24964\" src=\"https:\/\/portalv1.com.br\/app\/wp-content\/uploads\/2016\/11\/saliva-640x453.jpg\" alt=\"Sal\u00e3o do Livro de Valen\u00e7a \" width=\"640\" height=\"453\" srcset=\"https:\/\/portalv1.com.br\/app\/wp-content\/uploads\/2016\/11\/saliva.jpg 640w, https:\/\/portalv1.com.br\/app\/wp-content\/uploads\/2016\/11\/saliva-300x212.jpg 300w\" sizes=\"auto, (max-width: 640px) 100vw, 640px\" \/><\/a><figcaption id=\"caption-attachment-24964\" class=\"wp-caption-text\">Sal\u00e3o do Livro de Valen\u00e7a<\/figcaption><\/figure>\n<p>Ser\u00e1 realizada de 23 a 26 de novembro, a 8\u00aa Edi\u00e7\u00e3o do Sal\u00e3o do Livro de Valen\u00e7a do Piau\u00ed (SALIVA). O evento cultural ser\u00e1 realizado no Col\u00e9gio Santo Ant\u00f4nio com grandes nomes da literatura brasileira e astros como o sambista Martinho da Vila que esse ano lan\u00e7ou seu 14\u00ba livro intitulado de \u201cBarras, vilas e amores\u201d e Gabriel o Pensador autor de livros como Di\u00e1rio Noturno, e os infantis Um Garoto Chamado Rorbeto e Meu Pequeno Rubro-Negro.<\/p>\n<p>Um dos padrinhos do Saliva, o escritor Salgado Maranh\u00e3o, assim como Luiz Romero e Cineas Santos, al\u00e9m da jornalista Maia Veloso\u00a0 tamb\u00e9m est\u00e3o confirmados no Sal\u00e3o do Livro de Valen\u00e7a, assim como os escritores \u00a0Jasmine Malta, Gustavo Lacombe, Eneas Barros, Wald\u00edlio Siso, Marcos Vilhena, Danny Barradas, Jos\u00e9 de Nicola, Thiago E e Elmo de Souza.<\/p>\n<p>Esse ano o patrono \u00e9 o poeta valenciano Ulisses Pereira e os homenageados ser\u00e3o Manoel de Barros, Ant\u00f4nio Houaiss e Mestre Dezinho.<\/p>\n<p>Assim como nos anos anteriores, a programa\u00e7\u00e3o do Saliva reserva muitas outras atra\u00e7\u00f5es paralelas como apresenta\u00e7\u00f5es culturais, feiras e shows com os humoristas Dirceu Andrade e Jo\u00e3o Claudio e as bandas Top Gun, Banda Requinte, Jackie Tequila, Janela Lateral, Gonzaga Lu e Trio Asa Branca, Beth Moreno, Vav\u00e1 Ribeiro e Fernando Rocha, Pocket Show com a Banda Madalena Soul e In The Clouds.\u00a0<a href=\"http:\/\/www.salivapi.com.br\/\">Fa\u00e7a sua inscri\u00e7\u00e3o aqui.<\/a><\/p>\n<p>A realiza\u00e7\u00e3o \u00e9 da Secretaria de Estado de Cultura do Piau\u00ed, Associa\u00e7\u00e3o de Diletantes da Cultura Hist\u00f3rica Valenciana, Funda\u00e7\u00e3o Quixote e Universidade Federal do Piau\u00ed com apoio do Sistema de Incentivo Estadual \u00e0 Cultura, 7\u00aa GRE, SEDUC, CCOM e Governo do Estado. A coordena\u00e7\u00e3o do evento \u00e9 do professor K\u00e1ssio Gomes. \u00a0<a href=\"https:\/\/portalv1.com.br\/app\/wp-content\/uploads\/2016\/11\/CLIQUE-AQUI-E-VEJA-A-PROGRMACAO-COMPLETA.pdf\">clique-aqui-e-veja-a-progrmacao-completa<\/a><\/p>\n<p>&nbsp;<\/p>\n","protected":false},"excerpt":{"rendered":"<p>Ser\u00e1 realizada de 23 a 26 de novembro, a 8\u00aa Edi\u00e7\u00e3o do Sal\u00e3o do Livro de Valen\u00e7a do Piau\u00ed (SALIVA). O evento cultural ser\u00e1 realizado no Col\u00e9gio Santo Ant\u00f4nio com&#8230;<\/p>\n","protected":false},"author":1,"featured_media":24964,"comment_status":"open","ping_status":"open","sticky":false,"template":"","format":"standard","meta":{"ngg_post_thumbnail":0,"footnotes":""},"categories":[12],"tags":[],"class_list":["post-24963","post","type-post","status-publish","format-standard","has-post-thumbnail","hentry","category-valenca-news"],"views":1107,"meta_data":{"thumb":"https:\/\/portalv1.com.br\/app\/wp-content\/uploads\/2016\/11\/saliva.jpg","imagem":{"fullsize":{"url":"https:\/\/portalv1.com.br\/app\/wp-content\/uploads\/2016\/11\/saliva.jpg","width":640,"height":453},"thumbnail":{"url":"https:\/\/portalv1.com.br\/app\/wp-content\/uploads\/2016\/11\/saliva-100x100.jpg","width":100,"height":100},"medium":{"url":"https:\/\/portalv1.com.br\/app\/wp-content\/uploads\/2016\/11\/saliva-300x212.jpg","width":300,"height":212},"large":{"url":"https:\/\/portalv1.com.br\/app\/wp-content\/uploads\/2016\/11\/saliva-640x453.jpg","width":640,"height":453}},"data":{"simple":"17\/11\/2016","date_time":"17\/11\/2016 08:35:25","date":"h\u00e1 9 anos"},"chapeu":"SALIVA ","source":"slide"},"_links":{"self":[{"href":"https:\/\/portalv1.com.br\/api\/wp\/v2\/posts\/24963","targetHints":{"allow":["GET"]}}],"collection":[{"href":"https:\/\/portalv1.com.br\/api\/wp\/v2\/posts"}],"about":[{"href":"https:\/\/portalv1.com.br\/api\/wp\/v2\/types\/post"}],"author":[{"embeddable":true,"href":"https:\/\/portalv1.com.br\/api\/wp\/v2\/users\/1"}],"replies":[{"embeddable":true,"href":"https:\/\/portalv1.com.br\/api\/wp\/v2\/comments?post=24963"}],"version-history":[{"count":0,"href":"https:\/\/portalv1.com.br\/api\/wp\/v2\/posts\/24963\/revisions"}],"wp:featuredmedia":[{"embeddable":true,"href":"https:\/\/portalv1.com.br\/api\/wp\/v2\/media\/24964"}],"wp:attachment":[{"href":"https:\/\/portalv1.com.br\/api\/wp\/v2\/media?parent=24963"}],"wp:term":[{"taxonomy":"category","embeddable":true,"href":"https:\/\/portalv1.com.br\/api\/wp\/v2\/categories?post=24963"},{"taxonomy":"post_tag","embeddable":true,"href":"https:\/\/portalv1.com.br\/api\/wp\/v2\/tags?post=24963"}],"curies":[{"name":"wp","href":"https:\/\/api.w.org\/{rel}","templated":true}]}}