{"id":250387,"date":"2025-11-24T15:37:52","date_gmt":"2025-11-24T18:37:52","guid":{"rendered":"https:\/\/portalv1.com.br\/?p=250387"},"modified":"2025-11-24T15:37:52","modified_gmt":"2025-11-24T18:37:52","slug":"radialista-chico-costa-e-eleito-para-o-conselho-fiscal-da-abrace","status":"publish","type":"post","link":"https:\/\/portalv1.com.br\/radialista-chico-costa-e-eleito-para-o-conselho-fiscal-da-abrace\/","title":{"rendered":"Radialista Chico Costa \u00e9 eleito para o Conselho Fiscal da ABRACE"},"content":{"rendered":"\n<p>O radialista Chico Costa presidente da Associa\u00e7\u00e3o Profissional dos Cronistas Desportivos do Estado do Piau\u00ed (APCDEP), foi eleito na manh\u00e3 desta segunda-feira (24) membro do Conselho Fiscal da Associa\u00e7\u00e3o Brasileira de Cronistas Esportivos (ABRACE).<\/p>\n\n\n\n<p>A elei\u00e7\u00e3o contou com a participa\u00e7\u00e3o de 21 Estados aptos a votar, e a chapa \u201cAbrace Forte\u201d, liderada pelo atual presidente Artur Eug\u00eanio, conquistou 20 votos, consolidando ampla aprova\u00e7\u00e3o.<\/p>\n\n\n\n<p>Com o resultado, Chico Costa passa a integrar um dos colegiados mais importantes da entidade nacional que representa profissionais de imprensa esportiva, fortalecendo a participa\u00e7\u00e3o do Piau\u00ed no cen\u00e1rio da cr\u00f4nica esportiva brasileira.<\/p>\n\n\n\n<p>CONFIRA A DIRETORIA ELEITA DA ABRACE PARA O QUADRI\u00caNIO 2025\/2029<\/p>\n\n\n\n<p>Presidente: Artur Eug\u00eanio Mathias (S\u00e3o Paulo)<\/p>\n\n\n\n<p>1\u00ba Vice-Presidente: Ant\u00f4nio Coca (Mato Grosso do Sul)<\/p>\n\n\n\n<p>2\u00ba Vice-Presidente: Jair Oliveira (Esp\u00edrito Santo)<\/p>\n\n\n\n<p><strong>Conselho Fiscal:<\/strong><\/p>\n\n\n\n<p>Chico Costa (Piau\u00ed)<\/p>\n\n\n\n<p>Edinho Campos (S\u00e3o Paulo)<\/p>\n\n\n\n<p>Jos\u00e9 Mira (Santa Catarina)<\/p>\n\n\n\n<p>Oni Bob (Para\u00edba)<\/p>\n\n\n\n<p>Jos\u00e9 Carlos da Silva (Para\u00edba)<\/p>\n\n\n\n<p>Fernando Cedrim (Alagoas)<\/p>\n\n\n<figure class=\"wp-block-post-featured-image\"><img loading=\"lazy\" decoding=\"async\" width=\"1280\" height=\"720\" src=\"https:\/\/portalv1.com.br\/app\/wp-content\/uploads\/2025\/11\/chico-costa-t.jpg\" class=\"attachment-post-thumbnail size-post-thumbnail wp-post-image\" alt=\"\" style=\"object-fit:cover;\" srcset=\"https:\/\/portalv1.com.br\/app\/wp-content\/uploads\/2025\/11\/chico-costa-t.jpg 1280w, https:\/\/portalv1.com.br\/app\/wp-content\/uploads\/2025\/11\/chico-costa-t-300x169.jpg 300w, https:\/\/portalv1.com.br\/app\/wp-content\/uploads\/2025\/11\/chico-costa-t-640x360.jpg 640w, https:\/\/portalv1.com.br\/app\/wp-content\/uploads\/2025\/11\/chico-costa-t-768x432.jpg 768w\" sizes=\"auto, (max-width: 1280px) 100vw, 1280px\" \/><\/figure>","protected":false},"excerpt":{"rendered":"<p>O radialista Chico Costa presidente da Associa\u00e7\u00e3o Profissional dos Cronistas Desportivos do Estado do Piau\u00ed (APCDEP), foi eleito na manh\u00e3 desta segunda-feira (24) membro do Conselho Fiscal da Associa\u00e7\u00e3o Brasileira&#8230;<\/p>\n","protected":false},"author":1,"featured_media":250388,"comment_status":"open","ping_status":"open","sticky":false,"template":"","format":"standard","meta":{"ngg_post_thumbnail":0,"footnotes":""},"categories":[243],"tags":[],"class_list":["post-250387","post","type-post","status-publish","format-standard","has-post-thumbnail","hentry","category-geral"],"views":82,"meta_data":{"thumb":"https:\/\/portalv1.com.br\/app\/wp-content\/uploads\/2025\/11\/chico-costa-t.jpg","imagem":{"fullsize":{"url":"https:\/\/portalv1.com.br\/app\/wp-content\/uploads\/2025\/11\/chico-costa-t.jpg","width":1280,"height":720},"medium":{"url":"https:\/\/portalv1.com.br\/app\/wp-content\/uploads\/2025\/11\/chico-costa-t-300x169.jpg","width":300,"height":169},"large":{"url":"https:\/\/portalv1.com.br\/app\/wp-content\/uploads\/2025\/11\/chico-costa-t-640x360.jpg","width":640,"height":360},"thumbnail":{"url":"https:\/\/portalv1.com.br\/app\/wp-content\/uploads\/2025\/11\/chico-costa-t-100x100.jpg","width":100,"height":100},"medium_large":{"url":"https:\/\/portalv1.com.br\/app\/wp-content\/uploads\/2025\/11\/chico-costa-t-768x432.jpg","width":768,"height":432}},"data":{"simple":"24\/11\/2025","date_time":"24\/11\/2025 12:37:52","date":"h\u00e1 5 meses"},"chapeu":"Veja detalhes ","source":"slide"},"_links":{"self":[{"href":"https:\/\/portalv1.com.br\/api\/wp\/v2\/posts\/250387","targetHints":{"allow":["GET"]}}],"collection":[{"href":"https:\/\/portalv1.com.br\/api\/wp\/v2\/posts"}],"about":[{"href":"https:\/\/portalv1.com.br\/api\/wp\/v2\/types\/post"}],"author":[{"embeddable":true,"href":"https:\/\/portalv1.com.br\/api\/wp\/v2\/users\/1"}],"replies":[{"embeddable":true,"href":"https:\/\/portalv1.com.br\/api\/wp\/v2\/comments?post=250387"}],"version-history":[{"count":0,"href":"https:\/\/portalv1.com.br\/api\/wp\/v2\/posts\/250387\/revisions"}],"wp:featuredmedia":[{"embeddable":true,"href":"https:\/\/portalv1.com.br\/api\/wp\/v2\/media\/250388"}],"wp:attachment":[{"href":"https:\/\/portalv1.com.br\/api\/wp\/v2\/media?parent=250387"}],"wp:term":[{"taxonomy":"category","embeddable":true,"href":"https:\/\/portalv1.com.br\/api\/wp\/v2\/categories?post=250387"},{"taxonomy":"post_tag","embeddable":true,"href":"https:\/\/portalv1.com.br\/api\/wp\/v2\/tags?post=250387"}],"curies":[{"name":"wp","href":"https:\/\/api.w.org\/{rel}","templated":true}]}}