{"id":25094,"date":"2016-12-12T13:21:56","date_gmt":"2016-12-12T16:21:56","guid":{"rendered":"https:\/\/portalv1.com.br\/?p=25094"},"modified":"2016-12-12T13:21:56","modified_gmt":"2016-12-12T16:21:56","slug":"diplomacao-em-valenca-sera-nesta-quinta-veja-relacao","status":"publish","type":"post","link":"https:\/\/portalv1.com.br\/diplomacao-em-valenca-sera-nesta-quinta-veja-relacao\/","title":{"rendered":"Diploma\u00e7\u00e3o em Valen\u00e7a ser\u00e1 nesta quinta. Veja rela\u00e7\u00e3o"},"content":{"rendered":"<figure id=\"attachment_25095\" aria-describedby=\"caption-attachment-25095\" style=\"width: 640px\" class=\"wp-caption aligncenter\"><a href=\"https:\/\/portalv1.com.br\/app\/wp-content\/uploads\/2016\/12\/DSC3314.jpg\"><img loading=\"lazy\" decoding=\"async\" class=\"size-large wp-image-25095\" src=\"https:\/\/portalv1.com.br\/app\/wp-content\/uploads\/2016\/12\/DSC3314-640x427.jpg\" alt=\"\" width=\"640\" height=\"427\" srcset=\"https:\/\/portalv1.com.br\/app\/wp-content\/uploads\/2016\/12\/DSC3314.jpg 640w, https:\/\/portalv1.com.br\/app\/wp-content\/uploads\/2016\/12\/DSC3314-300x200.jpg 300w\" sizes=\"auto, (max-width: 640px) 100vw, 640px\" \/><\/a><figcaption id=\"caption-attachment-25095\" class=\"wp-caption-text\">Audit\u00f3rio Padre Raimundo Marques no Col\u00e9gio Santo Ant\u00f4nio<\/figcaption><\/figure>\n<p>A 18\u00aa Zona Eleitoral representada pelas cidades de Valen\u00e7a, Lagoa do Sitio e Novo Oriente empossar\u00e1 nesta quinta-feira, 15 de dezembro, os 35 candidatos eleitos no m\u00eas de outubro ultimo.<\/p>\n<p>A solenidade de diploma\u00e7\u00e3o, que antes estava agendada para o poliesportivo do bairro Vale-verde foi confirmada para o audit\u00f3rio do Col\u00e9gio Santo Ant\u00f4nio.<\/p>\n<p>A solenidade que ser\u00e1 presidida pela ju\u00edza eleitoral Dr\u00aa Keylla Proc\u00f3pio est\u00e1 marcada para as 19h. Esse ano, a Justi\u00e7a Eleitoral n\u00e3o ir\u00e1 diplomar os suplentes. Depois da diploma\u00e7\u00e3o os candidatos estar\u00e3o aptos para a solenidade de posse que acontece dia 1\u00ba de janeiro.<\/p>\n<p>De acordo com o advogado Dr. Jos\u00e9 Maria, o vereador Benoni Sousa que teve suas contas reprovadas pela Justi\u00e7a Eleitoral deve receber seu diploma uma vez que dificilmente o TRE-PI julgar\u00e1 esse processo at\u00e9 essa quinta-feira.<\/p>\n<p>Ap\u00f3s esse processo de diploma\u00e7\u00e3o a expectativa se volta para a disputa pela presid\u00eancia da C\u00e2mara de vereadores. De acordo com as primeiras movimenta\u00e7\u00f5es, o vereador Nonatim Soares j\u00e1 se articula para a disputa do Poder Legislativo.<\/p>\n<p>Outra expectativa \u00e9 pela nomea\u00e7\u00e3o do secretariado, curiosamente as especula\u00e7\u00f5es n\u00e3o giram em torno da base da prefeita eleita que disp\u00f5e de v\u00e1rios nomes, mais sim pela presen\u00e7a de candidatos que fizeram oposi\u00e7\u00e3o a chapa eleita. Ap\u00f3s a elei\u00e7\u00e3o muitos juram de p\u00e9 juntos que teve candidatos que se venderam (como diz a g\u00edria popular) em troca de secretarias municipais.<\/p>\n<p><strong>Veja lista dos eleitos na 18\u00aa Zona Eleitoral<\/strong><\/p>\n<p>&nbsp;<\/p>\n<p><strong>Valen\u00e7a Prefeito e vice<\/strong><\/p>\n<p>Cei\u00e7a Dias e Benedito Gomes<\/p>\n<p><strong>Vereadores<\/strong><\/p>\n<p>Francisca Iris<\/p>\n<p>Leonardo Nogueira<\/p>\n<p>Stenio Rommel<\/p>\n<p>Rubens Alencar<\/p>\n<p>Benoni Sousa<\/p>\n<p>Ariana Rosa<\/p>\n<p>Nonatim Soares<\/p>\n<p>Leilivan Martins<\/p>\n<p>Maria de Fatima<\/p>\n<p>Lucivaldo Monteiro<\/p>\n<p>Rayonardo Mendes<\/p>\n<p><strong>Lagoa do Sitio<\/strong><\/p>\n<p><strong>Prefeito e vice<\/strong><\/p>\n<p>Ant\u00f4nio Ditoso e Vanessa Helena<\/p>\n<p><strong>Vereadores <\/strong><\/p>\n<p>Genival Bezerra<\/p>\n<p>Itamar Reis<\/p>\n<p>Ant\u00f4nio Jos\u00e9<\/p>\n<p>Chico do Valdemar<\/p>\n<p>Moura Matildes<\/p>\n<p>Marcelo Silva<\/p>\n<p>Francisco Melo<\/p>\n<p>Pedro Paulo<\/p>\n<p>Flavia Miguel<\/p>\n<p><strong>Novo Oriente<\/strong><\/p>\n<p><strong>Prefeito e vice<\/strong><\/p>\n<p>Arnilton Nogueira e Maria do Socorro<\/p>\n<p><strong>Vereadores <\/strong><\/p>\n<p>Jaquelyne Nunes<\/p>\n<p>Maria Gilmara<\/p>\n<p>Washington Ferreira<\/p>\n<p>Manoel Messias<\/p>\n<p>Luis Lopes<\/p>\n<p>Agostinho Lopes<\/p>\n<p>Jos\u00e9 Nilton<\/p>\n<p>Jos\u00e9 Ferreira<\/p>\n<p>Emerson Gomes<\/p>\n","protected":false},"excerpt":{"rendered":"<p>A 18\u00aa Zona Eleitoral representada pelas cidades de Valen\u00e7a, Lagoa do Sitio e Novo Oriente empossar\u00e1 nesta quinta-feira, 15 de dezembro, os 35 candidatos eleitos no m\u00eas de outubro ultimo&#8230;.<\/p>\n","protected":false},"author":1,"featured_media":25095,"comment_status":"open","ping_status":"open","sticky":false,"template":"","format":"standard","meta":{"ngg_post_thumbnail":0,"footnotes":""},"categories":[12],"tags":[],"class_list":["post-25094","post","type-post","status-publish","format-standard","has-post-thumbnail","hentry","category-valenca-news"],"views":862,"meta_data":{"thumb":"https:\/\/portalv1.com.br\/app\/wp-content\/uploads\/2016\/12\/DSC3314.jpg","imagem":{"fullsize":{"url":"https:\/\/portalv1.com.br\/app\/wp-content\/uploads\/2016\/12\/DSC3314.jpg","width":640,"height":427},"thumbnail":{"url":"https:\/\/portalv1.com.br\/app\/wp-content\/uploads\/2016\/12\/DSC3314-100x100.jpg","width":100,"height":100},"medium":{"url":"https:\/\/portalv1.com.br\/app\/wp-content\/uploads\/2016\/12\/DSC3314-300x200.jpg","width":300,"height":200},"large":{"url":"https:\/\/portalv1.com.br\/app\/wp-content\/uploads\/2016\/12\/DSC3314-640x427.jpg","width":640,"height":427}},"data":{"simple":"12\/12\/2016","date_time":"12\/12\/2016 10:21:56","date":"h\u00e1 9 anos"},"chapeu":"Justi\u00e7a Eleitoral","source":"slide"},"_links":{"self":[{"href":"https:\/\/portalv1.com.br\/api\/wp\/v2\/posts\/25094","targetHints":{"allow":["GET"]}}],"collection":[{"href":"https:\/\/portalv1.com.br\/api\/wp\/v2\/posts"}],"about":[{"href":"https:\/\/portalv1.com.br\/api\/wp\/v2\/types\/post"}],"author":[{"embeddable":true,"href":"https:\/\/portalv1.com.br\/api\/wp\/v2\/users\/1"}],"replies":[{"embeddable":true,"href":"https:\/\/portalv1.com.br\/api\/wp\/v2\/comments?post=25094"}],"version-history":[{"count":0,"href":"https:\/\/portalv1.com.br\/api\/wp\/v2\/posts\/25094\/revisions"}],"wp:featuredmedia":[{"embeddable":true,"href":"https:\/\/portalv1.com.br\/api\/wp\/v2\/media\/25095"}],"wp:attachment":[{"href":"https:\/\/portalv1.com.br\/api\/wp\/v2\/media?parent=25094"}],"wp:term":[{"taxonomy":"category","embeddable":true,"href":"https:\/\/portalv1.com.br\/api\/wp\/v2\/categories?post=25094"},{"taxonomy":"post_tag","embeddable":true,"href":"https:\/\/portalv1.com.br\/api\/wp\/v2\/tags?post=25094"}],"curies":[{"name":"wp","href":"https:\/\/api.w.org\/{rel}","templated":true}]}}