{"id":25122,"date":"2016-12-14T19:54:08","date_gmt":"2016-12-14T22:54:08","guid":{"rendered":"https:\/\/portalv1.com.br\/?p=25122"},"modified":"2016-12-18T13:05:02","modified_gmt":"2016-12-18T16:05:02","slug":"justica-eleitoral-cassa-17-candidatos-a-vereadores-de-valenca","status":"publish","type":"post","link":"https:\/\/portalv1.com.br\/justica-eleitoral-cassa-17-candidatos-a-vereadores-de-valenca\/","title":{"rendered":"Justi\u00e7a Eleitoral cassa 17 candidatos a vereadores de Valen\u00e7a"},"content":{"rendered":"<figure id=\"attachment_24308\" aria-describedby=\"caption-attachment-24308\" style=\"width: 640px\" class=\"wp-caption aligncenter\"><a href=\"https:\/\/portalv1.com.br\/app\/wp-content\/uploads\/2016\/08\/DSC_0761.jpg\"><img loading=\"lazy\" decoding=\"async\" class=\"size-large wp-image-24308\" src=\"https:\/\/portalv1.com.br\/app\/wp-content\/uploads\/2016\/08\/DSC_0761-640x427.jpg\" alt=\"\" width=\"640\" height=\"427\" srcset=\"https:\/\/portalv1.com.br\/app\/wp-content\/uploads\/2016\/08\/DSC_0761.jpg 640w, https:\/\/portalv1.com.br\/app\/wp-content\/uploads\/2016\/08\/DSC_0761-300x200.jpg 300w\" sizes=\"auto, (max-width: 640px) 100vw, 640px\" \/><\/a><figcaption id=\"caption-attachment-24308\" class=\"wp-caption-text\">Ju\u00edza eleitoral Dr\u00aa Keylla Proc\u00f3pio<\/figcaption><\/figure>\n<p>A ju\u00edza eleitoral Dr\u00aa Keylla Proc\u00f3pio anulou nesta quarta-feira, 14 de dezembro, os votos dados aos candidatos a vereadores Assis Torres, Jeov\u00e1 Bonfim, Osmar Alves, Pedro da Tranqueira, Raimundo Branc\u00e3o, Neide Rosa, Ivaltania Nogueira, Jos\u00e9 Gomes, Manin Lima, At\u00eancio Queiroga, Cicero da Rodovi\u00e1ria, Carlos Augusto, Professor Toinho, Raimundo Xavier, Ge\u00f3rgia Lima Verde, Maria Eugenia e Magali Silva das coliga\u00e7\u00f5es Compromisso com Valen\u00e7a I e II que deu sustenta\u00e7\u00e3o a candidatura da vereadora Cei\u00e7a Dias a prefeita de Valen\u00e7a.<\/p>\n<p>A decis\u00e3o foi tomada ap\u00f3s a ju\u00edza julgar procedente a A\u00e7\u00e3o de Investiga\u00e7\u00e3o Judicial Eleitoral (AIJE) impetrada pela coliga\u00e7\u00e3o Nossa Uni\u00e3o \u00e9 com Povo (Liduina Alencar), que alegava que as coliga\u00e7\u00f5es apresentaram candidatas do sexo feminino apenas para preencher a cota de 30% exigida pela legisla\u00e7\u00e3o.<\/p>\n<p>Em sua decis\u00e3o, a magistrada reconheceu a fraude e considerou apenas duas candidaturas femininas e quatro masculinas na coliga\u00e7\u00e3o Compromisso com Valen\u00e7a I. \u201cNesta oportunidade e assim considerados v\u00e1lidos apenas os votos dados a 06 candidatos da Coliga\u00e7\u00e3o Compromisso com Valen\u00e7a I, Francisca Gerlandi da Silva L\u00e1zaro, Maria de F\u00e1tima Bezerra de Sousa Caetano, Leonardo Nogueira Pereira, St\u00eanio Rommel da Cruz Cerqueira, Renato Francisco Batista e Francisco Nunes da Costa Neto\u201d disse.<\/p>\n<p>A mesma senten\u00e7a foi dada a coliga\u00e7\u00e3o Compromisso com Valen\u00e7a II. \u201cNa Coliga\u00e7\u00e3o Compromisso com Valen\u00e7a II, nos mesmos moldes, seriam considerados v\u00e1lidos os votos de 06 candidatos, as duas candidatas que efetivamente o foram, Ariana Maria de Carvalho Rosa e Maria Luisa de Sousa, e os quatro candidatos mais votados a saber Benoni Jos\u00e9 de Sousa, Raimundo Nonato Soares Lima, Wilton Nunes Ferreira e Leonardo Nunes Evelin Rodrigues\u201d sentenciou.<\/p>\n<p>Dr\u00aa Keylla Proc\u00f3pio lembrou que nas reuni\u00f5es com as coliga\u00e7\u00f5es havia dito que a Justi\u00e7a seria en\u00e9rgica nesses casos. \u201cEsta magistrada durante as reuni\u00f5es preparat\u00f3rias para o pleito realizadas nesta 18.\u00aa Zona Eleitoral foi bem enf\u00e1tica quanto \u00e0 necessidade de obedi\u00eancia ao percentual de g\u00eanero. Rogando que as candidaturas das mulheres n\u00e3o fossem apenas figurativas e lembrando que a justi\u00e7a eleitoral seria en\u00e9rgica ao apurar fraudes desta natureza\u201d lembrou.<\/p>\n<p>O advogado Dr. Wallyson Soares que atua na a\u00e7\u00e3o juntamente com os advogados Dr. Luis Francivando e Dr. Jos\u00e9 Maria comemorou a decis\u00e3o. \u201cA decis\u00e3o da ju\u00edza foi important\u00edssima, por que j\u00e1 reconheceu a fraude. Foram cassados 17 pessoas, anulou 1413 votos, e dever\u00e1 recalcular o coeficiente eleitoral, decidiu tamb\u00e9m pela inelegibidade de 08 anos, improbidade para os candidatos servidores p\u00fablicos e outras apura\u00e7\u00f5es para poss\u00edveis san\u00e7\u00f5es. Isso ap\u00f3s o tr\u00e2nsito em julgado\u201d disse.<\/p>\n<p>Vale lembrar que essa decis\u00e3o n\u00e3o muda a diploma\u00e7\u00e3o de Valen\u00e7a marcada para \u00e0s 19h dessa quinta-feira (15), num entanto em se confirmado essa decis\u00e3o, a ordem dos eleitos ser\u00e1 mudada, ap\u00f3s a recontagem que ser\u00e1 feita sem a presen\u00e7a desses 17 candidatos ou seja quem receber seu diploma nesta quinta-feira n\u00e3o t\u00eam a garantia que tomar\u00e1 posse no dia 1\u00ba de janeiro.<\/p>\n<p>Em conversa com o Portalv1, o advogado Dr. Wallyson Soares afirmou que entrar\u00e1 com dois pedidos na Justi\u00e7a Eleitoral um para impedir a diploma\u00e7\u00e3o e outro para tamb\u00e9m anular os votos dados aos candidatos majorit\u00e1rios Cei\u00e7a Dias e Benedito Gomes. Para o advogado n\u00e3o tem como separar os dois das duas coliga\u00e7\u00f5es.<\/p>\n<p>J\u00e1 a ju\u00edza eleitoral Dr\u00aa Keylla Proc\u00f3pio disse agora pouco ao Portalv1, que a decis\u00e3o reflete a nova legisla\u00e7\u00e3o eleitoral. Ela lembrou que a decis\u00e3o de Valen\u00e7a, mesmo sendo pioneira no Brasil obedece \u00e0 legisla\u00e7\u00e3o e que ir\u00e1 esperar os pr\u00f3ximos dias, uma vez, que a decis\u00e3o cabe recurso. J\u00e1 em rela\u00e7\u00e3o \u00e0 solenidade dessa quinta-feira, a magistrada afirmou que ela est\u00e1 mantida.\u00a0<a href=\"https:\/\/portalv1.com.br\/app\/wp-content\/uploads\/2016\/12\/VEJA-A-DECISAO.pdf\">VEJA A DECISAO<\/a><\/p>\n<p>&nbsp;<\/p>\n","protected":false},"excerpt":{"rendered":"<p>A ju\u00edza eleitoral Dr\u00aa Keylla Proc\u00f3pio anulou nesta quarta-feira, 14 de dezembro, os votos dados aos candidatos a vereadores Assis Torres, Jeov\u00e1 Bonfim, Osmar Alves, Pedro da Tranqueira, Raimundo Branc\u00e3o,&#8230;<\/p>\n","protected":false},"author":1,"featured_media":24308,"comment_status":"open","ping_status":"open","sticky":false,"template":"","format":"standard","meta":{"ngg_post_thumbnail":0,"footnotes":""},"categories":[12],"tags":[],"class_list":["post-25122","post","type-post","status-publish","format-standard","has-post-thumbnail","hentry","category-valenca-news"],"views":3449,"meta_data":{"thumb":"https:\/\/portalv1.com.br\/app\/wp-content\/uploads\/2016\/08\/DSC_0761.jpg","imagem":{"fullsize":{"url":"https:\/\/portalv1.com.br\/app\/wp-content\/uploads\/2016\/08\/DSC_0761.jpg","width":640,"height":427},"thumbnail":{"url":"https:\/\/portalv1.com.br\/app\/wp-content\/uploads\/2016\/08\/DSC_0761-100x100.jpg","width":100,"height":100},"medium":{"url":"https:\/\/portalv1.com.br\/app\/wp-content\/uploads\/2016\/08\/DSC_0761-300x200.jpg","width":300,"height":200},"large":{"url":"https:\/\/portalv1.com.br\/app\/wp-content\/uploads\/2016\/08\/DSC_0761-640x427.jpg","width":640,"height":427}},"data":{"simple":"14\/12\/2016","date_time":"14\/12\/2016 16:54:08","date":"h\u00e1 9 anos"},"chapeu":"Justi\u00e7a Eleitoral","source":"foto_menor"},"_links":{"self":[{"href":"https:\/\/portalv1.com.br\/api\/wp\/v2\/posts\/25122","targetHints":{"allow":["GET"]}}],"collection":[{"href":"https:\/\/portalv1.com.br\/api\/wp\/v2\/posts"}],"about":[{"href":"https:\/\/portalv1.com.br\/api\/wp\/v2\/types\/post"}],"author":[{"embeddable":true,"href":"https:\/\/portalv1.com.br\/api\/wp\/v2\/users\/1"}],"replies":[{"embeddable":true,"href":"https:\/\/portalv1.com.br\/api\/wp\/v2\/comments?post=25122"}],"version-history":[{"count":0,"href":"https:\/\/portalv1.com.br\/api\/wp\/v2\/posts\/25122\/revisions"}],"wp:featuredmedia":[{"embeddable":true,"href":"https:\/\/portalv1.com.br\/api\/wp\/v2\/media\/24308"}],"wp:attachment":[{"href":"https:\/\/portalv1.com.br\/api\/wp\/v2\/media?parent=25122"}],"wp:term":[{"taxonomy":"category","embeddable":true,"href":"https:\/\/portalv1.com.br\/api\/wp\/v2\/categories?post=25122"},{"taxonomy":"post_tag","embeddable":true,"href":"https:\/\/portalv1.com.br\/api\/wp\/v2\/tags?post=25122"}],"curies":[{"name":"wp","href":"https:\/\/api.w.org\/{rel}","templated":true}]}}