{"id":251975,"date":"2025-12-09T20:59:22","date_gmt":"2025-12-09T23:59:22","guid":{"rendered":"https:\/\/portalv1.com.br\/?p=251975"},"modified":"2025-12-09T20:59:23","modified_gmt":"2025-12-09T23:59:23","slug":"meio-ambiente-entrega-epis-a-catadores-e-reforca-avancos-na-coleta-seletiva-em-valenca","status":"publish","type":"post","link":"https:\/\/portalv1.com.br\/meio-ambiente-entrega-epis-a-catadores-e-reforca-avancos-na-coleta-seletiva-em-valenca\/","title":{"rendered":"Meio Ambiente entrega EPIs a catadores e refor\u00e7a avan\u00e7os na coleta seletiva em Valen\u00e7a"},"content":{"rendered":"\n<p>A Secretaria Municipal de Meio Ambiente de Valen\u00e7a do Piau\u00ed realizou nesta ter\u00e7a-feira (9) a entrega de Equipamentos de Prote\u00e7\u00e3o Individual (EPIs) para os membros da Cooperativa de Catadores de Materiais Recicl\u00e1veis do munic\u00edpio.&nbsp; A entrega aconteceu na sede da secretaria e contou com a participa\u00e7\u00e3o do secret\u00e1rio de meio ambiente Adnan Lima, secret\u00e1rio de obras Ant\u00f4nio Leal e colaboradores das duas secret\u00e1rias.<\/p>\n\n\n\n<p>O secret\u00e1rio de meio ambiente Adnan Lima falou da import\u00e2ncia de colaborar com a cooperativa.<\/p>\n\n\n\n<p>\u201c\u00c9 uma preocupa\u00e7\u00e3o que n\u00f3s temos, a pedido do prefeito Marcelo Costa, que a gente tivesse um cuidado, uma aten\u00e7\u00e3o voltada para esses catadores aqui de Valen\u00e7a, que at\u00e9 h\u00e1 tempos atr\u00e1s n\u00e3o eram vistos pela sociedade. Ent\u00e3o n\u00f3s conseguimos identificar essas fam\u00edlias hoje s\u00e3o 27 fam\u00edlias que vivem desses materiais reciclados no qual conseguimos fazer uma cooperativa para que realmente eles tenham voz e vez e atrav\u00e9s dessa cooperativa n\u00f3s estamos come\u00e7ando a colher os frutos com a entrega de materiais para eles s\u00e3o equipamentos de prote\u00e7\u00e3o individual, bota, a luva, o \u00f3culos, o bon\u00e9 \u00e1rabe, capa de chuva tamb\u00e9m, j\u00e1 que n\u00f3s estamos iniciando um per\u00edodo chuvoso.\u201d<\/p>\n\n\n\n<p>Adnan tamb\u00e9m falou como anda o munic\u00edpio no processo de elimina\u00e7\u00e3o do lix\u00e3o municipal.<\/p>\n\n\n\n<p>\u201cA gente j\u00e1 sabe que vai se extinguir, vai deixar de existir a quest\u00e3o do lix\u00e3o hoje voc\u00ea vai ter que disponibilizar um aterro sanit\u00e1rio ou uma ind\u00fastria de beneficiamento desse material ou voc\u00ea vai locar esse material seu para um local que tenha no caso, \u00c1gua Branca, Picos e Francisco Santo tamb\u00e9m nas proximidades de Picos. Temos conhecimento que Ipiranga est\u00e1 iniciando tamb\u00e9m um ambiente para receber esse material\u201d.<\/p>\n\n\n\n<p>Finalizando o secret\u00e1rio falou sobre o funcionamento da coleta seletiva em Valen\u00e7a.<\/p>\n\n\n\n<p>\u201cOs maiores produtores de reciclado s\u00e3o os comerciantes, porque eles recebem muita mercadoria e se desfazem desse papel\u00e3o, desse pl\u00e1stico, desse alum\u00ednio e \u00e0s vezes desse vidro, que s\u00e3o os quatro materiais que a gente est\u00e1 trabalhando na reciclagem, o papel\u00e3o, o vidro, \u00e9 o alum\u00ednio e o pl\u00e1stico j\u00e1 foi feita uma reuni\u00e3o com o pessoal da CDL, com todos os comerciantes, no qual n\u00f3s informamos para eles reterem esses materiais armazenados at\u00e9 a quarta-feira, que \u00e9 o dia que o nosso carro vai estar passando. Ent\u00e3o toda quarta-feira, a gente vai estar passando nos com\u00e9rcios A medida que a gente for progredindo, avan\u00e7ando nessa quest\u00e3o, a gente vai come\u00e7ar a passar em todos os bairros, recolhendo esse material de todas as fam\u00edlias valencianas\u201d. <\/p>\n\n\n\n<p><strong>Escute a entrevista do secret\u00e1rio Adnan Lima<\/strong><\/p>\n\n\n\n<figure class=\"wp-block-audio\"><audio controls src=\"https:\/\/portalv1.com.br\/app\/wp-content\/uploads\/2025\/12\/adnan-1.mp3\"><\/audio><\/figure>\n\n\n<div class=\"ngg-galleryoverview\" id=\"1\">\n              <div data-widget=\"Galeria\" data-props=\"{&quot;galeria&quot;:{&quot;max_page&quot;:1,&quot;total&quot;:14,&quot;gallery_id&quot;:1,&quot;images&quot;:[{&quot;thumbcode&quot;:&quot;https:\\\/\\\/portalv1.com.br\\\/app\\\/wp-content\\\/uploads\\\/2025\\\/12\\\/IMG_5864-400x250.jpg&quot;,&quot;imageURL&quot;:&quot;https:\\\/\\\/portalv1.com.br\\\/app\\\/wp-content\\\/uploads\\\/2025\\\/12\\\/IMG_5864.jpg&quot;,&quot;pid&quot;:251976,&quot;galleryid&quot;:1,&quot;description&quot;:&quot;&quot;,&quot;alttext&quot;:&quot;Meio Ambiente entrega EPIs a catadores e refor\\u00e7a avan\\u00e7os na coleta seletiva em Valen\\u00e7a&quot;,&quot;thumbnailURL&quot;:&quot;https:\\\/\\\/portalv1.com.br\\\/app\\\/wp-content\\\/uploads\\\/2025\\\/12\\\/IMG_5864-400x250.jpg&quot;,&quot;style&quot;:&quot;&quot;},{&quot;thumbcode&quot;:&quot;https:\\\/\\\/portalv1.com.br\\\/app\\\/wp-content\\\/uploads\\\/2025\\\/12\\\/IMG_5879-400x250.jpg&quot;,&quot;imageURL&quot;:&quot;https:\\\/\\\/portalv1.com.br\\\/app\\\/wp-content\\\/uploads\\\/2025\\\/12\\\/IMG_5879.jpg&quot;,&quot;pid&quot;:251977,&quot;galleryid&quot;:1,&quot;description&quot;:&quot;&quot;,&quot;alttext&quot;:&quot;Meio Ambiente entrega EPIs a catadores e refor\\u00e7a avan\\u00e7os na coleta seletiva em Valen\\u00e7a&quot;,&quot;thumbnailURL&quot;:&quot;https:\\\/\\\/portalv1.com.br\\\/app\\\/wp-content\\\/uploads\\\/2025\\\/12\\\/IMG_5879-400x250.jpg&quot;,&quot;style&quot;:&quot;&quot;},{&quot;thumbcode&quot;:&quot;https:\\\/\\\/portalv1.com.br\\\/app\\\/wp-content\\\/uploads\\\/2025\\\/12\\\/IMG_5881-400x250.jpg&quot;,&quot;imageURL&quot;:&quot;https:\\\/\\\/portalv1.com.br\\\/app\\\/wp-content\\\/uploads\\\/2025\\\/12\\\/IMG_5881.jpg&quot;,&quot;pid&quot;:251978,&quot;galleryid&quot;:1,&quot;description&quot;:&quot;&quot;,&quot;alttext&quot;:&quot;Meio Ambiente entrega EPIs a catadores e refor\\u00e7a avan\\u00e7os na coleta seletiva em Valen\\u00e7a&quot;,&quot;thumbnailURL&quot;:&quot;https:\\\/\\\/portalv1.com.br\\\/app\\\/wp-content\\\/uploads\\\/2025\\\/12\\\/IMG_5881-400x250.jpg&quot;,&quot;style&quot;:&quot;&quot;},{&quot;thumbcode&quot;:&quot;https:\\\/\\\/portalv1.com.br\\\/app\\\/wp-content\\\/uploads\\\/2025\\\/12\\\/IMG_5887-400x250.jpg&quot;,&quot;imageURL&quot;:&quot;https:\\\/\\\/portalv1.com.br\\\/app\\\/wp-content\\\/uploads\\\/2025\\\/12\\\/IMG_5887.jpg&quot;,&quot;pid&quot;:251979,&quot;galleryid&quot;:1,&quot;description&quot;:&quot;&quot;,&quot;alttext&quot;:&quot;Meio Ambiente entrega EPIs a catadores e refor\\u00e7a avan\\u00e7os na coleta seletiva em Valen\\u00e7a&quot;,&quot;thumbnailURL&quot;:&quot;https:\\\/\\\/portalv1.com.br\\\/app\\\/wp-content\\\/uploads\\\/2025\\\/12\\\/IMG_5887-400x250.jpg&quot;,&quot;style&quot;:&quot;&quot;},{&quot;thumbcode&quot;:&quot;https:\\\/\\\/portalv1.com.br\\\/app\\\/wp-content\\\/uploads\\\/2025\\\/12\\\/IMG_5883-400x250.jpg&quot;,&quot;imageURL&quot;:&quot;https:\\\/\\\/portalv1.com.br\\\/app\\\/wp-content\\\/uploads\\\/2025\\\/12\\\/IMG_5883.jpg&quot;,&quot;pid&quot;:251980,&quot;galleryid&quot;:1,&quot;description&quot;:&quot;&quot;,&quot;alttext&quot;:&quot;Meio Ambiente entrega EPIs a catadores e refor\\u00e7a avan\\u00e7os na coleta seletiva em Valen\\u00e7a&quot;,&quot;thumbnailURL&quot;:&quot;https:\\\/\\\/portalv1.com.br\\\/app\\\/wp-content\\\/uploads\\\/2025\\\/12\\\/IMG_5883-400x250.jpg&quot;,&quot;style&quot;:&quot;&quot;},{&quot;thumbcode&quot;:&quot;https:\\\/\\\/portalv1.com.br\\\/app\\\/wp-content\\\/uploads\\\/2025\\\/12\\\/IMG_5893-400x250.jpg&quot;,&quot;imageURL&quot;:&quot;https:\\\/\\\/portalv1.com.br\\\/app\\\/wp-content\\\/uploads\\\/2025\\\/12\\\/IMG_5893.jpg&quot;,&quot;pid&quot;:251981,&quot;galleryid&quot;:1,&quot;description&quot;:&quot;&quot;,&quot;alttext&quot;:&quot;Meio Ambiente entrega EPIs a catadores e refor\\u00e7a avan\\u00e7os na coleta seletiva em Valen\\u00e7a&quot;,&quot;thumbnailURL&quot;:&quot;https:\\\/\\\/portalv1.com.br\\\/app\\\/wp-content\\\/uploads\\\/2025\\\/12\\\/IMG_5893-400x250.jpg&quot;,&quot;style&quot;:&quot;&quot;},{&quot;thumbcode&quot;:&quot;https:\\\/\\\/portalv1.com.br\\\/app\\\/wp-content\\\/uploads\\\/2025\\\/12\\\/IMG_5889-400x250.jpg&quot;,&quot;imageURL&quot;:&quot;https:\\\/\\\/portalv1.com.br\\\/app\\\/wp-content\\\/uploads\\\/2025\\\/12\\\/IMG_5889.jpg&quot;,&quot;pid&quot;:251982,&quot;galleryid&quot;:1,&quot;description&quot;:&quot;&quot;,&quot;alttext&quot;:&quot;Meio Ambiente entrega EPIs a catadores e refor\\u00e7a avan\\u00e7os na coleta seletiva em Valen\\u00e7a&quot;,&quot;thumbnailURL&quot;:&quot;https:\\\/\\\/portalv1.com.br\\\/app\\\/wp-content\\\/uploads\\\/2025\\\/12\\\/IMG_5889-400x250.jpg&quot;,&quot;style&quot;:&quot;&quot;},{&quot;thumbcode&quot;:&quot;https:\\\/\\\/portalv1.com.br\\\/app\\\/wp-content\\\/uploads\\\/2025\\\/12\\\/IMG_5873-400x250.jpg&quot;,&quot;imageURL&quot;:&quot;https:\\\/\\\/portalv1.com.br\\\/app\\\/wp-content\\\/uploads\\\/2025\\\/12\\\/IMG_5873.jpg&quot;,&quot;pid&quot;:251983,&quot;galleryid&quot;:1,&quot;description&quot;:&quot;&quot;,&quot;alttext&quot;:&quot;Meio Ambiente entrega EPIs a catadores e refor\\u00e7a avan\\u00e7os na coleta seletiva em Valen\\u00e7a&quot;,&quot;thumbnailURL&quot;:&quot;https:\\\/\\\/portalv1.com.br\\\/app\\\/wp-content\\\/uploads\\\/2025\\\/12\\\/IMG_5873-400x250.jpg&quot;,&quot;style&quot;:&quot;&quot;},{&quot;thumbcode&quot;:&quot;https:\\\/\\\/portalv1.com.br\\\/app\\\/wp-content\\\/uploads\\\/2025\\\/12\\\/IMG_5874-400x250.jpg&quot;,&quot;imageURL&quot;:&quot;https:\\\/\\\/portalv1.com.br\\\/app\\\/wp-content\\\/uploads\\\/2025\\\/12\\\/IMG_5874.jpg&quot;,&quot;pid&quot;:251984,&quot;galleryid&quot;:1,&quot;description&quot;:&quot;&quot;,&quot;alttext&quot;:&quot;Meio Ambiente entrega EPIs a catadores e refor\\u00e7a avan\\u00e7os na coleta seletiva em Valen\\u00e7a&quot;,&quot;thumbnailURL&quot;:&quot;https:\\\/\\\/portalv1.com.br\\\/app\\\/wp-content\\\/uploads\\\/2025\\\/12\\\/IMG_5874-400x250.jpg&quot;,&quot;style&quot;:&quot;&quot;},{&quot;thumbcode&quot;:&quot;https:\\\/\\\/portalv1.com.br\\\/app\\\/wp-content\\\/uploads\\\/2025\\\/12\\\/IMG_5885-400x250.jpg&quot;,&quot;imageURL&quot;:&quot;https:\\\/\\\/portalv1.com.br\\\/app\\\/wp-content\\\/uploads\\\/2025\\\/12\\\/IMG_5885.jpg&quot;,&quot;pid&quot;:251985,&quot;galleryid&quot;:1,&quot;description&quot;:&quot;&quot;,&quot;alttext&quot;:&quot;Meio Ambiente entrega EPIs a catadores e refor\\u00e7a avan\\u00e7os na coleta seletiva em Valen\\u00e7a&quot;,&quot;thumbnailURL&quot;:&quot;https:\\\/\\\/portalv1.com.br\\\/app\\\/wp-content\\\/uploads\\\/2025\\\/12\\\/IMG_5885-400x250.jpg&quot;,&quot;style&quot;:&quot;&quot;},{&quot;thumbcode&quot;:&quot;https:\\\/\\\/portalv1.com.br\\\/app\\\/wp-content\\\/uploads\\\/2025\\\/12\\\/IMG_5876-400x250.jpg&quot;,&quot;imageURL&quot;:&quot;https:\\\/\\\/portalv1.com.br\\\/app\\\/wp-content\\\/uploads\\\/2025\\\/12\\\/IMG_5876.jpg&quot;,&quot;pid&quot;:251986,&quot;galleryid&quot;:1,&quot;description&quot;:&quot;&quot;,&quot;alttext&quot;:&quot;Meio Ambiente entrega EPIs a catadores e refor\\u00e7a avan\\u00e7os na coleta seletiva em Valen\\u00e7a&quot;,&quot;thumbnailURL&quot;:&quot;https:\\\/\\\/portalv1.com.br\\\/app\\\/wp-content\\\/uploads\\\/2025\\\/12\\\/IMG_5876-400x250.jpg&quot;,&quot;style&quot;:&quot;&quot;},{&quot;thumbcode&quot;:&quot;https:\\\/\\\/portalv1.com.br\\\/app\\\/wp-content\\\/uploads\\\/2025\\\/12\\\/IMG_5901-400x250.jpg&quot;,&quot;imageURL&quot;:&quot;https:\\\/\\\/portalv1.com.br\\\/app\\\/wp-content\\\/uploads\\\/2025\\\/12\\\/IMG_5901.jpg&quot;,&quot;pid&quot;:251987,&quot;galleryid&quot;:1,&quot;description&quot;:&quot;&quot;,&quot;alttext&quot;:&quot;Meio Ambiente entrega EPIs a catadores e refor\\u00e7a avan\\u00e7os na coleta seletiva em Valen\\u00e7a&quot;,&quot;thumbnailURL&quot;:&quot;https:\\\/\\\/portalv1.com.br\\\/app\\\/wp-content\\\/uploads\\\/2025\\\/12\\\/IMG_5901-400x250.jpg&quot;,&quot;style&quot;:&quot;&quot;},{&quot;thumbcode&quot;:&quot;https:\\\/\\\/portalv1.com.br\\\/app\\\/wp-content\\\/uploads\\\/2025\\\/12\\\/IMG_5891-400x250.jpg&quot;,&quot;imageURL&quot;:&quot;https:\\\/\\\/portalv1.com.br\\\/app\\\/wp-content\\\/uploads\\\/2025\\\/12\\\/IMG_5891.jpg&quot;,&quot;pid&quot;:251988,&quot;galleryid&quot;:1,&quot;description&quot;:&quot;&quot;,&quot;alttext&quot;:&quot;Meio Ambiente entrega EPIs a catadores e refor\\u00e7a avan\\u00e7os na coleta seletiva em Valen\\u00e7a&quot;,&quot;thumbnailURL&quot;:&quot;https:\\\/\\\/portalv1.com.br\\\/app\\\/wp-content\\\/uploads\\\/2025\\\/12\\\/IMG_5891-400x250.jpg&quot;,&quot;style&quot;:&quot;&quot;},{&quot;thumbcode&quot;:&quot;https:\\\/\\\/portalv1.com.br\\\/app\\\/wp-content\\\/uploads\\\/2025\\\/12\\\/IMG_5895-400x250.jpg&quot;,&quot;imageURL&quot;:&quot;https:\\\/\\\/portalv1.com.br\\\/app\\\/wp-content\\\/uploads\\\/2025\\\/12\\\/IMG_5895.jpg&quot;,&quot;pid&quot;:251989,&quot;galleryid&quot;:1,&quot;description&quot;:&quot;&quot;,&quot;alttext&quot;:&quot;Meio Ambiente entrega EPIs a catadores e refor\\u00e7a avan\\u00e7os na coleta seletiva em Valen\\u00e7a&quot;,&quot;thumbnailURL&quot;:&quot;https:\\\/\\\/portalv1.com.br\\\/app\\\/wp-content\\\/uploads\\\/2025\\\/12\\\/IMG_5895-400x250.jpg&quot;,&quot;style&quot;:&quot;&quot;}]}}\"><\/div>\n            <\/div>","protected":false},"excerpt":{"rendered":"<p>A Secretaria Municipal de Meio Ambiente de Valen\u00e7a do Piau\u00ed realizou nesta ter\u00e7a-feira (9) a entrega de Equipamentos de Prote\u00e7\u00e3o Individual (EPIs) para os membros da Cooperativa de Catadores de&#8230;<\/p>\n","protected":false},"author":1,"featured_media":251987,"comment_status":"open","ping_status":"open","sticky":false,"template":"","format":"standard","meta":{"ngg_post_thumbnail":0,"footnotes":""},"categories":[243],"tags":[],"class_list":["post-251975","post","type-post","status-publish","format-standard","has-post-thumbnail","hentry","category-geral"],"views":213,"meta_data":{"thumb":"https:\/\/portalv1.com.br\/app\/wp-content\/uploads\/2025\/12\/IMG_5901.jpg","imagem":{"fullsize":{"url":"https:\/\/portalv1.com.br\/app\/wp-content\/uploads\/2025\/12\/IMG_5901.jpg","width":1920,"height":1078},"medium":{"url":"https:\/\/portalv1.com.br\/app\/wp-content\/uploads\/2025\/12\/IMG_5901-300x168.jpg","width":300,"height":168},"large":{"url":"https:\/\/portalv1.com.br\/app\/wp-content\/uploads\/2025\/12\/IMG_5901-640x359.jpg","width":640,"height":359},"thumbnail":{"url":"https:\/\/portalv1.com.br\/app\/wp-content\/uploads\/2025\/12\/IMG_5901-100x100.jpg","width":100,"height":100},"medium_large":{"url":"https:\/\/portalv1.com.br\/app\/wp-content\/uploads\/2025\/12\/IMG_5901-768x431.jpg","width":768,"height":431},"1536x1536":{"url":"https:\/\/portalv1.com.br\/app\/wp-content\/uploads\/2025\/12\/IMG_5901-1536x862.jpg","width":1536,"height":862}},"data":{"simple":"09\/12\/2025","date_time":"09\/12\/2025 17:59:22","date":"h\u00e1 5 meses"},"chapeu":"Veja detalhes ","source":"slide"},"_links":{"self":[{"href":"https:\/\/portalv1.com.br\/api\/wp\/v2\/posts\/251975","targetHints":{"allow":["GET"]}}],"collection":[{"href":"https:\/\/portalv1.com.br\/api\/wp\/v2\/posts"}],"about":[{"href":"https:\/\/portalv1.com.br\/api\/wp\/v2\/types\/post"}],"author":[{"embeddable":true,"href":"https:\/\/portalv1.com.br\/api\/wp\/v2\/users\/1"}],"replies":[{"embeddable":true,"href":"https:\/\/portalv1.com.br\/api\/wp\/v2\/comments?post=251975"}],"version-history":[{"count":0,"href":"https:\/\/portalv1.com.br\/api\/wp\/v2\/posts\/251975\/revisions"}],"wp:featuredmedia":[{"embeddable":true,"href":"https:\/\/portalv1.com.br\/api\/wp\/v2\/media\/251987"}],"wp:attachment":[{"href":"https:\/\/portalv1.com.br\/api\/wp\/v2\/media?parent=251975"}],"wp:term":[{"taxonomy":"category","embeddable":true,"href":"https:\/\/portalv1.com.br\/api\/wp\/v2\/categories?post=251975"},{"taxonomy":"post_tag","embeddable":true,"href":"https:\/\/portalv1.com.br\/api\/wp\/v2\/tags?post=251975"}],"curies":[{"name":"wp","href":"https:\/\/api.w.org\/{rel}","templated":true}]}}