{"id":2523,"date":"2010-01-27T12:51:34","date_gmt":"2010-01-27T15:51:34","guid":{"rendered":"https:\/\/portalv1.com.br\/?p=2523"},"modified":"2010-01-27T12:51:34","modified_gmt":"2010-01-27T15:51:34","slug":"deputada-vai-se-reuni-com-comunidades-mesa-de-pedra-e-santa-rosa","status":"publish","type":"post","link":"https:\/\/portalv1.com.br\/deputada-vai-se-reuni-com-comunidades-mesa-de-pedra-e-santa-rosa\/","title":{"rendered":"Deputada vai se reuni com comunidades Mesa de Pedra e Santa Rosa."},"content":{"rendered":"<figure id=\"attachment_2524\" aria-describedby=\"caption-attachment-2524\" style=\"width: 300px\" class=\"wp-caption alignright\"><a href=\"https:\/\/portalv1.com.br\/app\/wp-content\/uploads\/2010\/01\/santarosa.jpg\"><img loading=\"lazy\" decoding=\"async\" class=\"size-full wp-image-2524\" title=\"santarosa\" src=\"https:\/\/portalv1.com.br\/app\/wp-content\/uploads\/2010\/01\/santarosa.jpg\" alt=\"Balne\u00e1rio Santa Rosa.\" width=\"300\" height=\"183\" \/><\/a><figcaption id=\"caption-attachment-2524\" class=\"wp-caption-text\">Balne\u00e1rio Santa Rosa.<\/figcaption><\/figure>\n<p>A deputada estadual Flora Isabel (PT) ir\u00e1 realizar na pr\u00f3xima segunda-feira, 01 de fevereiro, duas reuni\u00f5es na zona rural de Valen\u00e7a. A primeira ser\u00e1 \u00e0s 16h na Comunidade de Mesa de Pedra e \u00e0s 18h na Santa Rosa.<\/p>\n<p>Al\u00e9m da deputada ir\u00e3o participar da reuni\u00e3o o secret\u00e1rio estadual de transporte Alexandre Nogueira e o encarregado pela empreiteira respons\u00e1vel pela constru\u00e7\u00e3o da pavimenta\u00e7\u00e3o asf\u00e1ltica dos acessos das duas comunidades.<\/p>\n<p>As obras foram indicadas pela deputada e passados mais de um ano, ainda n\u00e3o foram conclu\u00eddas. O objetivo da reuni\u00e3o \u00e9 amarrar com as partes envolvidas a conclus\u00e3o das duas obras no munic\u00edpio, que somam mais de um milh\u00e3o e meio de reais.<\/p>\n","protected":false},"excerpt":{"rendered":"<p>A deputada estadual Flora Isabel (PT) ir\u00e1 realizar na pr\u00f3xima segunda-feira, 01 de fevereiro, duas reuni\u00f5es na zona rural de Valen\u00e7a. A primeira ser\u00e1 \u00e0s 16h na Comunidade de Mesa&#8230;<\/p>\n","protected":false},"author":1,"featured_media":0,"comment_status":"open","ping_status":"open","sticky":false,"template":"","format":"standard","meta":{"ngg_post_thumbnail":0,"footnotes":""},"categories":[12],"tags":[],"class_list":["post-2523","post","type-post","status-publish","format-standard","hentry","category-valenca-news"],"views":419,"meta_data":{"thumb":"https:\/\/portalv1.com.br\/app\/wp-content\/uploads\/2010\/01\/santarosa.jpg","data":{"simple":"27\/01\/2010","date_time":"27\/01\/2010 09:51:34","date":"h\u00e1 16 anos"},"chapeu":"","source":""},"_links":{"self":[{"href":"https:\/\/portalv1.com.br\/api\/wp\/v2\/posts\/2523","targetHints":{"allow":["GET"]}}],"collection":[{"href":"https:\/\/portalv1.com.br\/api\/wp\/v2\/posts"}],"about":[{"href":"https:\/\/portalv1.com.br\/api\/wp\/v2\/types\/post"}],"author":[{"embeddable":true,"href":"https:\/\/portalv1.com.br\/api\/wp\/v2\/users\/1"}],"replies":[{"embeddable":true,"href":"https:\/\/portalv1.com.br\/api\/wp\/v2\/comments?post=2523"}],"version-history":[{"count":0,"href":"https:\/\/portalv1.com.br\/api\/wp\/v2\/posts\/2523\/revisions"}],"wp:attachment":[{"href":"https:\/\/portalv1.com.br\/api\/wp\/v2\/media?parent=2523"}],"wp:term":[{"taxonomy":"category","embeddable":true,"href":"https:\/\/portalv1.com.br\/api\/wp\/v2\/categories?post=2523"},{"taxonomy":"post_tag","embeddable":true,"href":"https:\/\/portalv1.com.br\/api\/wp\/v2\/tags?post=2523"}],"curies":[{"name":"wp","href":"https:\/\/api.w.org\/{rel}","templated":true}]}}