{"id":253615,"date":"2025-12-21T12:31:50","date_gmt":"2025-12-21T15:31:50","guid":{"rendered":"https:\/\/portalv1.com.br\/?p=253615"},"modified":"2025-12-21T12:35:17","modified_gmt":"2025-12-21T15:35:17","slug":"evento-de-paredoes-atrai-dezenas-de-pessoas-e-reforca-diversidade-cultural-dos-festejos-de-valenca","status":"publish","type":"post","link":"https:\/\/portalv1.com.br\/evento-de-paredoes-atrai-dezenas-de-pessoas-e-reforca-diversidade-cultural-dos-festejos-de-valenca\/","title":{"rendered":"Encontro de pared\u00f5es atrai dezenas de pessoas e refor\u00e7a diversidade cultural dos festejos de Valen\u00e7a"},"content":{"rendered":"\n<p>A PL Produ\u00e7\u00f5es e Ventos promoveu neste s\u00e1bado (20) o Encontro de Pared\u00f5es, evento realizado dentro dos eventos culturais dos festejos de Valen\u00e7a. Realizado no Parque de Vaquejada DLV, o encontro reuniu dezenas de pessoas que prestigiaram uma noite marcada por muita m\u00fasica e anima\u00e7\u00e3o.<\/p>\n\n\n\n<p>O p\u00fablico p\u00f4de curtir os mais variados estilos sonoros apresentados pelos pared\u00f5es Desmantelo, Posto Ramos, Os Brotheres e Casa do Cimento, que garantiram a anima\u00e7\u00e3o do evento e atra\u00edram amantes desse segmento cultural.<\/p>\n\n\n\n<p>De acordo com a organiza\u00e7\u00e3o, o Encontro de Pared\u00f5es superou as expectativas e refor\u00e7ou a diversidade cultural presente nos festejos do munic\u00edpio, que seguem at\u00e9 o dia 26 de dezembro, contemplando diferentes p\u00fablicos e estilos.<\/p>\n\n\n\n<p>Uma das promotoras do evento, Bertolina Dantas, agradeceu a presen\u00e7a do p\u00fablico e o apoio recebido, destacando o sucesso da iniciativa. Ela tamb\u00e9m adiantou que novas edi\u00e7\u00f5es e outros eventos voltados para diferentes p\u00fablicos est\u00e3o sendo planejados para o pr\u00f3ximo ano.<\/p>\n\n\n<figure class=\"wp-block-post-featured-image\"><img loading=\"lazy\" decoding=\"async\" width=\"1280\" height=\"720\" src=\"https:\/\/portalv1.com.br\/app\/wp-content\/uploads\/2025\/12\/Apresentacao1-2.jpg\" class=\"attachment-post-thumbnail size-post-thumbnail wp-post-image\" alt=\"\" style=\"object-fit:cover;\" srcset=\"https:\/\/portalv1.com.br\/app\/wp-content\/uploads\/2025\/12\/Apresentacao1-2.jpg 1280w, https:\/\/portalv1.com.br\/app\/wp-content\/uploads\/2025\/12\/Apresentacao1-2-300x169.jpg 300w, https:\/\/portalv1.com.br\/app\/wp-content\/uploads\/2025\/12\/Apresentacao1-2-640x360.jpg 640w, https:\/\/portalv1.com.br\/app\/wp-content\/uploads\/2025\/12\/Apresentacao1-2-768x432.jpg 768w\" sizes=\"auto, (max-width: 1280px) 100vw, 1280px\" \/><\/figure>","protected":false},"excerpt":{"rendered":"<p>A PL Produ\u00e7\u00f5es e Ventos promoveu neste s\u00e1bado (20) o Encontro de Pared\u00f5es, evento realizado dentro dos eventos culturais dos festejos de Valen\u00e7a. Realizado no Parque de Vaquejada DLV, o&#8230;<\/p>\n","protected":false},"author":1,"featured_media":253617,"comment_status":"open","ping_status":"open","sticky":false,"template":"","format":"standard","meta":{"ngg_post_thumbnail":0,"footnotes":""},"categories":[243],"tags":[],"class_list":["post-253615","post","type-post","status-publish","format-standard","has-post-thumbnail","hentry","category-geral"],"views":257,"meta_data":{"thumb":"https:\/\/portalv1.com.br\/app\/wp-content\/uploads\/2025\/12\/Apresentacao1-2.jpg","imagem":{"fullsize":{"url":"https:\/\/portalv1.com.br\/app\/wp-content\/uploads\/2025\/12\/Apresentacao1-2.jpg","width":1280,"height":720},"medium":{"url":"https:\/\/portalv1.com.br\/app\/wp-content\/uploads\/2025\/12\/Apresentacao1-2-300x169.jpg","width":300,"height":169},"large":{"url":"https:\/\/portalv1.com.br\/app\/wp-content\/uploads\/2025\/12\/Apresentacao1-2-640x360.jpg","width":640,"height":360},"thumbnail":{"url":"https:\/\/portalv1.com.br\/app\/wp-content\/uploads\/2025\/12\/Apresentacao1-2-100x100.jpg","width":100,"height":100},"medium_large":{"url":"https:\/\/portalv1.com.br\/app\/wp-content\/uploads\/2025\/12\/Apresentacao1-2-768x432.jpg","width":768,"height":432}},"data":{"simple":"21\/12\/2025","date_time":"21\/12\/2025 09:31:50","date":"h\u00e1 4 meses"},"chapeu":"Veja detalhes ","source":"m_destacada"},"_links":{"self":[{"href":"https:\/\/portalv1.com.br\/api\/wp\/v2\/posts\/253615","targetHints":{"allow":["GET"]}}],"collection":[{"href":"https:\/\/portalv1.com.br\/api\/wp\/v2\/posts"}],"about":[{"href":"https:\/\/portalv1.com.br\/api\/wp\/v2\/types\/post"}],"author":[{"embeddable":true,"href":"https:\/\/portalv1.com.br\/api\/wp\/v2\/users\/1"}],"replies":[{"embeddable":true,"href":"https:\/\/portalv1.com.br\/api\/wp\/v2\/comments?post=253615"}],"version-history":[{"count":0,"href":"https:\/\/portalv1.com.br\/api\/wp\/v2\/posts\/253615\/revisions"}],"wp:featuredmedia":[{"embeddable":true,"href":"https:\/\/portalv1.com.br\/api\/wp\/v2\/media\/253617"}],"wp:attachment":[{"href":"https:\/\/portalv1.com.br\/api\/wp\/v2\/media?parent=253615"}],"wp:term":[{"taxonomy":"category","embeddable":true,"href":"https:\/\/portalv1.com.br\/api\/wp\/v2\/categories?post=253615"},{"taxonomy":"post_tag","embeddable":true,"href":"https:\/\/portalv1.com.br\/api\/wp\/v2\/tags?post=253615"}],"curies":[{"name":"wp","href":"https:\/\/api.w.org\/{rel}","templated":true}]}}