{"id":254321,"date":"2026-01-02T10:33:02","date_gmt":"2026-01-02T13:33:02","guid":{"rendered":"https:\/\/portalv1.com.br\/?p=254321"},"modified":"2026-01-02T10:33:02","modified_gmt":"2026-01-02T13:33:02","slug":"saude-de-valenca-ganha-reforco-com-a-posse-do-medico-raul-veras","status":"publish","type":"post","link":"https:\/\/portalv1.com.br\/saude-de-valenca-ganha-reforco-com-a-posse-do-medico-raul-veras\/","title":{"rendered":"Sa\u00fade de Valen\u00e7a ganha refor\u00e7o com a posse do m\u00e9dico Raul Veras"},"content":{"rendered":"\n<p>O m\u00e9dico valenciano Raul Veras foi oficialmente empossado como servidor p\u00fablico municipal efetivo da Prefeitura de Valen\u00e7a do Piau\u00ed. A nomea\u00e7\u00e3o ocorre ap\u00f3s convoca\u00e7\u00e3o do concurso p\u00fablico municipal, no qual ele foi um dos candidatos classificados, passando agora a integrar de forma definitiva o quadro da sa\u00fade do munic\u00edpio.<\/p>\n\n\n\n<p>O ato de assinatura da posse foi acompanhado pelo pai do m\u00e9dico, o banc\u00e1rio e ex-vice-prefeito de Valen\u00e7a, Ben\u00e9 da Caixa.<\/p>\n\n\n\n<p>Nas redes sociais, Raul Veras celebrou a conquista e destacou o significado desse novo ciclo profissional. \u201cHoje tomo posse como m\u00e9dico efetivo em Valen\u00e7a, ap\u00f3s a convoca\u00e7\u00e3o pelo concurso p\u00fablico. A dedica\u00e7\u00e3o e o cuidado que eu j\u00e1 exercia agora se oficializam, com ainda mais responsabilidade, compromisso e pertencimento\u201d, escreveu.<\/p>\n\n\n\n<p>O m\u00e9dico tamb\u00e9m ressaltou o apoio recebido ao longo de sua trajet\u00f3ria. \u201cCarrego comigo a confian\u00e7a dos familiares, amigos e de muitos pacientes que torceram, acreditaram e fizeram dessa conquista algo coletivo. Isso pesa, no melhor sentido, e me honra profundamente\u201d, afirmou.<\/p>\n\n\n\n<p>Raul Veras ainda destacou a import\u00e2ncia da atual gest\u00e3o municipal e o compromisso com a sa\u00fade p\u00fablica. \u201cInicio esse novo ciclo motivado por uma gest\u00e3o que entende que sa\u00fade se faz com seriedade, respeito e cuidado integral. Estou pronto para contribuir, somar e servir\u201d, pontuou.<\/p>\n\n\n\n<p>Encerrando a mensagem, o novo servidor refor\u00e7ou que a posse representa o resultado de anos de esfor\u00e7o e dedica\u00e7\u00e3o. \u201cIniciar o ano assim \u00e9 entender que o tempo certo existe e confirmar que o esfor\u00e7o cont\u00ednuo constr\u00f3i resultados\u201d, concluiu.<\/p>\n\n\n<figure class=\"wp-block-post-featured-image\"><img loading=\"lazy\" decoding=\"async\" width=\"1280\" height=\"720\" src=\"https:\/\/portalv1.com.br\/app\/wp-content\/uploads\/2026\/01\/veras.jpg\" class=\"attachment-post-thumbnail size-post-thumbnail wp-post-image\" alt=\"\" style=\"object-fit:cover;\" srcset=\"https:\/\/portalv1.com.br\/app\/wp-content\/uploads\/2026\/01\/veras.jpg 1280w, https:\/\/portalv1.com.br\/app\/wp-content\/uploads\/2026\/01\/veras-300x169.jpg 300w, https:\/\/portalv1.com.br\/app\/wp-content\/uploads\/2026\/01\/veras-640x360.jpg 640w, https:\/\/portalv1.com.br\/app\/wp-content\/uploads\/2026\/01\/veras-768x432.jpg 768w\" sizes=\"auto, (max-width: 1280px) 100vw, 1280px\" \/><\/figure>","protected":false},"excerpt":{"rendered":"<p>O m\u00e9dico valenciano Raul Veras foi oficialmente empossado como servidor p\u00fablico municipal efetivo da Prefeitura de Valen\u00e7a do Piau\u00ed. A nomea\u00e7\u00e3o ocorre ap\u00f3s convoca\u00e7\u00e3o do concurso p\u00fablico municipal, no qual&#8230;<\/p>\n","protected":false},"author":1,"featured_media":254322,"comment_status":"open","ping_status":"open","sticky":false,"template":"","format":"standard","meta":{"ngg_post_thumbnail":0,"footnotes":""},"categories":[243],"tags":[],"class_list":["post-254321","post","type-post","status-publish","format-standard","has-post-thumbnail","hentry","category-geral"],"views":789,"meta_data":{"thumb":"https:\/\/portalv1.com.br\/app\/wp-content\/uploads\/2026\/01\/veras.jpg","imagem":{"fullsize":{"url":"https:\/\/portalv1.com.br\/app\/wp-content\/uploads\/2026\/01\/veras.jpg","width":1280,"height":720},"medium":{"url":"https:\/\/portalv1.com.br\/app\/wp-content\/uploads\/2026\/01\/veras-300x169.jpg","width":300,"height":169},"large":{"url":"https:\/\/portalv1.com.br\/app\/wp-content\/uploads\/2026\/01\/veras-640x360.jpg","width":640,"height":360},"thumbnail":{"url":"https:\/\/portalv1.com.br\/app\/wp-content\/uploads\/2026\/01\/veras-100x100.jpg","width":100,"height":100},"medium_large":{"url":"https:\/\/portalv1.com.br\/app\/wp-content\/uploads\/2026\/01\/veras-768x432.jpg","width":768,"height":432}},"data":{"simple":"02\/01\/2026","date_time":"02\/01\/2026 07:33:02","date":"h\u00e1 4 meses"},"chapeu":"Bem-vindo","source":"slide"},"_links":{"self":[{"href":"https:\/\/portalv1.com.br\/api\/wp\/v2\/posts\/254321","targetHints":{"allow":["GET"]}}],"collection":[{"href":"https:\/\/portalv1.com.br\/api\/wp\/v2\/posts"}],"about":[{"href":"https:\/\/portalv1.com.br\/api\/wp\/v2\/types\/post"}],"author":[{"embeddable":true,"href":"https:\/\/portalv1.com.br\/api\/wp\/v2\/users\/1"}],"replies":[{"embeddable":true,"href":"https:\/\/portalv1.com.br\/api\/wp\/v2\/comments?post=254321"}],"version-history":[{"count":0,"href":"https:\/\/portalv1.com.br\/api\/wp\/v2\/posts\/254321\/revisions"}],"wp:featuredmedia":[{"embeddable":true,"href":"https:\/\/portalv1.com.br\/api\/wp\/v2\/media\/254322"}],"wp:attachment":[{"href":"https:\/\/portalv1.com.br\/api\/wp\/v2\/media?parent=254321"}],"wp:term":[{"taxonomy":"category","embeddable":true,"href":"https:\/\/portalv1.com.br\/api\/wp\/v2\/categories?post=254321"},{"taxonomy":"post_tag","embeddable":true,"href":"https:\/\/portalv1.com.br\/api\/wp\/v2\/tags?post=254321"}],"curies":[{"name":"wp","href":"https:\/\/api.w.org\/{rel}","templated":true}]}}