{"id":254381,"date":"2026-01-05T10:54:35","date_gmt":"2026-01-05T13:54:35","guid":{"rendered":"https:\/\/portalv1.com.br\/?p=254381"},"modified":"2026-01-05T10:54:35","modified_gmt":"2026-01-05T13:54:35","slug":"pt-de-valenca-se-reune-define-mudancas-na-camara-e-traca-novas-estrategias-politicas","status":"publish","type":"post","link":"https:\/\/portalv1.com.br\/pt-de-valenca-se-reune-define-mudancas-na-camara-e-traca-novas-estrategias-politicas\/","title":{"rendered":"PT de Valen\u00e7a se re\u00fane define mudan\u00e7as na C\u00e2mara e tra\u00e7a novas estrat\u00e9gias pol\u00edticas"},"content":{"rendered":"\n<p>Membros do Partido dos Trabalhadores (PT) de Valen\u00e7a do Piau\u00ed se reuniram na tarde deste domingo (4) para discutir a conjuntura pol\u00edtica atual e definir um plano de a\u00e7\u00e3o para 2026, com vistas \u00e0s elei\u00e7\u00f5es de outubro pr\u00f3ximo, quando os piauienses voltar\u00e3o \u00e0s urnas para eleger deputados estaduais e federais, dois senadores e o presidente da Rep\u00fablica. Tamb\u00e9m foi discutida a programa\u00e7\u00e3o do anivers\u00e1rio do diret\u00f3rio municipal do partido, marcado para o dia 13 de fevereiro.<\/p>\n\n\n\n<p>Desde que assumiu a presid\u00eancia do diret\u00f3rio municipal, Chiquinha do PT vem promovendo ajustes importantes na agenda partid\u00e1ria em Valen\u00e7a, com a aproxima\u00e7\u00e3o de novas lideran\u00e7as, distanciamento de outras, abertura de di\u00e1logo e projetos com a gest\u00e3o municipal que votar\u00e1 na reelei\u00e7\u00e3o do governador Rafael, al\u00e9m da coloca\u00e7\u00e3o do diret\u00f3rio valenciano como protagonista no territ\u00f3rio Vale do Sambito.<\/p>\n\n\n\n<p>Outra decis\u00e3o importante anunciada na reuni\u00e3o foi comunicada pela vereadora Geane Vieira, que informou que ir\u00e1 se afastar temporariamente da C\u00e2mara Municipal para tratar de assuntos pessoais, abrindo vaga para que o primeiro suplente do partido, Edilson Martins, assuma a cadeira no Legislativo municipal por um per\u00edodo.<\/p>\n\n\n\n<figure class=\"wp-block-image size-large\"><img loading=\"lazy\" decoding=\"async\" width=\"640\" height=\"853\" src=\"https:\/\/portalv1.com.br\/app\/wp-content\/uploads\/2026\/01\/WhatsApp-Image-2026-01-05-at-07.59.46-640x853.jpeg\" alt=\"\" class=\"wp-image-254382\" srcset=\"https:\/\/portalv1.com.br\/app\/wp-content\/uploads\/2026\/01\/WhatsApp-Image-2026-01-05-at-07.59.46-640x853.jpeg 640w, https:\/\/portalv1.com.br\/app\/wp-content\/uploads\/2026\/01\/WhatsApp-Image-2026-01-05-at-07.59.46-300x400.jpeg 300w, https:\/\/portalv1.com.br\/app\/wp-content\/uploads\/2026\/01\/WhatsApp-Image-2026-01-05-at-07.59.46-768x1024.jpeg 768w, https:\/\/portalv1.com.br\/app\/wp-content\/uploads\/2026\/01\/WhatsApp-Image-2026-01-05-at-07.59.46-1152x1536.jpeg 1152w, https:\/\/portalv1.com.br\/app\/wp-content\/uploads\/2026\/01\/WhatsApp-Image-2026-01-05-at-07.59.46.jpeg 1200w\" sizes=\"auto, (max-width: 640px) 100vw, 640px\" \/><\/figure>\n\n\n<figure class=\"wp-block-post-featured-image\"><img loading=\"lazy\" decoding=\"async\" width=\"1600\" height=\"1200\" src=\"https:\/\/portalv1.com.br\/app\/wp-content\/uploads\/2026\/01\/WhatsApp-Image-2026-01-05-at-07.59.47.jpeg\" class=\"attachment-post-thumbnail size-post-thumbnail wp-post-image\" alt=\"\" style=\"object-fit:cover;\" srcset=\"https:\/\/portalv1.com.br\/app\/wp-content\/uploads\/2026\/01\/WhatsApp-Image-2026-01-05-at-07.59.47.jpeg 1600w, https:\/\/portalv1.com.br\/app\/wp-content\/uploads\/2026\/01\/WhatsApp-Image-2026-01-05-at-07.59.47-300x225.jpeg 300w, https:\/\/portalv1.com.br\/app\/wp-content\/uploads\/2026\/01\/WhatsApp-Image-2026-01-05-at-07.59.47-640x480.jpeg 640w, https:\/\/portalv1.com.br\/app\/wp-content\/uploads\/2026\/01\/WhatsApp-Image-2026-01-05-at-07.59.47-768x576.jpeg 768w, https:\/\/portalv1.com.br\/app\/wp-content\/uploads\/2026\/01\/WhatsApp-Image-2026-01-05-at-07.59.47-1536x1152.jpeg 1536w\" sizes=\"auto, (max-width: 1600px) 100vw, 1600px\" \/><\/figure>","protected":false},"excerpt":{"rendered":"<p>Membros do Partido dos Trabalhadores (PT) de Valen\u00e7a do Piau\u00ed se reuniram na tarde deste domingo (4) para discutir a conjuntura pol\u00edtica atual e definir um plano de a\u00e7\u00e3o para&#8230;<\/p>\n","protected":false},"author":1,"featured_media":254383,"comment_status":"open","ping_status":"open","sticky":false,"template":"","format":"standard","meta":{"ngg_post_thumbnail":0,"footnotes":""},"categories":[243],"tags":[],"class_list":["post-254381","post","type-post","status-publish","format-standard","has-post-thumbnail","hentry","category-geral"],"views":737,"meta_data":{"thumb":"https:\/\/portalv1.com.br\/app\/wp-content\/uploads\/2026\/01\/WhatsApp-Image-2026-01-05-at-07.59.47.jpeg","imagem":{"fullsize":{"url":"https:\/\/portalv1.com.br\/app\/wp-content\/uploads\/2026\/01\/WhatsApp-Image-2026-01-05-at-07.59.47.jpeg","width":1600,"height":1200},"medium":{"url":"https:\/\/portalv1.com.br\/app\/wp-content\/uploads\/2026\/01\/WhatsApp-Image-2026-01-05-at-07.59.47-300x225.jpeg","width":300,"height":225},"large":{"url":"https:\/\/portalv1.com.br\/app\/wp-content\/uploads\/2026\/01\/WhatsApp-Image-2026-01-05-at-07.59.47-640x480.jpeg","width":640,"height":480},"thumbnail":{"url":"https:\/\/portalv1.com.br\/app\/wp-content\/uploads\/2026\/01\/WhatsApp-Image-2026-01-05-at-07.59.47-100x100.jpeg","width":100,"height":100},"medium_large":{"url":"https:\/\/portalv1.com.br\/app\/wp-content\/uploads\/2026\/01\/WhatsApp-Image-2026-01-05-at-07.59.47-768x576.jpeg","width":768,"height":576},"1536x1536":{"url":"https:\/\/portalv1.com.br\/app\/wp-content\/uploads\/2026\/01\/WhatsApp-Image-2026-01-05-at-07.59.47-1536x1152.jpeg","width":1536,"height":1152}},"data":{"simple":"05\/01\/2026","date_time":"05\/01\/2026 07:54:35","date":"h\u00e1 4 meses"},"chapeu":"Veja detalhes ","source":"slide"},"_links":{"self":[{"href":"https:\/\/portalv1.com.br\/api\/wp\/v2\/posts\/254381","targetHints":{"allow":["GET"]}}],"collection":[{"href":"https:\/\/portalv1.com.br\/api\/wp\/v2\/posts"}],"about":[{"href":"https:\/\/portalv1.com.br\/api\/wp\/v2\/types\/post"}],"author":[{"embeddable":true,"href":"https:\/\/portalv1.com.br\/api\/wp\/v2\/users\/1"}],"replies":[{"embeddable":true,"href":"https:\/\/portalv1.com.br\/api\/wp\/v2\/comments?post=254381"}],"version-history":[{"count":0,"href":"https:\/\/portalv1.com.br\/api\/wp\/v2\/posts\/254381\/revisions"}],"wp:featuredmedia":[{"embeddable":true,"href":"https:\/\/portalv1.com.br\/api\/wp\/v2\/media\/254383"}],"wp:attachment":[{"href":"https:\/\/portalv1.com.br\/api\/wp\/v2\/media?parent=254381"}],"wp:term":[{"taxonomy":"category","embeddable":true,"href":"https:\/\/portalv1.com.br\/api\/wp\/v2\/categories?post=254381"},{"taxonomy":"post_tag","embeddable":true,"href":"https:\/\/portalv1.com.br\/api\/wp\/v2\/tags?post=254381"}],"curies":[{"name":"wp","href":"https:\/\/api.w.org\/{rel}","templated":true}]}}