{"id":254459,"date":"2026-01-10T11:06:00","date_gmt":"2026-01-10T14:06:00","guid":{"rendered":"https:\/\/portalv1.com.br\/?p=254459"},"modified":"2026-01-10T09:09:18","modified_gmt":"2026-01-10T12:09:18","slug":"lagoa-do-sitio-se-despede-do-pastor-adelino-jose-de-souza","status":"publish","type":"post","link":"https:\/\/portalv1.com.br\/lagoa-do-sitio-se-despede-do-pastor-adelino-jose-de-souza\/","title":{"rendered":"Lagoa do S\u00edtio se despede do pastor Adelino Jos\u00e9 de Souza"},"content":{"rendered":"\n<p>Foi sepultado neste s\u00e1bado, 10 de janeiro, no cemit\u00e9rio da localidade Pinicada, zona rural de Lagoa do S\u00edtio-PI, o corpo do pastor Adelino Jos\u00e9 de Souza, de 63 anos. O l\u00edder religioso faleceu em decorr\u00eancia de complica\u00e7\u00f5es causadas por um acidente de trabalho ocorrido no dia 21 de dezembro, quando caiu de uma escada enquanto realizava uma reforma na igreja que pastoreava.<\/p>\n\n\n\n<p>Desde o acidente, o pastor estava internado no Hospital Regional Justino Luz, na cidade de Picos, onde veio a \u00f3bito na manh\u00e3 da sexta-feira, 9 de janeiro. A not\u00edcia de sua morte causou como\u00e7\u00e3o entre familiares, fi\u00e9is e moradores do munic\u00edpio.<\/p>\n\n\n\n<p>Pastor Adelino era l\u00edder da Igreja Assembleia de Deus, Minist\u00e9rio CEMADEPI, em Lagoa do S\u00edtio. Ao longo de sua trajet\u00f3ria ministerial, dedicou-se intensamente \u00e0 obra pastoral e ao desenvolvimento de trabalhos mission\u00e1rios no munic\u00edpio e em regi\u00f5es vizinhas, deixando um legado de f\u00e9, servi\u00e7o e compromisso crist\u00e3o.<\/p>\n\n\n\n<p>O corpo foi velado em sua resid\u00eancia, localizada na Avenida Mundim Ferreira, em Lagoa do S\u00edtio.<\/p>\n\n\n<figure class=\"wp-block-post-featured-image\"><img loading=\"lazy\" decoding=\"async\" width=\"1080\" height=\"1622\" src=\"https:\/\/portalv1.com.br\/app\/wp-content\/uploads\/2026\/01\/screenshot_2026-01-09-20-51-26-252_com4083279192985714790.jpg\" class=\"attachment-post-thumbnail size-post-thumbnail wp-post-image\" alt=\"\" style=\"object-fit:cover;\" srcset=\"https:\/\/portalv1.com.br\/app\/wp-content\/uploads\/2026\/01\/screenshot_2026-01-09-20-51-26-252_com4083279192985714790.jpg 1080w, https:\/\/portalv1.com.br\/app\/wp-content\/uploads\/2026\/01\/screenshot_2026-01-09-20-51-26-252_com4083279192985714790-300x451.jpg 300w, https:\/\/portalv1.com.br\/app\/wp-content\/uploads\/2026\/01\/screenshot_2026-01-09-20-51-26-252_com4083279192985714790-640x961.jpg 640w, https:\/\/portalv1.com.br\/app\/wp-content\/uploads\/2026\/01\/screenshot_2026-01-09-20-51-26-252_com4083279192985714790-768x1153.jpg 768w, https:\/\/portalv1.com.br\/app\/wp-content\/uploads\/2026\/01\/screenshot_2026-01-09-20-51-26-252_com4083279192985714790-1023x1536.jpg 1023w\" sizes=\"auto, (max-width: 1080px) 100vw, 1080px\" \/><\/figure>\n\n\n<p><\/p>\n","protected":false},"excerpt":{"rendered":"<p>Foi sepultado neste s\u00e1bado, 10 de janeiro, no cemit\u00e9rio da localidade Pinicada, zona rural de Lagoa do S\u00edtio-PI, o corpo do pastor Adelino Jos\u00e9 de Souza, de 63 anos. O&#8230;<\/p>\n","protected":false},"author":1,"featured_media":254460,"comment_status":"open","ping_status":"open","sticky":false,"template":"","format":"standard","meta":{"ngg_post_thumbnail":0,"footnotes":""},"categories":[243],"tags":[],"class_list":["post-254459","post","type-post","status-publish","format-standard","has-post-thumbnail","hentry","category-geral"],"views":306,"meta_data":{"thumb":"https:\/\/portalv1.com.br\/app\/wp-content\/uploads\/2026\/01\/screenshot_2026-01-09-20-51-26-252_com4083279192985714790.jpg","imagem":{"fullsize":{"url":"https:\/\/portalv1.com.br\/app\/wp-content\/uploads\/2026\/01\/screenshot_2026-01-09-20-51-26-252_com4083279192985714790.jpg","width":1080,"height":1622},"medium":{"url":"https:\/\/portalv1.com.br\/app\/wp-content\/uploads\/2026\/01\/screenshot_2026-01-09-20-51-26-252_com4083279192985714790-300x451.jpg","width":300,"height":451},"large":{"url":"https:\/\/portalv1.com.br\/app\/wp-content\/uploads\/2026\/01\/screenshot_2026-01-09-20-51-26-252_com4083279192985714790-640x961.jpg","width":640,"height":961},"thumbnail":{"url":"https:\/\/portalv1.com.br\/app\/wp-content\/uploads\/2026\/01\/screenshot_2026-01-09-20-51-26-252_com4083279192985714790-100x100.jpg","width":100,"height":100},"medium_large":{"url":"https:\/\/portalv1.com.br\/app\/wp-content\/uploads\/2026\/01\/screenshot_2026-01-09-20-51-26-252_com4083279192985714790-768x1153.jpg","width":768,"height":1153},"1536x1536":{"url":"https:\/\/portalv1.com.br\/app\/wp-content\/uploads\/2026\/01\/screenshot_2026-01-09-20-51-26-252_com4083279192985714790-1023x1536.jpg","width":1023,"height":1536}},"data":{"simple":"10\/01\/2026","date_time":"10\/01\/2026 08:06:00","date":"h\u00e1 4 meses"},"chapeu":"Luto","source":"m_destacada"},"_links":{"self":[{"href":"https:\/\/portalv1.com.br\/api\/wp\/v2\/posts\/254459","targetHints":{"allow":["GET"]}}],"collection":[{"href":"https:\/\/portalv1.com.br\/api\/wp\/v2\/posts"}],"about":[{"href":"https:\/\/portalv1.com.br\/api\/wp\/v2\/types\/post"}],"author":[{"embeddable":true,"href":"https:\/\/portalv1.com.br\/api\/wp\/v2\/users\/1"}],"replies":[{"embeddable":true,"href":"https:\/\/portalv1.com.br\/api\/wp\/v2\/comments?post=254459"}],"version-history":[{"count":0,"href":"https:\/\/portalv1.com.br\/api\/wp\/v2\/posts\/254459\/revisions"}],"wp:featuredmedia":[{"embeddable":true,"href":"https:\/\/portalv1.com.br\/api\/wp\/v2\/media\/254460"}],"wp:attachment":[{"href":"https:\/\/portalv1.com.br\/api\/wp\/v2\/media?parent=254459"}],"wp:term":[{"taxonomy":"category","embeddable":true,"href":"https:\/\/portalv1.com.br\/api\/wp\/v2\/categories?post=254459"},{"taxonomy":"post_tag","embeddable":true,"href":"https:\/\/portalv1.com.br\/api\/wp\/v2\/tags?post=254459"}],"curies":[{"name":"wp","href":"https:\/\/api.w.org\/{rel}","templated":true}]}}