{"id":254484,"date":"2026-01-12T22:20:50","date_gmt":"2026-01-13T01:20:50","guid":{"rendered":"https:\/\/portalv1.com.br\/?p=254484"},"modified":"2026-01-12T22:21:25","modified_gmt":"2026-01-13T01:21:25","slug":"iara-costa-anuncia-inicio-dos-trabalhos-na-secretaria-municipal-de-educacao-de-valenca","status":"publish","type":"post","link":"https:\/\/portalv1.com.br\/iara-costa-anuncia-inicio-dos-trabalhos-na-secretaria-municipal-de-educacao-de-valenca\/","title":{"rendered":"Iara Costa anuncia in\u00edcio dos trabalhos na Secretaria Municipal de Educa\u00e7\u00e3o de Valen\u00e7a"},"content":{"rendered":"\n<p>A Secretaria Municipal de Educa\u00e7\u00e3o de Valen\u00e7a do Piau\u00ed deu in\u00edcio a mais um ciclo de atividades, marcando o retorno dos trabalhos administrativos e pedag\u00f3gicos para o ano letivo de 2026. O momento \u00e9 de planejamento, organiza\u00e7\u00e3o e prepara\u00e7\u00e3o das unidades escolares da rede municipal, que se encontram prontas para receber os estudantes.<\/p>\n\n\n\n<p>Nas redes sociais, a secret\u00e1ria municipal de Educa\u00e7\u00e3o, Iara Costa, destacou o in\u00edcio das atividades e o compromisso da gest\u00e3o com a melhoria cont\u00ednua do ensino no munic\u00edpio.<\/p>\n\n\n\n<p>\u201cEstamos iniciando mais um ciclo na Secretaria Municipal de Educa\u00e7\u00e3o, e este momento marca o retorno das nossas atividades com energias renovadas e metas ainda mais desafiadoras para 2026\u201d.<\/p>\n\n\n\n<p>Segundo a secret\u00e1ria, toda a equipe da pasta j\u00e1 est\u00e1 envolvida em um processo de organiza\u00e7\u00e3o que visa garantir um ano letivo produtivo e acolhedor.<\/p>\n\n\n\n<p>\u201cToda a equipe da SEME j\u00e1 est\u00e1 mobilizada em um processo cuidadoso de planejamento e organiza\u00e7\u00e3o, com o prop\u00f3sito de garantir que este ano seja ainda mais produtivo, acolhedor e significativo para todos\u201d.<\/p>\n\n\n\n<p>Iara Costa tamb\u00e9m ressaltou que as escolas da rede municipal est\u00e3o preparadas para receber os alunos, com foco na melhoria da aprendizagem e no fortalecimento das pr\u00e1ticas pedag\u00f3gicas.<\/p>\n\n\n\n<p>\u201cAs escolas da nossa rede est\u00e3o preparadas e motivadas para receber cada estudante, trazendo uma nova din\u00e2mica de trabalho voltada \u00e0 melhoria da aprendizagem e ao fortalecimento das pr\u00e1ticas pedag\u00f3gicas\u201d.<\/p>\n\n\n\n<p>A secret\u00e1ria enfatizou ainda o compromisso com ambientes educacionais mais estruturados e humanizados.<\/p>\n\n\n\n<p>\u201cEstamos comprometidos em oferecer ambientes educativos mais estruturados, humanizados e alinhados \u00e0s necessidades de cada comunidade escolar\u201d.<\/p>\n\n\n\n<p>Reafirmando seu papel \u00e0 frente da pasta, Iara Costa destacou o empenho da gest\u00e3o municipal no avan\u00e7o da educa\u00e7\u00e3o em todos os aspectos.<\/p>\n\n\n\n<p>\u201cComo secret\u00e1ria de educa\u00e7\u00e3o, reafirmo meu compromisso com o desenvolvimento do nosso munic\u00edpio. Seguimos trabalhando incansavelmente para avan\u00e7ar tanto na parte funcional e estrutural quanto na qualidade do ensino em todas as modalidades\u201d.<\/p>\n\n\n\n<p>Por fim, a gestora deixou uma mensagem de otimismo e compromisso com os estudantes e toda a comunidade escolar.<\/p>\n\n\n\n<p>\u201cNosso foco \u00e9 assegurar que cada estudante tenha acesso a oportunidades reais de crescimento, participa\u00e7\u00e3o e sucesso escolar. Que 2026 seja um ano de novas conquistas, de evolu\u00e7\u00e3o coletiva e de fortalecimento da nossa educa\u00e7\u00e3o municipal. Continuamos juntos, com responsabilidade e dedica\u00e7\u00e3o, construindo uma rede cada vez mais forte e transformadora\u201d.<\/p>\n\n\n\n<p>A Secretaria Municipal de Educa\u00e7\u00e3o refor\u00e7a que as matr\u00edculas na rede municipal de ensino de Valen\u00e7a do Piau\u00ed seguem abertas at\u00e9 o dia 30 de janeiro, e orienta pais e respons\u00e1veis a procurarem as unidades escolares para garantir a vaga dos estudantes.<\/p>\n\n\n<figure class=\"wp-block-post-featured-image\"><img loading=\"lazy\" decoding=\"async\" width=\"960\" height=\"910\" src=\"https:\/\/portalv1.com.br\/app\/wp-content\/uploads\/2026\/01\/WhatsApp-Image-2026-01-12-at-22.20.23.jpeg\" class=\"attachment-post-thumbnail size-post-thumbnail wp-post-image\" alt=\"\" style=\"object-fit:cover;\" srcset=\"https:\/\/portalv1.com.br\/app\/wp-content\/uploads\/2026\/01\/WhatsApp-Image-2026-01-12-at-22.20.23.jpeg 960w, https:\/\/portalv1.com.br\/app\/wp-content\/uploads\/2026\/01\/WhatsApp-Image-2026-01-12-at-22.20.23-300x284.jpeg 300w, https:\/\/portalv1.com.br\/app\/wp-content\/uploads\/2026\/01\/WhatsApp-Image-2026-01-12-at-22.20.23-640x607.jpeg 640w, https:\/\/portalv1.com.br\/app\/wp-content\/uploads\/2026\/01\/WhatsApp-Image-2026-01-12-at-22.20.23-768x728.jpeg 768w\" sizes=\"auto, (max-width: 960px) 100vw, 960px\" \/><\/figure>","protected":false},"excerpt":{"rendered":"<p>A Secretaria Municipal de Educa\u00e7\u00e3o de Valen\u00e7a do Piau\u00ed deu in\u00edcio a mais um ciclo de atividades, marcando o retorno dos trabalhos administrativos e pedag\u00f3gicos para o ano letivo de&#8230;<\/p>\n","protected":false},"author":1,"featured_media":254486,"comment_status":"open","ping_status":"open","sticky":false,"template":"","format":"standard","meta":{"ngg_post_thumbnail":0,"footnotes":""},"categories":[243],"tags":[],"class_list":["post-254484","post","type-post","status-publish","format-standard","has-post-thumbnail","hentry","category-geral"],"views":281,"meta_data":{"thumb":"https:\/\/portalv1.com.br\/app\/wp-content\/uploads\/2026\/01\/WhatsApp-Image-2026-01-12-at-22.20.23.jpeg","imagem":{"fullsize":{"url":"https:\/\/portalv1.com.br\/app\/wp-content\/uploads\/2026\/01\/WhatsApp-Image-2026-01-12-at-22.20.23.jpeg","width":960,"height":910},"medium":{"url":"https:\/\/portalv1.com.br\/app\/wp-content\/uploads\/2026\/01\/WhatsApp-Image-2026-01-12-at-22.20.23-300x284.jpeg","width":300,"height":284},"large":{"url":"https:\/\/portalv1.com.br\/app\/wp-content\/uploads\/2026\/01\/WhatsApp-Image-2026-01-12-at-22.20.23-640x607.jpeg","width":640,"height":607},"thumbnail":{"url":"https:\/\/portalv1.com.br\/app\/wp-content\/uploads\/2026\/01\/WhatsApp-Image-2026-01-12-at-22.20.23-100x100.jpeg","width":100,"height":100},"medium_large":{"url":"https:\/\/portalv1.com.br\/app\/wp-content\/uploads\/2026\/01\/WhatsApp-Image-2026-01-12-at-22.20.23-768x728.jpeg","width":768,"height":728}},"data":{"simple":"12\/01\/2026","date_time":"12\/01\/2026 19:20:50","date":"h\u00e1 4 meses"},"chapeu":"Veja detalhes ","source":"slide"},"_links":{"self":[{"href":"https:\/\/portalv1.com.br\/api\/wp\/v2\/posts\/254484","targetHints":{"allow":["GET"]}}],"collection":[{"href":"https:\/\/portalv1.com.br\/api\/wp\/v2\/posts"}],"about":[{"href":"https:\/\/portalv1.com.br\/api\/wp\/v2\/types\/post"}],"author":[{"embeddable":true,"href":"https:\/\/portalv1.com.br\/api\/wp\/v2\/users\/1"}],"replies":[{"embeddable":true,"href":"https:\/\/portalv1.com.br\/api\/wp\/v2\/comments?post=254484"}],"version-history":[{"count":0,"href":"https:\/\/portalv1.com.br\/api\/wp\/v2\/posts\/254484\/revisions"}],"wp:featuredmedia":[{"embeddable":true,"href":"https:\/\/portalv1.com.br\/api\/wp\/v2\/media\/254486"}],"wp:attachment":[{"href":"https:\/\/portalv1.com.br\/api\/wp\/v2\/media?parent=254484"}],"wp:term":[{"taxonomy":"category","embeddable":true,"href":"https:\/\/portalv1.com.br\/api\/wp\/v2\/categories?post=254484"},{"taxonomy":"post_tag","embeddable":true,"href":"https:\/\/portalv1.com.br\/api\/wp\/v2\/tags?post=254484"}],"curies":[{"name":"wp","href":"https:\/\/api.w.org\/{rel}","templated":true}]}}