{"id":254547,"date":"2026-01-16T08:26:04","date_gmt":"2026-01-16T11:26:04","guid":{"rendered":"https:\/\/portalv1.com.br\/?p=254547"},"modified":"2026-01-16T08:26:05","modified_gmt":"2026-01-16T11:26:05","slug":"matriculas-das-escolas-de-tempo-integral-sao-prorrogadas-pela-seduc","status":"publish","type":"post","link":"https:\/\/portalv1.com.br\/matriculas-das-escolas-de-tempo-integral-sao-prorrogadas-pela-seduc\/","title":{"rendered":"Matr\u00edculas das Escolas de Tempo Integral s\u00e3o prorrogadas pela Seduc"},"content":{"rendered":"\n<p>O per\u00edodo de matr\u00edculas para novos estudantes das Escolas de Tempo Integral da Secretaria de Estado da Educa\u00e7\u00e3o do Piau\u00ed (Seduc\/PI) foi prorrogado at\u00e9 o dia 30 de janeiro. O procedimento \u00e9 realizado de forma totalmente on-line, por meio do site seduc.pi.gov.br\/matricula. O ano letivo da rede estadual inicia no dia 19 de fevereiro.<\/p>\n\n\n\n<p>As vagas dispon\u00edveis contemplam escolas dos n\u00edveis Fundamental e M\u00e9dio, nas modalidades Regular, Educa\u00e7\u00e3o Profissional, Educa\u00e7\u00e3o de Jovens e Adultos (EJA), Educa\u00e7\u00e3o Especial, Educa\u00e7\u00e3o do Campo, Educa\u00e7\u00e3o Escolar Ind\u00edgena e Educa\u00e7\u00e3o Escolar Quilombola.<\/p>\n\n\n\n<p>Para acessar a plataforma de matr\u00edcula, \u00e9 necess\u00e1rio que o estudante ou o respons\u00e1vel legal possua uma conta ativa no Gov.Pi, que funciona como identifica\u00e7\u00e3o digital. O processo envolve o preenchimento dos dados cadastrais, o envio de documentos digitalizados e a valida\u00e7\u00e3o eletr\u00f4nica pela Secretaria Escolar da unidade escolhida.<\/p>\n\n\n\n<p>Com o objetivo de garantir o acesso de todos os estudantes, especialmente daqueles que enfrentam dificuldades de conex\u00e3o com a internet, a Seduc est\u00e1 assegurando apoio presencial nas escolas da Rede P\u00fablica Estadual. Nessas unidades, as equipes utilizam o pr\u00f3prio sistema on-line para auxiliar no preenchimento das matr\u00edculas. Em caso de d\u00favidas ou dificuldades durante o processo, estudantes e respons\u00e1veis tamb\u00e9m podem entrar em contato pelo e-mail matricula@seduc.pi.gov.br.<\/p>\n\n\n\n<p>O Secret\u00e1rio de Estado da Educa\u00e7\u00e3o, Rodrigo Torres, destacou que a prorroga\u00e7\u00e3o do prazo amplia as oportunidades de acesso \u00e0 rede estadual e oferece mais tranquilidade \u00e0s fam\u00edlias no momento da escolha da escola.<\/p>\n\n\n\n<p>\u201cNosso objetivo \u00e9 garantir que todos consigam realizar o processo digital de forma tranquila e segura, com o suporte necess\u00e1rio. Estamos preparando um ano letivo especial, com escolas que contam com infraestrutura de padr\u00e3o elevado, ambientes climatizados, laborat\u00f3rios modernos, bibliotecas revitalizadas e espa\u00e7os esportivos e culturais que fortalecem a forma\u00e7\u00e3o integral dos estudantes\u201d, afirmou.<\/p>\n\n\n\n<p>Para efetivar a matr\u00edcula, os estudantes devem anexar documento de identifica\u00e7\u00e3o com foto, comprovante de resid\u00eancia atualizado do estudante ou respons\u00e1vel, al\u00e9m do certificado de conclus\u00e3o e hist\u00f3rico escolar do Ensino Fundamental para quem vai ingressar no Ensino M\u00e9dio. No caso de estudantes que ingressar\u00e3o na EJA, \u00e9 necess\u00e1rio apresentar hist\u00f3rico escolar ou avalia\u00e7\u00e3o diagn\u00f3stica para fins de classifica\u00e7\u00e3o.<\/p>\n\n\n<figure class=\"wp-block-post-featured-image\"><img loading=\"lazy\" decoding=\"async\" width=\"2048\" height=\"1365\" src=\"https:\/\/portalv1.com.br\/app\/wp-content\/uploads\/2026\/01\/seduc-educacao.jpeg\" class=\"attachment-post-thumbnail size-post-thumbnail wp-post-image\" alt=\"\" style=\"object-fit:cover;\" srcset=\"https:\/\/portalv1.com.br\/app\/wp-content\/uploads\/2026\/01\/seduc-educacao.jpeg 2048w, https:\/\/portalv1.com.br\/app\/wp-content\/uploads\/2026\/01\/seduc-educacao-300x200.jpeg 300w, https:\/\/portalv1.com.br\/app\/wp-content\/uploads\/2026\/01\/seduc-educacao-640x427.jpeg 640w, https:\/\/portalv1.com.br\/app\/wp-content\/uploads\/2026\/01\/seduc-educacao-768x512.jpeg 768w, https:\/\/portalv1.com.br\/app\/wp-content\/uploads\/2026\/01\/seduc-educacao-1536x1024.jpeg 1536w\" sizes=\"auto, (max-width: 2048px) 100vw, 2048px\" \/><\/figure>","protected":false},"excerpt":{"rendered":"<p>O per\u00edodo de matr\u00edculas para novos estudantes das Escolas de Tempo Integral da Secretaria de Estado da Educa\u00e7\u00e3o do Piau\u00ed (Seduc\/PI) foi prorrogado at\u00e9 o dia 30 de janeiro. O&#8230;<\/p>\n","protected":false},"author":1,"featured_media":254548,"comment_status":"open","ping_status":"open","sticky":false,"template":"","format":"standard","meta":{"ngg_post_thumbnail":0,"footnotes":""},"categories":[243],"tags":[],"class_list":["post-254547","post","type-post","status-publish","format-standard","has-post-thumbnail","hentry","category-geral"],"views":93,"meta_data":{"thumb":"https:\/\/portalv1.com.br\/app\/wp-content\/uploads\/2026\/01\/seduc-educacao.jpeg","imagem":{"fullsize":{"url":"https:\/\/portalv1.com.br\/app\/wp-content\/uploads\/2026\/01\/seduc-educacao.jpeg","width":2048,"height":1365},"medium":{"url":"https:\/\/portalv1.com.br\/app\/wp-content\/uploads\/2026\/01\/seduc-educacao-300x200.jpeg","width":300,"height":200},"large":{"url":"https:\/\/portalv1.com.br\/app\/wp-content\/uploads\/2026\/01\/seduc-educacao-640x427.jpeg","width":640,"height":427},"thumbnail":{"url":"https:\/\/portalv1.com.br\/app\/wp-content\/uploads\/2026\/01\/seduc-educacao-100x100.jpeg","width":100,"height":100},"medium_large":{"url":"https:\/\/portalv1.com.br\/app\/wp-content\/uploads\/2026\/01\/seduc-educacao-768x512.jpeg","width":768,"height":512},"1536x1536":{"url":"https:\/\/portalv1.com.br\/app\/wp-content\/uploads\/2026\/01\/seduc-educacao-1536x1024.jpeg","width":1536,"height":1024}},"data":{"simple":"16\/01\/2026","date_time":"16\/01\/2026 05:26:04","date":"h\u00e1 3 meses"},"chapeu":"Veja detalhes ","source":"slide"},"_links":{"self":[{"href":"https:\/\/portalv1.com.br\/api\/wp\/v2\/posts\/254547","targetHints":{"allow":["GET"]}}],"collection":[{"href":"https:\/\/portalv1.com.br\/api\/wp\/v2\/posts"}],"about":[{"href":"https:\/\/portalv1.com.br\/api\/wp\/v2\/types\/post"}],"author":[{"embeddable":true,"href":"https:\/\/portalv1.com.br\/api\/wp\/v2\/users\/1"}],"replies":[{"embeddable":true,"href":"https:\/\/portalv1.com.br\/api\/wp\/v2\/comments?post=254547"}],"version-history":[{"count":0,"href":"https:\/\/portalv1.com.br\/api\/wp\/v2\/posts\/254547\/revisions"}],"wp:featuredmedia":[{"embeddable":true,"href":"https:\/\/portalv1.com.br\/api\/wp\/v2\/media\/254548"}],"wp:attachment":[{"href":"https:\/\/portalv1.com.br\/api\/wp\/v2\/media?parent=254547"}],"wp:term":[{"taxonomy":"category","embeddable":true,"href":"https:\/\/portalv1.com.br\/api\/wp\/v2\/categories?post=254547"},{"taxonomy":"post_tag","embeddable":true,"href":"https:\/\/portalv1.com.br\/api\/wp\/v2\/tags?post=254547"}],"curies":[{"name":"wp","href":"https:\/\/api.w.org\/{rel}","templated":true}]}}