{"id":254808,"date":"2026-01-23T11:12:22","date_gmt":"2026-01-23T14:12:22","guid":{"rendered":"https:\/\/portalv1.com.br\/?p=254808"},"modified":"2026-01-23T11:12:22","modified_gmt":"2026-01-23T14:12:22","slug":"prefeitura-de-francinopolis-realiza-capacitacao-tecnica-sobre-gestao-e-fiscalizacao-de-contratos-administrativos","status":"publish","type":"post","link":"https:\/\/portalv1.com.br\/prefeitura-de-francinopolis-realiza-capacitacao-tecnica-sobre-gestao-e-fiscalizacao-de-contratos-administrativos\/","title":{"rendered":"Prefeitura de Francin\u00f3polis realiza capacita\u00e7\u00e3o t\u00e9cnica sobre Gest\u00e3o e Fiscaliza\u00e7\u00e3o de Contratos Administrativos"},"content":{"rendered":"\n<p>A Prefeitura de Francin\u00f3polis, por meio da Secretaria Municipal de Administra\u00e7\u00e3o, realizou nesta quinta-feira (22) uma capacita\u00e7\u00e3o t\u00e9cnica voltada \u00e0 Gest\u00e3o e Fiscaliza\u00e7\u00e3o de Contratos Administrativos, no Audit\u00f3rio do Plen\u00e1rio Antonio Soares da Fons\u00eaca, localizado na C\u00e2mara Municipal.<\/p>\n\n\n\n<p>O encontro reuniu gestores de contratos, fiscais de contrato, agentes de contrata\u00e7\u00e3o e pregoeiros, al\u00e9m de assessores, Controladoria Interna e servidores p\u00fablicos.<\/p>\n\n\n\n<p>A capacita\u00e7\u00e3o foi ministrada por Giovanna Garcia, auditora governamental da SEFAZ &#8211; Secretaria da Fazenda, MBA em Controladoria, Auditoria e Compliance pela Funda\u00e7\u00e3o Getulio Vargas (FGV), p\u00f3s-graduada em Licita\u00e7\u00f5es e Contratos (OAB-PI) e professora. O tema abordado foi \u201cFui designado(a) Fiscal de Contratos, e agora?\u201d, com foco nas atribui\u00e7\u00f5es, responsabilidades e boas pr\u00e1ticas relacionadas \u00e0 fiscaliza\u00e7\u00e3o contratual.<\/p>\n\n\n\n<p>Durante o evento, a palestrante apresentou conte\u00fados pr\u00e1ticos e esclareceu d\u00favidas dos participantes, contribuindo para o fortalecimento t\u00e9cnico dos servidores municipais.<\/p>\n\n\n\n<p>Tamb\u00e9m estiveram presentes as secret\u00e1rias municipais Regiane Morais, da Secretaria de Administra\u00e7\u00e3o e Obras; Socorro Bandeira, da Secretaria de Assist\u00eancia Social; Liana Lopes, da Secretaria de Meio Ambiente e Turismo; e Eliane Morais, da Secretaria de Educa\u00e7\u00e3o, al\u00e9m do advogado Marcus Carvalho, que presta assessoria jur\u00eddica \u00e0 Prefeitura de Francin\u00f3polis.<\/p>\n\n\n\n<p>A iniciativa refor\u00e7a o compromisso da gest\u00e3o municipal com a qualifica\u00e7\u00e3o cont\u00ednua dos servidores p\u00fablicos, promovendo mais seguran\u00e7a jur\u00eddica, efici\u00eancia e transpar\u00eancia na gest\u00e3o e fiscaliza\u00e7\u00e3o dos contratos administrativos.<\/p>\n\n\n<div class=\"ngg-galleryoverview\" id=\"1\">\n              <div data-widget=\"Galeria\" data-props=\"{&quot;galeria&quot;:{&quot;max_page&quot;:1,&quot;total&quot;:4,&quot;gallery_id&quot;:1,&quot;images&quot;:[{&quot;thumbcode&quot;:&quot;https:\\\/\\\/portalv1.com.br\\\/app\\\/wp-content\\\/uploads\\\/2026\\\/01\\\/WhatsApp-Image-2026-01-22-at-17.24.17-400x250.jpeg&quot;,&quot;imageURL&quot;:&quot;https:\\\/\\\/portalv1.com.br\\\/app\\\/wp-content\\\/uploads\\\/2026\\\/01\\\/WhatsApp-Image-2026-01-22-at-17.24.17.jpeg&quot;,&quot;pid&quot;:254809,&quot;galleryid&quot;:1,&quot;description&quot;:&quot;&quot;,&quot;alttext&quot;:&quot;Prefeitura de Francin\\u00f3polis realiza capacita\\u00e7\\u00e3o t\\u00e9cnica sobre Gest\\u00e3o e Fiscaliza\\u00e7\\u00e3o de Contratos Administrativos&quot;,&quot;thumbnailURL&quot;:&quot;https:\\\/\\\/portalv1.com.br\\\/app\\\/wp-content\\\/uploads\\\/2026\\\/01\\\/WhatsApp-Image-2026-01-22-at-17.24.17-400x250.jpeg&quot;,&quot;style&quot;:&quot;&quot;},{&quot;thumbcode&quot;:&quot;https:\\\/\\\/portalv1.com.br\\\/app\\\/wp-content\\\/uploads\\\/2026\\\/01\\\/WhatsApp-Image-2026-01-22-at-17.24.10-400x250.jpeg&quot;,&quot;imageURL&quot;:&quot;https:\\\/\\\/portalv1.com.br\\\/app\\\/wp-content\\\/uploads\\\/2026\\\/01\\\/WhatsApp-Image-2026-01-22-at-17.24.10.jpeg&quot;,&quot;pid&quot;:254810,&quot;galleryid&quot;:1,&quot;description&quot;:&quot;&quot;,&quot;alttext&quot;:&quot;Prefeitura de Francin\\u00f3polis realiza capacita\\u00e7\\u00e3o t\\u00e9cnica sobre Gest\\u00e3o e Fiscaliza\\u00e7\\u00e3o de Contratos Administrativos&quot;,&quot;thumbnailURL&quot;:&quot;https:\\\/\\\/portalv1.com.br\\\/app\\\/wp-content\\\/uploads\\\/2026\\\/01\\\/WhatsApp-Image-2026-01-22-at-17.24.10-400x250.jpeg&quot;,&quot;style&quot;:&quot;&quot;},{&quot;thumbcode&quot;:&quot;https:\\\/\\\/portalv1.com.br\\\/app\\\/wp-content\\\/uploads\\\/2026\\\/01\\\/WhatsApp-Image-2026-01-22-at-17.24.09-400x250.jpeg&quot;,&quot;imageURL&quot;:&quot;https:\\\/\\\/portalv1.com.br\\\/app\\\/wp-content\\\/uploads\\\/2026\\\/01\\\/WhatsApp-Image-2026-01-22-at-17.24.09.jpeg&quot;,&quot;pid&quot;:254811,&quot;galleryid&quot;:1,&quot;description&quot;:&quot;&quot;,&quot;alttext&quot;:&quot;Prefeitura de Francin\\u00f3polis realiza capacita\\u00e7\\u00e3o t\\u00e9cnica sobre Gest\\u00e3o e Fiscaliza\\u00e7\\u00e3o de Contratos Administrativos&quot;,&quot;thumbnailURL&quot;:&quot;https:\\\/\\\/portalv1.com.br\\\/app\\\/wp-content\\\/uploads\\\/2026\\\/01\\\/WhatsApp-Image-2026-01-22-at-17.24.09-400x250.jpeg&quot;,&quot;style&quot;:&quot;&quot;},{&quot;thumbcode&quot;:&quot;https:\\\/\\\/portalv1.com.br\\\/app\\\/wp-content\\\/uploads\\\/2026\\\/01\\\/WhatsApp-Image-2026-01-22-at-17.24.15-400x250.jpeg&quot;,&quot;imageURL&quot;:&quot;https:\\\/\\\/portalv1.com.br\\\/app\\\/wp-content\\\/uploads\\\/2026\\\/01\\\/WhatsApp-Image-2026-01-22-at-17.24.15.jpeg&quot;,&quot;pid&quot;:254812,&quot;galleryid&quot;:1,&quot;description&quot;:&quot;&quot;,&quot;alttext&quot;:&quot;Prefeitura de Francin\\u00f3polis realiza capacita\\u00e7\\u00e3o t\\u00e9cnica sobre Gest\\u00e3o e Fiscaliza\\u00e7\\u00e3o de Contratos Administrativos&quot;,&quot;thumbnailURL&quot;:&quot;https:\\\/\\\/portalv1.com.br\\\/app\\\/wp-content\\\/uploads\\\/2026\\\/01\\\/WhatsApp-Image-2026-01-22-at-17.24.15-400x250.jpeg&quot;,&quot;style&quot;:&quot;&quot;}]}}\"><\/div>\n            <\/div>","protected":false},"excerpt":{"rendered":"<p>A Prefeitura de Francin\u00f3polis, por meio da Secretaria Municipal de Administra\u00e7\u00e3o, realizou nesta quinta-feira (22) uma capacita\u00e7\u00e3o t\u00e9cnica voltada \u00e0 Gest\u00e3o e Fiscaliza\u00e7\u00e3o de Contratos Administrativos, no Audit\u00f3rio do Plen\u00e1rio&#8230;<\/p>\n","protected":false},"author":1,"featured_media":254811,"comment_status":"open","ping_status":"open","sticky":false,"template":"","format":"standard","meta":{"ngg_post_thumbnail":0,"footnotes":""},"categories":[1522],"tags":[],"class_list":["post-254808","post","type-post","status-publish","format-standard","has-post-thumbnail","hentry","category-francinopolis"],"views":42,"meta_data":{"thumb":"https:\/\/portalv1.com.br\/app\/wp-content\/uploads\/2026\/01\/WhatsApp-Image-2026-01-22-at-17.24.09.jpeg","imagem":{"fullsize":{"url":"https:\/\/portalv1.com.br\/app\/wp-content\/uploads\/2026\/01\/WhatsApp-Image-2026-01-22-at-17.24.09.jpeg","width":1599,"height":1066},"medium":{"url":"https:\/\/portalv1.com.br\/app\/wp-content\/uploads\/2026\/01\/WhatsApp-Image-2026-01-22-at-17.24.09-300x200.jpeg","width":300,"height":200},"large":{"url":"https:\/\/portalv1.com.br\/app\/wp-content\/uploads\/2026\/01\/WhatsApp-Image-2026-01-22-at-17.24.09-640x427.jpeg","width":640,"height":427},"thumbnail":{"url":"https:\/\/portalv1.com.br\/app\/wp-content\/uploads\/2026\/01\/WhatsApp-Image-2026-01-22-at-17.24.09-100x100.jpeg","width":100,"height":100},"medium_large":{"url":"https:\/\/portalv1.com.br\/app\/wp-content\/uploads\/2026\/01\/WhatsApp-Image-2026-01-22-at-17.24.09-768x512.jpeg","width":768,"height":512},"1536x1536":{"url":"https:\/\/portalv1.com.br\/app\/wp-content\/uploads\/2026\/01\/WhatsApp-Image-2026-01-22-at-17.24.09-1536x1024.jpeg","width":1536,"height":1024}},"data":{"simple":"23\/01\/2026","date_time":"23\/01\/2026 08:12:22","date":"h\u00e1 3 meses"},"chapeu":"Veja como foi ","source":"slide"},"_links":{"self":[{"href":"https:\/\/portalv1.com.br\/api\/wp\/v2\/posts\/254808","targetHints":{"allow":["GET"]}}],"collection":[{"href":"https:\/\/portalv1.com.br\/api\/wp\/v2\/posts"}],"about":[{"href":"https:\/\/portalv1.com.br\/api\/wp\/v2\/types\/post"}],"author":[{"embeddable":true,"href":"https:\/\/portalv1.com.br\/api\/wp\/v2\/users\/1"}],"replies":[{"embeddable":true,"href":"https:\/\/portalv1.com.br\/api\/wp\/v2\/comments?post=254808"}],"version-history":[{"count":0,"href":"https:\/\/portalv1.com.br\/api\/wp\/v2\/posts\/254808\/revisions"}],"wp:featuredmedia":[{"embeddable":true,"href":"https:\/\/portalv1.com.br\/api\/wp\/v2\/media\/254811"}],"wp:attachment":[{"href":"https:\/\/portalv1.com.br\/api\/wp\/v2\/media?parent=254808"}],"wp:term":[{"taxonomy":"category","embeddable":true,"href":"https:\/\/portalv1.com.br\/api\/wp\/v2\/categories?post=254808"},{"taxonomy":"post_tag","embeddable":true,"href":"https:\/\/portalv1.com.br\/api\/wp\/v2\/tags?post=254808"}],"curies":[{"name":"wp","href":"https:\/\/api.w.org\/{rel}","templated":true}]}}