{"id":255119,"date":"2026-01-25T21:19:12","date_gmt":"2026-01-26T00:19:12","guid":{"rendered":"https:\/\/portalv1.com.br\/?p=255119"},"modified":"2026-02-02T08:11:57","modified_gmt":"2026-02-02T11:11:57","slug":"32-anos-de-barra-dalcantara-ze-santana-anuncia-obras-e-reforca-apoio-a-gestao-mardonio-soares","status":"publish","type":"post","link":"https:\/\/portalv1.com.br\/32-anos-de-barra-dalcantara-ze-santana-anuncia-obras-e-reforca-apoio-a-gestao-mardonio-soares\/","title":{"rendered":"32 anos de Barra D\u2019Alc\u00e2ntara: Z\u00e9 Santana anuncia obras e refor\u00e7a apoio \u00e0 gest\u00e3o Mard\u00f4nio Soares"},"content":{"rendered":"\n<p>A Prefeitura Municipal de Barra D\u2019Alc\u00e2ntara comemorou os 32 anos de emancipa\u00e7\u00e3o pol\u00edtica do munic\u00edpio com uma programa\u00e7\u00e3o especial que contou com a presen\u00e7a do secret\u00e1rio de Estado Z\u00e9 Santana. No \u00faltimo dia 23, o secret\u00e1rio e pr\u00e9-candidato a deputado Jos\u00e9 Santana participou das festividades e, durante o evento, anunciou investimentos e obras importantes para o munic\u00edpio.<\/p>\n\n\n\n<p>O prefeito Mard\u00f4nio Soares destacou a import\u00e2ncia da parceria institucional e os benef\u00edcios anunciados para a cidade.<\/p>\n\n\n\n<p>&nbsp;\u201cS\u00e3o 32 anos de emancipa\u00e7\u00e3o pol\u00edtica, e sempre \u00e9 um convite que eu fa\u00e7o ao nosso futuro deputado federal Z\u00e9 Santana, que nos ajuda muito, \u00e9 um prazer receb\u00ea-lo aqui, participar das festas, e ao mesmo tempo, ele veio aqui trazer novas not\u00edcias, boas not\u00edcias, uma ambul\u00e2ncia nova para o munic\u00edpio, uma van para transportar o pessoal da assistente social, para atender os programas sociais do munic\u00edpio, emendas atrav\u00e9s da amizade dele com o nosso ministro, o Wellington Dias, nosso governador, emenda para o custeio da assistente social e uma emenda de um milh\u00e3o e quinhentos para as estradas vicinais\u201d, destacou o prefeito.<\/p>\n\n\n\n<p>Mard\u00f4nio tamb\u00e9m agradeceu o apoio recebido ao longo da parceria pol\u00edtica. \u201cAproveitamos aqui o convite e a vinda do nosso futuro deputado para agradecer, entre outras coisas, que ele j\u00e1 mandou do passado, n\u00e3o \u00e9 o primeiro mandato que n\u00f3s temos esse compromisso pol\u00edtico, s\u00e3o v\u00e1rios, e vamos continuar e s\u00f3 tenho a agradecer ao nosso futuro deputado\u201d, disse.<\/p>\n\n\n\n<p>Ao lado do prefeito, o secret\u00e1rio Z\u00e9 Santana ressaltou o trabalho da gest\u00e3o municipal e a satisfa\u00e7\u00e3o em contribuir com o desenvolvimento da cidade.<\/p>\n\n\n\n<p>\u201cNos orgulha muito estarmos ao lado de um grande amigo e que \u00e9 um gestor exemplar, dedicado, esfor\u00e7ado, que estimula a gente cada vez mais a lutar para conseguir carregar o m\u00e1ximo poss\u00edvel de recursos, de benfeitorias para a cidade de Barra D\u2019Alc\u00e2ntara, porque a gente v\u00ea esta realiza\u00e7\u00e3o acontecendo, a gente v\u00ea a alegria do povo e, acima de tudo, a alegria do que ele tem vivido diultornamente em busca de cada vez mais trazer mais benef\u00edcios e melhorar a vida do povo da sua cidade\u201d, frisou.<\/p>\n\n\n\n<p>Z\u00e9 Santana tamb\u00e9m refor\u00e7ou o simbolismo da data comemorativa. \u201cEstamos aqui ao lado para ajud\u00e1-lo e para nos alegrarmos e comemor\u00e1-los juntos pela Barra D&#8217;Alc\u00e2ntara, por tudo que aqui tem sido feito nesta ocasi\u00e3o especial do anivers\u00e1rio dos seus 32 anos de emancipa\u00e7\u00e3o pol\u00edtica\u201d, destacou.<\/p>\n\n\n\n<p>O prefeito Mard\u00f4nio Soares ressaltou ainda a proximidade pol\u00edtica e pessoal com o secret\u00e1rio e anunciou um novo investimento em infraestrutura. \u201cAmigo pessoal e amigo pol\u00edtico, inclusive, ele veio trazer aqui um presente dele e do governador, comunicar o empenho do recurso da ponte do Rio Berlenga no valor 3 milh\u00f5es de reais, captado aqui pelo nosso futuro deputado, que \u00e9 secret\u00e1rio de governo\u201d, anunciou.<\/p>\n\n\n\n<p>O gestor municipal tamb\u00e9m falou sobre os investimentos na \u00e1rea esportiva. \u201cN\u00f3s estamos construindo um est\u00e1dio de futebol, com recurso do munic\u00edpio, e estamos construindo agora tr\u00eas quadras de esportes, na localidade Por enquanto, no Riach\u00e3o e aqui no centro da cidade. Temos tr\u00eas quadras de esportes e o nosso est\u00e1dio de futebol, que leva como homenagem o nome do meu pai, Tarc\u00edsio que vai ser chamado de Centro Esportivo Tarcis\u00e3o\u201d, ressaltou.<\/p>\n\n\n\n<p>Durante o evento, o secret\u00e1rio Z\u00e9 Santana parabenizou o munic\u00edpio e desejou prosperidade \u00e0 popula\u00e7\u00e3o. \u201cQue o anivers\u00e1rio desses 32 anos aqui de Barra \u00e9 desejar e pedir rogar a Deus principalmente que sem ele n\u00f3s n\u00e3o somos nada, que possa aben\u00e7oar cada vez mais a cidade da Barra D\u2019Alc\u00e2ntara e o seu povo, com gest\u00f5es do quilate da gest\u00e3o de Mard\u00f4nio Soares, de aben\u00e7oar as pessoas com muita sa\u00fade, com muita paz, com muito desenvolvimento, de oportunidades, de emprego, de realiza\u00e7\u00e3o, de independ\u00eancia e de proporcionar dignidade a todo ser humano que nesta cidade reside\u201d, externou.<\/p>\n\n\n\n<p>O prefeito Mard\u00f4nio Soares tamb\u00e9m deixou sua mensagem \u00e0 popula\u00e7\u00e3o. \u201cN\u00f3s estamos trabalhando e tentando fazer a cada dia muito mais, ent\u00e3o desejo a todo mundo, a todos os moradores de Barra D&#8217;Alc\u00e2ntara que tenha uma bela festa, uma comemora\u00e7\u00e3o muito boa e que tenham tamb\u00e9m a oportunidade de agradecer aos amigos que vieram prestigiar e os amigos que vieram trazer not\u00edcias boas aqui como nosso deputado, representando o governador Rafael Fonteles\u201d, concluiu.<\/p>\n\n\n\n<p>As comemora\u00e7\u00f5es pelos 32 anos de emancipa\u00e7\u00e3o pol\u00edtica de Barra D\u2019Alc\u00e2ntara refor\u00e7am o momento de celebra\u00e7\u00e3o e tamb\u00e9m de an\u00fancio de novos investimentos, marcando a data com a\u00e7\u00f5es voltadas ao desenvolvimento do munic\u00edpio.<\/p>\n\n\n\n<figure class=\"wp-block-embed is-type-video is-provider-youtube wp-block-embed-youtube wp-embed-aspect-16-9 wp-has-aspect-ratio\"><div class=\"wp-block-embed__wrapper\">\n<div class=\"content-iframe\" data-content-width=\"600\"><iframe loading=\"lazy\" title=\"O secret\u00e1rio do Trabalho e Emprego Z\u00e9 Santana visitou Barra D\u00b4Alc\u00e2ntara e fala de investimentos\" width=\"600\" height=\"338\" src=\"https:\/\/www.youtube.com\/embed\/MzU0vDS9oBU?feature=oembed\" frameborder=\"0\" allow=\"accelerometer; autoplay; clipboard-write; encrypted-media; gyroscope; picture-in-picture; web-share\" referrerpolicy=\"strict-origin-when-cross-origin\" allowfullscreen><\/iframe><\/div>\n<\/div><\/figure>\n","protected":false},"excerpt":{"rendered":"<p>A Prefeitura Municipal de Barra D\u2019Alc\u00e2ntara comemorou os 32 anos de emancipa\u00e7\u00e3o pol\u00edtica do munic\u00edpio com uma programa\u00e7\u00e3o especial que contou com a presen\u00e7a do secret\u00e1rio de Estado Z\u00e9 Santana&#8230;.<\/p>\n","protected":false},"author":1,"featured_media":255120,"comment_status":"open","ping_status":"open","sticky":false,"template":"","format":"standard","meta":{"ngg_post_thumbnail":0,"footnotes":""},"categories":[1525,243],"tags":[],"class_list":["post-255119","post","type-post","status-publish","format-standard","has-post-thumbnail","hentry","category-barra-dalcantara","category-geral"],"views":72,"meta_data":{"thumb":"https:\/\/portalv1.com.br\/app\/wp-content\/uploads\/2026\/01\/ze-santana.jpg","imagem":{"fullsize":{"url":"https:\/\/portalv1.com.br\/app\/wp-content\/uploads\/2026\/01\/ze-santana.jpg","width":1280,"height":720},"medium":{"url":"https:\/\/portalv1.com.br\/app\/wp-content\/uploads\/2026\/01\/ze-santana-300x169.jpg","width":300,"height":169},"large":{"url":"https:\/\/portalv1.com.br\/app\/wp-content\/uploads\/2026\/01\/ze-santana-640x360.jpg","width":640,"height":360},"thumbnail":{"url":"https:\/\/portalv1.com.br\/app\/wp-content\/uploads\/2026\/01\/ze-santana-100x100.jpg","width":100,"height":100},"medium_large":{"url":"https:\/\/portalv1.com.br\/app\/wp-content\/uploads\/2026\/01\/ze-santana-768x432.jpg","width":768,"height":432}},"data":{"simple":"25\/01\/2026","date_time":"25\/01\/2026 18:19:12","date":"h\u00e1 3 meses"},"chapeu":"Saiba mais","source":"foto_menor"},"_links":{"self":[{"href":"https:\/\/portalv1.com.br\/api\/wp\/v2\/posts\/255119","targetHints":{"allow":["GET"]}}],"collection":[{"href":"https:\/\/portalv1.com.br\/api\/wp\/v2\/posts"}],"about":[{"href":"https:\/\/portalv1.com.br\/api\/wp\/v2\/types\/post"}],"author":[{"embeddable":true,"href":"https:\/\/portalv1.com.br\/api\/wp\/v2\/users\/1"}],"replies":[{"embeddable":true,"href":"https:\/\/portalv1.com.br\/api\/wp\/v2\/comments?post=255119"}],"version-history":[{"count":0,"href":"https:\/\/portalv1.com.br\/api\/wp\/v2\/posts\/255119\/revisions"}],"wp:featuredmedia":[{"embeddable":true,"href":"https:\/\/portalv1.com.br\/api\/wp\/v2\/media\/255120"}],"wp:attachment":[{"href":"https:\/\/portalv1.com.br\/api\/wp\/v2\/media?parent=255119"}],"wp:term":[{"taxonomy":"category","embeddable":true,"href":"https:\/\/portalv1.com.br\/api\/wp\/v2\/categories?post=255119"},{"taxonomy":"post_tag","embeddable":true,"href":"https:\/\/portalv1.com.br\/api\/wp\/v2\/tags?post=255119"}],"curies":[{"name":"wp","href":"https:\/\/api.w.org\/{rel}","templated":true}]}}