{"id":255796,"date":"2026-01-27T12:24:47","date_gmt":"2026-01-27T15:24:47","guid":{"rendered":"https:\/\/portalv1.com.br\/?p=255796"},"modified":"2026-01-27T12:24:48","modified_gmt":"2026-01-27T15:24:48","slug":"justica-solta-homem-preso-por-furtar-5-pacotes-de-cafe-em-valenca","status":"publish","type":"post","link":"https:\/\/portalv1.com.br\/justica-solta-homem-preso-por-furtar-5-pacotes-de-cafe-em-valenca\/","title":{"rendered":"Justi\u00e7a solta homem preso por furtar 5 pacotes de caf\u00e9 em Valen\u00e7a"},"content":{"rendered":"\n<p>A Defensoria P\u00fablica do Estado do Piau\u00ed conquistou decis\u00e3o favor\u00e1vel a um Habeas Corpus impetrado em favor de P. H. dos S. S., que estava preso preventivamente acusado de subtrair cinco pacotes de caf\u00e9 de um com\u00e9rcio na cidade de Valen\u00e7a.<\/p>\n\n\n\n<p>O pedido foi formalizado por meio da Defensoria P\u00fablica, durante o Plant\u00e3o do polo de Picos, na ocasi\u00e3o sob responsabilidade do defensor p\u00fablico Vitor Oliveira Gon\u00e7alves Guerra, titular da 5\u00aa Defensoria P\u00fablica de Picos .<\/p>\n\n\n\n<p>No Habeas Corpus, a Defensoria alegou que n\u00e3o havia fundamenta\u00e7\u00e3o concreta para a pris\u00e3o preventiva do assistido, destacando n\u00e3o existir risco \u00e0 ordem p\u00fablica, bem como a primariedade do acusado, al\u00e9m da fragilidade dos registros apontados como antecedentes.<\/p>\n\n\n\n<p>Argumentou ainda ser a medida cautelar desproporcional em rela\u00e7\u00e3o \u00e0 conduta, havendo outras alternativas de puni\u00e7\u00e3o menos severas e mais resolutivas que a pris\u00e3o, conforme prev\u00ea o artigo 319 do C\u00f3digo de Processo Penal (CPP).<\/p>\n\n\n\n<p>A concess\u00e3o de uma liminar em Habeas Corpus exige a presen\u00e7a de dois requisitos: o fumus boni iuris, que indica a exist\u00eancia de ilegalidade no constrangimento, e o periculum in mora, que representa o risco de dano irrepar\u00e1vel. A defesa sustentou que a pris\u00e3o cautelar s\u00f3 deve ser aplicada quando realmente necess\u00e1ria para proteger os bens jur\u00eddicos amea\u00e7ados, seguindo o princ\u00edpio da proibi\u00e7\u00e3o de excesso.<\/p>\n\n\n\n<p>Respons\u00e1vel pelo caso, o desembargador Sebasti\u00e3o Ribeiro Martins, decidiu conceder parcialmente a liminar, determinando a expedi\u00e7\u00e3o do alvar\u00e1 de soltura para P. H. dos S. S., devendo o mesmo ser libertado imediatamente, sob condi\u00e7\u00e3o de comparecer periodicamente ao ju\u00edzo, para justificar suas atividades e informar sobre sua situa\u00e7\u00e3o.<\/p>\n\n\n\n<p>A decis\u00e3o foi baseada no entendimento de que o crime atribu\u00eddo n\u00e3o envolveu viol\u00eancia ou amea\u00e7a grave e que n\u00e3o havia evid\u00eancias de risco real e atual \u00e0 ordem p\u00fablica, podendo ser adequadamente abordado com medidas cautelares menos severas que a pris\u00e3o.<\/p>\n\n\n\n<p>Segundo o defensor p\u00fablico Vitor Guerra, essa abordagem busca equilibrar a prote\u00e7\u00e3o da sociedade com os direitos do acusado, especialmente considerando sua primariedade e as caracter\u00edsticas do caso. \u201cA atua\u00e7\u00e3o visou restabelecer a liberdade do custodiado ante uma pris\u00e3o preventiva, no nosso entender, desproporcional e carente de fundamenta\u00e7\u00e3o concreta. No caso em tela, a conduta de baixa ofensividade a subtra\u00e7\u00e3o de pacotes de caf\u00e9, sem viol\u00eancia ou grave amea\u00e7a n\u00e3o justifica a medida extrema. \u00c9 imperativo recordar que a segrega\u00e7\u00e3o cautelar deve ser tratada como medida excepcional, incidindo apenas quando as medidas cautelares diversas se mostrarem insuficientes. Diante do cen\u00e1rio de superlota\u00e7\u00e3o e da expressiva parcela de presos provis\u00f3rios no sistema carcer\u00e1rio brasileiro, os atores do sistema de justi\u00e7a possuem o dever funcional de impedir o encarceramento autom\u00e1tico. A Defensoria P\u00fablica reafirma seu papel constitucional na linha de frente dessa prote\u00e7\u00e3o, combatendo a normaliza\u00e7\u00e3o de decretos prisionais gen\u00e9ricos e garantindo que o princ\u00edpio da presun\u00e7\u00e3o de inoc\u00eancia seja uma realidade pr\u00e1tica, e n\u00e3o meramente te\u00f3rica\u201d, diz o defensor.<\/p>\n\n\n<figure class=\"wp-block-post-featured-image\"><img loading=\"lazy\" decoding=\"async\" width=\"1280\" height=\"720\" src=\"https:\/\/portalv1.com.br\/app\/wp-content\/uploads\/2026\/01\/cadeia.webp\" class=\"attachment-post-thumbnail size-post-thumbnail wp-post-image\" alt=\"\" style=\"object-fit:cover;\" srcset=\"https:\/\/portalv1.com.br\/app\/wp-content\/uploads\/2026\/01\/cadeia.webp 1280w, https:\/\/portalv1.com.br\/app\/wp-content\/uploads\/2026\/01\/cadeia-300x169.webp 300w, https:\/\/portalv1.com.br\/app\/wp-content\/uploads\/2026\/01\/cadeia-640x360.webp 640w, https:\/\/portalv1.com.br\/app\/wp-content\/uploads\/2026\/01\/cadeia-768x432.webp 768w\" sizes=\"auto, (max-width: 1280px) 100vw, 1280px\" \/><\/figure>","protected":false},"excerpt":{"rendered":"<p>A Defensoria P\u00fablica do Estado do Piau\u00ed conquistou decis\u00e3o favor\u00e1vel a um Habeas Corpus impetrado em favor de P. H. dos S. S., que estava preso preventivamente acusado de subtrair&#8230;<\/p>\n","protected":false},"author":1,"featured_media":255797,"comment_status":"open","ping_status":"open","sticky":false,"template":"","format":"standard","meta":{"ngg_post_thumbnail":0,"footnotes":""},"categories":[243],"tags":[],"class_list":["post-255796","post","type-post","status-publish","format-standard","has-post-thumbnail","hentry","category-geral"],"views":346,"meta_data":{"thumb":"https:\/\/portalv1.com.br\/app\/wp-content\/uploads\/2026\/01\/cadeia.webp","imagem":{"fullsize":{"url":"https:\/\/portalv1.com.br\/app\/wp-content\/uploads\/2026\/01\/cadeia.webp","width":1280,"height":720},"medium":{"url":"https:\/\/portalv1.com.br\/app\/wp-content\/uploads\/2026\/01\/cadeia-300x169.webp","width":300,"height":169},"large":{"url":"https:\/\/portalv1.com.br\/app\/wp-content\/uploads\/2026\/01\/cadeia-640x360.webp","width":640,"height":360},"thumbnail":{"url":"https:\/\/portalv1.com.br\/app\/wp-content\/uploads\/2026\/01\/cadeia-100x100.webp","width":100,"height":100},"medium_large":{"url":"https:\/\/portalv1.com.br\/app\/wp-content\/uploads\/2026\/01\/cadeia-768x432.webp","width":768,"height":432}},"data":{"simple":"27\/01\/2026","date_time":"27\/01\/2026 09:24:47","date":"h\u00e1 3 meses"},"chapeu":"Veja agora ","source":"slide"},"_links":{"self":[{"href":"https:\/\/portalv1.com.br\/api\/wp\/v2\/posts\/255796","targetHints":{"allow":["GET"]}}],"collection":[{"href":"https:\/\/portalv1.com.br\/api\/wp\/v2\/posts"}],"about":[{"href":"https:\/\/portalv1.com.br\/api\/wp\/v2\/types\/post"}],"author":[{"embeddable":true,"href":"https:\/\/portalv1.com.br\/api\/wp\/v2\/users\/1"}],"replies":[{"embeddable":true,"href":"https:\/\/portalv1.com.br\/api\/wp\/v2\/comments?post=255796"}],"version-history":[{"count":0,"href":"https:\/\/portalv1.com.br\/api\/wp\/v2\/posts\/255796\/revisions"}],"wp:featuredmedia":[{"embeddable":true,"href":"https:\/\/portalv1.com.br\/api\/wp\/v2\/media\/255797"}],"wp:attachment":[{"href":"https:\/\/portalv1.com.br\/api\/wp\/v2\/media?parent=255796"}],"wp:term":[{"taxonomy":"category","embeddable":true,"href":"https:\/\/portalv1.com.br\/api\/wp\/v2\/categories?post=255796"},{"taxonomy":"post_tag","embeddable":true,"href":"https:\/\/portalv1.com.br\/api\/wp\/v2\/tags?post=255796"}],"curies":[{"name":"wp","href":"https:\/\/api.w.org\/{rel}","templated":true}]}}