{"id":255928,"date":"2026-01-29T10:57:39","date_gmt":"2026-01-29T13:57:39","guid":{"rendered":"https:\/\/portalv1.com.br\/?p=255928"},"modified":"2026-01-29T21:47:15","modified_gmt":"2026-01-30T00:47:15","slug":"prefeitura-de-francinopolis-realiza-caminhada-do-janeiro-branco-voltada-aos-profissionais-da-saude","status":"publish","type":"post","link":"https:\/\/portalv1.com.br\/prefeitura-de-francinopolis-realiza-caminhada-do-janeiro-branco-voltada-aos-profissionais-da-saude\/","title":{"rendered":"Prefeitura de Francin\u00f3polis realiza caminhada do Janeiro Branco voltada aos profissionais da sa\u00fade"},"content":{"rendered":"\n<p>A Prefeitura Municipal de Francin\u00f3polis, por meio da Secretaria Municipal de Sa\u00fade, realizou nesta quarta-feira (28) uma caminhada alusiva \u00e0 campanha Janeiro Branco. A mobiliza\u00e7\u00e3o saiu da Escola Teresa Soares, seguiu at\u00e9 o centro da cidade e foi encerrada no patamar da igreja matriz. A a\u00e7\u00e3o teve como foco principal a conscientiza\u00e7\u00e3o sobre o cuidado com a sa\u00fade mental, direcionando a campanha, neste momento, especialmente aos profissionais da sa\u00fade que atuam no munic\u00edpio.<\/p>\n\n\n\n<p>Durante a programa\u00e7\u00e3o, a psic\u00f3loga Mary Anna destacou a import\u00e2ncia da iniciativa voltada para quem cuida da popula\u00e7\u00e3o diariamente. \u201cUm importante movimento da Secretaria de Sa\u00fade, em alus\u00e3o ao cuidado \u00e0 sa\u00fade mental, tendo em vista que n\u00f3s temos um grande n\u00famero de profissionais da \u00e1rea adoecidos, ent\u00e3o a Secretaria voltou esse olhar, esse cuidado, essa aten\u00e7\u00e3o para n\u00f3s mesmos, profissionais da \u00e1rea\u201d, explicou.<\/p>\n\n\n\n<p>A profissional tamb\u00e9m ressaltou o simbolismo do m\u00eas de janeiro dentro da campanha. \u201cN\u00f3s recebemos um papel em branco agora em janeiro, porque a gente trabalha o ano inteiro, n\u00f3s temos projetos, n\u00f3s temos propostas que n\u00f3s colocaremos em a\u00e7\u00e3o, uma pauta muito importante ao longo do ano, desenvolveremos muitos projetos voltados de fato para o cuidado \u00e0 sa\u00fade mental\u201d, refor\u00e7ou.<\/p>\n\n\n\n<p>Mary Anna ainda alertou para a necessidade do autocuidado entre os trabalhadores da \u00e1rea. \u201cMuitas vezes na correria a gente esquece do bem principal, que somos n\u00f3s mesmos, se n\u00f3s n\u00e3o tivermos esse olhar cuidadoso conosco mesmo, a gente n\u00e3o pode voltar esse cuidado, essa aten\u00e7\u00e3o para quem tamb\u00e9m necessita desse cuidado da aten\u00e7\u00e3o \u00e0 sa\u00fade mental\u201d, disse.<\/p>\n\n\n\n<p>A secret\u00e1ria municipal de Sa\u00fade, Edilene Camp\u00ealo, tamb\u00e9m falou sobre o objetivo da a\u00e7\u00e3o e a aten\u00e7\u00e3o especial aos servidores da pasta.<\/p>\n\n\n\n<p>\u201cHoje a gente trabalhou o Janeiro Branco, n\u00f3s ganhamos uma folha, como se diz no in\u00edcio de um ano, e a gente veio trabalhar esse m\u00eas, trabalhando cuidadosamente, o cuidado com o cuidador. Ent\u00e3o essa \u00e9 uma a\u00e7\u00e3o voltada para os funcion\u00e1rios da secretaria, para que a gente possa se cuidar, para cuidar do pr\u00f3ximo\u201d, destacou a secret\u00e1ria.<\/p>\n\n\n\n<p>Edilene Camp\u00ealo enfatizou ainda as parcerias e os servi\u00e7os voltados \u00e0 sa\u00fade mental no munic\u00edpio. A Secretaria de Sa\u00fade faz parcerias com o munic\u00edpio de Elesb\u00e3o Veloso, a gente tem todo um cuidado voltado, a\u00e7\u00f5es voltadas para o CAPS, para o adoecimento mental, para tratar as pessoas que t\u00eam transtorno, as pessoas que est\u00e3o adoecidas e as que est\u00e3o precisando desse trabalho para n\u00e3o adoecer\u201d, frisou.<\/p>\n\n\n\n<p>Por fim, a gestora refor\u00e7ou a import\u00e2ncia de discutir o tema diante da rotina acelerada vivenciada pela popula\u00e7\u00e3o e pelos profissionais.<\/p>\n\n\n\n<p>\u201cA ansiedade est\u00e1 a\u00ed, ela \u00e9 muito forte, ela \u00e9 muito latente na vida da popula\u00e7\u00e3o, ela \u00e9 muito latente na vida do profissional, que hoje a gente vive muito corrido, muito esquecido, muitas vezes a gente esquece desse cuidado. Ent\u00e3o, \u00e9 importante o tema, realmente \u00e9 muito importante, a gente precisa realmente olhar para cada um de n\u00f3s, para que amanh\u00e3 depois a gente possa ter sa\u00fade mental\u201d, concluiu.<\/p>\n\n\n\n<p>A caminhada marcou mais uma a\u00e7\u00e3o do munic\u00edpio dentro da campanha Janeiro Branco, refor\u00e7ando a import\u00e2ncia da preven\u00e7\u00e3o, do di\u00e1logo e do cuidado cont\u00ednuo com a sa\u00fade mental.<\/p>\n\n\n\n<figure class=\"wp-block-embed is-type-video is-provider-youtube wp-block-embed-youtube wp-embed-aspect-16-9 wp-has-aspect-ratio\"><div class=\"wp-block-embed__wrapper\">\n<div class=\"content-iframe\" data-content-width=\"600\"><iframe loading=\"lazy\" title=\"Caminhada do Janeiro Branco \u00e9 realizada em Francin\u00f3polis\" width=\"600\" height=\"338\" src=\"https:\/\/www.youtube.com\/embed\/4bPTbK6L9XQ?feature=oembed\" frameborder=\"0\" allow=\"accelerometer; autoplay; clipboard-write; encrypted-media; gyroscope; picture-in-picture; web-share\" referrerpolicy=\"strict-origin-when-cross-origin\" allowfullscreen><\/iframe><\/div>\n<\/div><\/figure>\n\n\n<div class=\"ngg-galleryoverview\" data-widget=\"Galeria\" data-props='{&quot;galeria&quot;:{&quot;gallery_id&quot;:3734,&quot;total&quot;:41,&quot;max_page&quot;:3,&quot;page&quot;:1,&quot;images&quot;:[{&quot;pid&quot;:132780,&quot;imageURL&quot;:&quot;https:\\\/\\\/portalv1.com.br\\\/app\\\/wp-content\\\/gallery\\\/caminhada-7\\\/portalv120260131083943_IMG_2789valenca.jpg?t=1769694952&quot;,&quot;thumbnailURL&quot;:&quot;https:\\\/\\\/portalv1.com.br\\\/app\\\/wp-content\\\/gallery\\\/caminhada-7\\\/thumbs\\\/thumbs_portalv120260131083943_IMG_2789valenca.jpg?t=1769694952&quot;,&quot;description&quot;:&quot; &quot;,&quot;alttext&quot;:&quot;portalv120260131083943_IMG_2789valenca&quot;,&quot;style&quot;:&quot;&quot;},{&quot;pid&quot;:132781,&quot;imageURL&quot;:&quot;https:\\\/\\\/portalv1.com.br\\\/app\\\/wp-content\\\/gallery\\\/caminhada-7\\\/portalv1IMG_2653valenca.jpg?t=1769694953&quot;,&quot;thumbnailURL&quot;:&quot;https:\\\/\\\/portalv1.com.br\\\/app\\\/wp-content\\\/gallery\\\/caminhada-7\\\/thumbs\\\/thumbs_portalv1IMG_2653valenca.jpg?t=1769694953&quot;,&quot;description&quot;:&quot; &quot;,&quot;alttext&quot;:&quot;portalv1IMG_2653valenca&quot;,&quot;style&quot;:&quot;&quot;},{&quot;pid&quot;:132782,&quot;imageURL&quot;:&quot;https:\\\/\\\/portalv1.com.br\\\/app\\\/wp-content\\\/gallery\\\/caminhada-7\\\/portalv1IMG_2645valenca.jpg?t=1769694953&quot;,&quot;thumbnailURL&quot;:&quot;https:\\\/\\\/portalv1.com.br\\\/app\\\/wp-content\\\/gallery\\\/caminhada-7\\\/thumbs\\\/thumbs_portalv1IMG_2645valenca.jpg?t=1769694953&quot;,&quot;description&quot;:&quot; &quot;,&quot;alttext&quot;:&quot;portalv1IMG_2645valenca&quot;,&quot;style&quot;:&quot;&quot;},{&quot;pid&quot;:132783,&quot;imageURL&quot;:&quot;https:\\\/\\\/portalv1.com.br\\\/app\\\/wp-content\\\/gallery\\\/caminhada-7\\\/portalv1IMG_2650valenca.jpg?t=1769694953&quot;,&quot;thumbnailURL&quot;:&quot;https:\\\/\\\/portalv1.com.br\\\/app\\\/wp-content\\\/gallery\\\/caminhada-7\\\/thumbs\\\/thumbs_portalv1IMG_2650valenca.jpg?t=1769694953&quot;,&quot;description&quot;:&quot; &quot;,&quot;alttext&quot;:&quot;portalv1IMG_2650valenca&quot;,&quot;style&quot;:&quot;&quot;},{&quot;pid&quot;:132784,&quot;imageURL&quot;:&quot;https:\\\/\\\/portalv1.com.br\\\/app\\\/wp-content\\\/gallery\\\/caminhada-7\\\/portalv1IMG_2665valenca.jpg?t=1769694954&quot;,&quot;thumbnailURL&quot;:&quot;https:\\\/\\\/portalv1.com.br\\\/app\\\/wp-content\\\/gallery\\\/caminhada-7\\\/thumbs\\\/thumbs_portalv1IMG_2665valenca.jpg?t=1769694954&quot;,&quot;description&quot;:&quot; &quot;,&quot;alttext&quot;:&quot;portalv1IMG_2665valenca&quot;,&quot;style&quot;:&quot;&quot;},{&quot;pid&quot;:132785,&quot;imageURL&quot;:&quot;https:\\\/\\\/portalv1.com.br\\\/app\\\/wp-content\\\/gallery\\\/caminhada-7\\\/portalv1IMG_2680valenca.jpg?t=1769694954&quot;,&quot;thumbnailURL&quot;:&quot;https:\\\/\\\/portalv1.com.br\\\/app\\\/wp-content\\\/gallery\\\/caminhada-7\\\/thumbs\\\/thumbs_portalv1IMG_2680valenca.jpg?t=1769694954&quot;,&quot;description&quot;:&quot; &quot;,&quot;alttext&quot;:&quot;portalv1IMG_2680valenca&quot;,&quot;style&quot;:&quot;&quot;},{&quot;pid&quot;:132786,&quot;imageURL&quot;:&quot;https:\\\/\\\/portalv1.com.br\\\/app\\\/wp-content\\\/gallery\\\/caminhada-7\\\/portalv1IMG_2666valenca.jpg?t=1769694954&quot;,&quot;thumbnailURL&quot;:&quot;https:\\\/\\\/portalv1.com.br\\\/app\\\/wp-content\\\/gallery\\\/caminhada-7\\\/thumbs\\\/thumbs_portalv1IMG_2666valenca.jpg?t=1769694954&quot;,&quot;description&quot;:&quot; &quot;,&quot;alttext&quot;:&quot;portalv1IMG_2666valenca&quot;,&quot;style&quot;:&quot;&quot;},{&quot;pid&quot;:132787,&quot;imageURL&quot;:&quot;https:\\\/\\\/portalv1.com.br\\\/app\\\/wp-content\\\/gallery\\\/caminhada-7\\\/portalv1IMG_2682valenca.jpg?t=1769694955&quot;,&quot;thumbnailURL&quot;:&quot;https:\\\/\\\/portalv1.com.br\\\/app\\\/wp-content\\\/gallery\\\/caminhada-7\\\/thumbs\\\/thumbs_portalv1IMG_2682valenca.jpg?t=1769694955&quot;,&quot;description&quot;:&quot; &quot;,&quot;alttext&quot;:&quot;portalv1IMG_2682valenca&quot;,&quot;style&quot;:&quot;&quot;},{&quot;pid&quot;:132788,&quot;imageURL&quot;:&quot;https:\\\/\\\/portalv1.com.br\\\/app\\\/wp-content\\\/gallery\\\/caminhada-7\\\/portalv1IMG_2683valenca.jpg?t=1769694955&quot;,&quot;thumbnailURL&quot;:&quot;https:\\\/\\\/portalv1.com.br\\\/app\\\/wp-content\\\/gallery\\\/caminhada-7\\\/thumbs\\\/thumbs_portalv1IMG_2683valenca.jpg?t=1769694955&quot;,&quot;description&quot;:&quot; &quot;,&quot;alttext&quot;:&quot;portalv1IMG_2683valenca&quot;,&quot;style&quot;:&quot;&quot;},{&quot;pid&quot;:132789,&quot;imageURL&quot;:&quot;https:\\\/\\\/portalv1.com.br\\\/app\\\/wp-content\\\/gallery\\\/caminhada-7\\\/portalv1IMG_2684valenca.jpg?t=1769694955&quot;,&quot;thumbnailURL&quot;:&quot;https:\\\/\\\/portalv1.com.br\\\/app\\\/wp-content\\\/gallery\\\/caminhada-7\\\/thumbs\\\/thumbs_portalv1IMG_2684valenca.jpg?t=1769694955&quot;,&quot;description&quot;:&quot; &quot;,&quot;alttext&quot;:&quot;portalv1IMG_2684valenca&quot;,&quot;style&quot;:&quot;&quot;},{&quot;pid&quot;:132790,&quot;imageURL&quot;:&quot;https:\\\/\\\/portalv1.com.br\\\/app\\\/wp-content\\\/gallery\\\/caminhada-7\\\/portalv1IMG_2687valenca.jpg?t=1769694956&quot;,&quot;thumbnailURL&quot;:&quot;https:\\\/\\\/portalv1.com.br\\\/app\\\/wp-content\\\/gallery\\\/caminhada-7\\\/thumbs\\\/thumbs_portalv1IMG_2687valenca.jpg?t=1769694956&quot;,&quot;description&quot;:&quot; &quot;,&quot;alttext&quot;:&quot;portalv1IMG_2687valenca&quot;,&quot;style&quot;:&quot;&quot;},{&quot;pid&quot;:132791,&quot;imageURL&quot;:&quot;https:\\\/\\\/portalv1.com.br\\\/app\\\/wp-content\\\/gallery\\\/caminhada-7\\\/portalv1IMG_2696valenca.jpg?t=1769694957&quot;,&quot;thumbnailURL&quot;:&quot;https:\\\/\\\/portalv1.com.br\\\/app\\\/wp-content\\\/gallery\\\/caminhada-7\\\/thumbs\\\/thumbs_portalv1IMG_2696valenca.jpg?t=1769694957&quot;,&quot;description&quot;:&quot; &quot;,&quot;alttext&quot;:&quot;portalv1IMG_2696valenca&quot;,&quot;style&quot;:&quot;&quot;},{&quot;pid&quot;:132792,&quot;imageURL&quot;:&quot;https:\\\/\\\/portalv1.com.br\\\/app\\\/wp-content\\\/gallery\\\/caminhada-7\\\/portalv1IMG_2701valenca.jpg?t=1769694957&quot;,&quot;thumbnailURL&quot;:&quot;https:\\\/\\\/portalv1.com.br\\\/app\\\/wp-content\\\/gallery\\\/caminhada-7\\\/thumbs\\\/thumbs_portalv1IMG_2701valenca.jpg?t=1769694957&quot;,&quot;description&quot;:&quot; &quot;,&quot;alttext&quot;:&quot;portalv1IMG_2701valenca&quot;,&quot;style&quot;:&quot;&quot;},{&quot;pid&quot;:132793,&quot;imageURL&quot;:&quot;https:\\\/\\\/portalv1.com.br\\\/app\\\/wp-content\\\/gallery\\\/caminhada-7\\\/portalv1IMG_2728valenca.jpg?t=1769694958&quot;,&quot;thumbnailURL&quot;:&quot;https:\\\/\\\/portalv1.com.br\\\/app\\\/wp-content\\\/gallery\\\/caminhada-7\\\/thumbs\\\/thumbs_portalv1IMG_2728valenca.jpg?t=1769694958&quot;,&quot;description&quot;:&quot; &quot;,&quot;alttext&quot;:&quot;portalv1IMG_2728valenca&quot;,&quot;style&quot;:&quot;&quot;},{&quot;pid&quot;:132794,&quot;imageURL&quot;:&quot;https:\\\/\\\/portalv1.com.br\\\/app\\\/wp-content\\\/gallery\\\/caminhada-7\\\/portalv1IMG_2733valenca.jpg?t=1769694958&quot;,&quot;thumbnailURL&quot;:&quot;https:\\\/\\\/portalv1.com.br\\\/app\\\/wp-content\\\/gallery\\\/caminhada-7\\\/thumbs\\\/thumbs_portalv1IMG_2733valenca.jpg?t=1769694958&quot;,&quot;description&quot;:&quot; &quot;,&quot;alttext&quot;:&quot;portalv1IMG_2733valenca&quot;,&quot;style&quot;:&quot;&quot;},{&quot;pid&quot;:132795,&quot;imageURL&quot;:&quot;https:\\\/\\\/portalv1.com.br\\\/app\\\/wp-content\\\/gallery\\\/caminhada-7\\\/portalv1IMG_2756valenca.jpg?t=1769694959&quot;,&quot;thumbnailURL&quot;:&quot;https:\\\/\\\/portalv1.com.br\\\/app\\\/wp-content\\\/gallery\\\/caminhada-7\\\/thumbs\\\/thumbs_portalv1IMG_2756valenca.jpg?t=1769694959&quot;,&quot;description&quot;:&quot; &quot;,&quot;alttext&quot;:&quot;portalv1IMG_2756valenca&quot;,&quot;style&quot;:&quot;&quot;},{&quot;pid&quot;:132796,&quot;imageURL&quot;:&quot;https:\\\/\\\/portalv1.com.br\\\/app\\\/wp-content\\\/gallery\\\/caminhada-7\\\/portalv1IMG_2771valenca.jpg?t=1769694959&quot;,&quot;thumbnailURL&quot;:&quot;https:\\\/\\\/portalv1.com.br\\\/app\\\/wp-content\\\/gallery\\\/caminhada-7\\\/thumbs\\\/thumbs_portalv1IMG_2771valenca.jpg?t=1769694959&quot;,&quot;description&quot;:&quot; &quot;,&quot;alttext&quot;:&quot;portalv1IMG_2771valenca&quot;,&quot;style&quot;:&quot;&quot;},{&quot;pid&quot;:132797,&quot;imageURL&quot;:&quot;https:\\\/\\\/portalv1.com.br\\\/app\\\/wp-content\\\/gallery\\\/caminhada-7\\\/portalv1IMG_2775valenca.jpg?t=1769694959&quot;,&quot;thumbnailURL&quot;:&quot;https:\\\/\\\/portalv1.com.br\\\/app\\\/wp-content\\\/gallery\\\/caminhada-7\\\/thumbs\\\/thumbs_portalv1IMG_2775valenca.jpg?t=1769694959&quot;,&quot;description&quot;:&quot; &quot;,&quot;alttext&quot;:&quot;portalv1IMG_2775valenca&quot;,&quot;style&quot;:&quot;&quot;},{&quot;pid&quot;:132798,&quot;imageURL&quot;:&quot;https:\\\/\\\/portalv1.com.br\\\/app\\\/wp-content\\\/gallery\\\/caminhada-7\\\/portalv1IMG_2784valenca.jpg?t=1769694960&quot;,&quot;thumbnailURL&quot;:&quot;https:\\\/\\\/portalv1.com.br\\\/app\\\/wp-content\\\/gallery\\\/caminhada-7\\\/thumbs\\\/thumbs_portalv1IMG_2784valenca.jpg?t=1769694960&quot;,&quot;description&quot;:&quot; &quot;,&quot;alttext&quot;:&quot;portalv1IMG_2784valenca&quot;,&quot;style&quot;:&quot;&quot;},{&quot;pid&quot;:132799,&quot;imageURL&quot;:&quot;https:\\\/\\\/portalv1.com.br\\\/app\\\/wp-content\\\/gallery\\\/caminhada-7\\\/portalv1IMG_2791valenca.jpg?t=1769694960&quot;,&quot;thumbnailURL&quot;:&quot;https:\\\/\\\/portalv1.com.br\\\/app\\\/wp-content\\\/gallery\\\/caminhada-7\\\/thumbs\\\/thumbs_portalv1IMG_2791valenca.jpg?t=1769694960&quot;,&quot;description&quot;:&quot; &quot;,&quot;alttext&quot;:&quot;portalv1IMG_2791valenca&quot;,&quot;style&quot;:&quot;&quot;},{&quot;pid&quot;:132800,&quot;imageURL&quot;:&quot;https:\\\/\\\/portalv1.com.br\\\/app\\\/wp-content\\\/gallery\\\/caminhada-7\\\/portalv1IMG_2811valenca.jpg?t=1769694960&quot;,&quot;thumbnailURL&quot;:&quot;https:\\\/\\\/portalv1.com.br\\\/app\\\/wp-content\\\/gallery\\\/caminhada-7\\\/thumbs\\\/thumbs_portalv1IMG_2811valenca.jpg?t=1769694960&quot;,&quot;description&quot;:&quot; &quot;,&quot;alttext&quot;:&quot;portalv1IMG_2811valenca&quot;,&quot;style&quot;:&quot;&quot;},{&quot;pid&quot;:132801,&quot;imageURL&quot;:&quot;https:\\\/\\\/portalv1.com.br\\\/app\\\/wp-content\\\/gallery\\\/caminhada-7\\\/portalv1IMG_2813valenca.jpg?t=1769694961&quot;,&quot;thumbnailURL&quot;:&quot;https:\\\/\\\/portalv1.com.br\\\/app\\\/wp-content\\\/gallery\\\/caminhada-7\\\/thumbs\\\/thumbs_portalv1IMG_2813valenca.jpg?t=1769694961&quot;,&quot;description&quot;:&quot; &quot;,&quot;alttext&quot;:&quot;portalv1IMG_2813valenca&quot;,&quot;style&quot;:&quot;&quot;},{&quot;pid&quot;:132802,&quot;imageURL&quot;:&quot;https:\\\/\\\/portalv1.com.br\\\/app\\\/wp-content\\\/gallery\\\/caminhada-7\\\/portalv1IMG_2815valenca.jpg?t=1769694961&quot;,&quot;thumbnailURL&quot;:&quot;https:\\\/\\\/portalv1.com.br\\\/app\\\/wp-content\\\/gallery\\\/caminhada-7\\\/thumbs\\\/thumbs_portalv1IMG_2815valenca.jpg?t=1769694961&quot;,&quot;description&quot;:&quot; &quot;,&quot;alttext&quot;:&quot;portalv1IMG_2815valenca&quot;,&quot;style&quot;:&quot;&quot;},{&quot;pid&quot;:132803,&quot;imageURL&quot;:&quot;https:\\\/\\\/portalv1.com.br\\\/app\\\/wp-content\\\/gallery\\\/caminhada-7\\\/portalv1IMG_2825valenca.jpg?t=1769694961&quot;,&quot;thumbnailURL&quot;:&quot;https:\\\/\\\/portalv1.com.br\\\/app\\\/wp-content\\\/gallery\\\/caminhada-7\\\/thumbs\\\/thumbs_portalv1IMG_2825valenca.jpg?t=1769694961&quot;,&quot;description&quot;:&quot; &quot;,&quot;alttext&quot;:&quot;portalv1IMG_2825valenca&quot;,&quot;style&quot;:&quot;&quot;},{&quot;pid&quot;:132804,&quot;imageURL&quot;:&quot;https:\\\/\\\/portalv1.com.br\\\/app\\\/wp-content\\\/gallery\\\/caminhada-7\\\/portalv1IMG_2829valenca.jpg?t=1769694962&quot;,&quot;thumbnailURL&quot;:&quot;https:\\\/\\\/portalv1.com.br\\\/app\\\/wp-content\\\/gallery\\\/caminhada-7\\\/thumbs\\\/thumbs_portalv1IMG_2829valenca.jpg?t=1769694962&quot;,&quot;description&quot;:&quot; &quot;,&quot;alttext&quot;:&quot;portalv1IMG_2829valenca&quot;,&quot;style&quot;:&quot;&quot;},{&quot;pid&quot;:132805,&quot;imageURL&quot;:&quot;https:\\\/\\\/portalv1.com.br\\\/app\\\/wp-content\\\/gallery\\\/caminhada-7\\\/portalv1IMG_2851valenca.jpg?t=1769694962&quot;,&quot;thumbnailURL&quot;:&quot;https:\\\/\\\/portalv1.com.br\\\/app\\\/wp-content\\\/gallery\\\/caminhada-7\\\/thumbs\\\/thumbs_portalv1IMG_2851valenca.jpg?t=1769694962&quot;,&quot;description&quot;:&quot; &quot;,&quot;alttext&quot;:&quot;portalv1IMG_2851valenca&quot;,&quot;style&quot;:&quot;&quot;},{&quot;pid&quot;:132806,&quot;imageURL&quot;:&quot;https:\\\/\\\/portalv1.com.br\\\/app\\\/wp-content\\\/gallery\\\/caminhada-7\\\/portalv1IMG_2862valenca.jpg?t=1769694962&quot;,&quot;thumbnailURL&quot;:&quot;https:\\\/\\\/portalv1.com.br\\\/app\\\/wp-content\\\/gallery\\\/caminhada-7\\\/thumbs\\\/thumbs_portalv1IMG_2862valenca.jpg?t=1769694962&quot;,&quot;description&quot;:&quot; &quot;,&quot;alttext&quot;:&quot;portalv1IMG_2862valenca&quot;,&quot;style&quot;:&quot;&quot;},{&quot;pid&quot;:132807,&quot;imageURL&quot;:&quot;https:\\\/\\\/portalv1.com.br\\\/app\\\/wp-content\\\/gallery\\\/caminhada-7\\\/portalv1IMG_2876valenca.jpg?t=1769694963&quot;,&quot;thumbnailURL&quot;:&quot;https:\\\/\\\/portalv1.com.br\\\/app\\\/wp-content\\\/gallery\\\/caminhada-7\\\/thumbs\\\/thumbs_portalv1IMG_2876valenca.jpg?t=1769694963&quot;,&quot;description&quot;:&quot; &quot;,&quot;alttext&quot;:&quot;portalv1IMG_2876valenca&quot;,&quot;style&quot;:&quot;&quot;},{&quot;pid&quot;:132808,&quot;imageURL&quot;:&quot;https:\\\/\\\/portalv1.com.br\\\/app\\\/wp-content\\\/gallery\\\/caminhada-7\\\/portalv1IMG_2884valenca.jpg?t=1769694963&quot;,&quot;thumbnailURL&quot;:&quot;https:\\\/\\\/portalv1.com.br\\\/app\\\/wp-content\\\/gallery\\\/caminhada-7\\\/thumbs\\\/thumbs_portalv1IMG_2884valenca.jpg?t=1769694963&quot;,&quot;description&quot;:&quot; &quot;,&quot;alttext&quot;:&quot;portalv1IMG_2884valenca&quot;,&quot;style&quot;:&quot;&quot;},{&quot;pid&quot;:132809,&quot;imageURL&quot;:&quot;https:\\\/\\\/portalv1.com.br\\\/app\\\/wp-content\\\/gallery\\\/caminhada-7\\\/portalv1IMG_2897valenca.jpg?t=1769694964&quot;,&quot;thumbnailURL&quot;:&quot;https:\\\/\\\/portalv1.com.br\\\/app\\\/wp-content\\\/gallery\\\/caminhada-7\\\/thumbs\\\/thumbs_portalv1IMG_2897valenca.jpg?t=1769694964&quot;,&quot;description&quot;:&quot; &quot;,&quot;alttext&quot;:&quot;portalv1IMG_2897valenca&quot;,&quot;style&quot;:&quot;&quot;},{&quot;pid&quot;:132810,&quot;imageURL&quot;:&quot;https:\\\/\\\/portalv1.com.br\\\/app\\\/wp-content\\\/gallery\\\/caminhada-7\\\/portalv120260131075520_IMG_2686valenca.jpg?t=1769694964&quot;,&quot;thumbnailURL&quot;:&quot;https:\\\/\\\/portalv1.com.br\\\/app\\\/wp-content\\\/gallery\\\/caminhada-7\\\/thumbs\\\/thumbs_portalv120260131075520_IMG_2686valenca.jpg?t=1769694964&quot;,&quot;description&quot;:&quot; &quot;,&quot;alttext&quot;:&quot;portalv120260131075520_IMG_2686valenca&quot;,&quot;style&quot;:&quot;&quot;},{&quot;pid&quot;:132811,&quot;imageURL&quot;:&quot;https:\\\/\\\/portalv1.com.br\\\/app\\\/wp-content\\\/gallery\\\/caminhada-7\\\/portalv120260131075529_IMG_2691valenca.jpg?t=1769694964&quot;,&quot;thumbnailURL&quot;:&quot;https:\\\/\\\/portalv1.com.br\\\/app\\\/wp-content\\\/gallery\\\/caminhada-7\\\/thumbs\\\/thumbs_portalv120260131075529_IMG_2691valenca.jpg?t=1769694964&quot;,&quot;description&quot;:&quot; &quot;,&quot;alttext&quot;:&quot;portalv120260131075529_IMG_2691valenca&quot;,&quot;style&quot;:&quot;&quot;},{&quot;pid&quot;:132812,&quot;imageURL&quot;:&quot;https:\\\/\\\/portalv1.com.br\\\/app\\\/wp-content\\\/gallery\\\/caminhada-7\\\/portalv120260131080205_IMG_2714valenca.jpg?t=1769694965&quot;,&quot;thumbnailURL&quot;:&quot;https:\\\/\\\/portalv1.com.br\\\/app\\\/wp-content\\\/gallery\\\/caminhada-7\\\/thumbs\\\/thumbs_portalv120260131080205_IMG_2714valenca.jpg?t=1769694965&quot;,&quot;description&quot;:&quot; &quot;,&quot;alttext&quot;:&quot;portalv120260131080205_IMG_2714valenca&quot;,&quot;style&quot;:&quot;&quot;},{&quot;pid&quot;:132813,&quot;imageURL&quot;:&quot;https:\\\/\\\/portalv1.com.br\\\/app\\\/wp-content\\\/gallery\\\/caminhada-7\\\/portalv120260131080212_IMG_2715valenca.jpg?t=1769694965&quot;,&quot;thumbnailURL&quot;:&quot;https:\\\/\\\/portalv1.com.br\\\/app\\\/wp-content\\\/gallery\\\/caminhada-7\\\/thumbs\\\/thumbs_portalv120260131080212_IMG_2715valenca.jpg?t=1769694965&quot;,&quot;description&quot;:&quot; &quot;,&quot;alttext&quot;:&quot;portalv120260131080212_IMG_2715valenca&quot;,&quot;style&quot;:&quot;&quot;},{&quot;pid&quot;:132814,&quot;imageURL&quot;:&quot;https:\\\/\\\/portalv1.com.br\\\/app\\\/wp-content\\\/gallery\\\/caminhada-7\\\/portalv120260131080226_IMG_2717valenca.jpg?t=1769694965&quot;,&quot;thumbnailURL&quot;:&quot;https:\\\/\\\/portalv1.com.br\\\/app\\\/wp-content\\\/gallery\\\/caminhada-7\\\/thumbs\\\/thumbs_portalv120260131080226_IMG_2717valenca.jpg?t=1769694965&quot;,&quot;description&quot;:&quot; &quot;,&quot;alttext&quot;:&quot;portalv120260131080226_IMG_2717valenca&quot;,&quot;style&quot;:&quot;&quot;},{&quot;pid&quot;:132815,&quot;imageURL&quot;:&quot;https:\\\/\\\/portalv1.com.br\\\/app\\\/wp-content\\\/gallery\\\/caminhada-7\\\/portalv120260131080652_IMG_2725valenca.jpg?t=1769694966&quot;,&quot;thumbnailURL&quot;:&quot;https:\\\/\\\/portalv1.com.br\\\/app\\\/wp-content\\\/gallery\\\/caminhada-7\\\/thumbs\\\/thumbs_portalv120260131080652_IMG_2725valenca.jpg?t=1769694966&quot;,&quot;description&quot;:&quot; &quot;,&quot;alttext&quot;:&quot;portalv120260131080652_IMG_2725valenca&quot;,&quot;style&quot;:&quot;&quot;},{&quot;pid&quot;:132816,&quot;imageURL&quot;:&quot;https:\\\/\\\/portalv1.com.br\\\/app\\\/wp-content\\\/gallery\\\/caminhada-7\\\/portalv120260131081209_IMG_2745valenca.jpg?t=1769694966&quot;,&quot;thumbnailURL&quot;:&quot;https:\\\/\\\/portalv1.com.br\\\/app\\\/wp-content\\\/gallery\\\/caminhada-7\\\/thumbs\\\/thumbs_portalv120260131081209_IMG_2745valenca.jpg?t=1769694966&quot;,&quot;description&quot;:&quot; &quot;,&quot;alttext&quot;:&quot;portalv120260131081209_IMG_2745valenca&quot;,&quot;style&quot;:&quot;&quot;},{&quot;pid&quot;:132817,&quot;imageURL&quot;:&quot;https:\\\/\\\/portalv1.com.br\\\/app\\\/wp-content\\\/gallery\\\/caminhada-7\\\/portalv120260131080820_IMG_2733valenca.jpg?t=1769694966&quot;,&quot;thumbnailURL&quot;:&quot;https:\\\/\\\/portalv1.com.br\\\/app\\\/wp-content\\\/gallery\\\/caminhada-7\\\/thumbs\\\/thumbs_portalv120260131080820_IMG_2733valenca.jpg?t=1769694966&quot;,&quot;description&quot;:&quot; &quot;,&quot;alttext&quot;:&quot;portalv120260131080820_IMG_2733valenca&quot;,&quot;style&quot;:&quot;&quot;},{&quot;pid&quot;:132818,&quot;imageURL&quot;:&quot;https:\\\/\\\/portalv1.com.br\\\/app\\\/wp-content\\\/gallery\\\/caminhada-7\\\/portalv120260131082912_IMG_2771valenca.jpg?t=1769694967&quot;,&quot;thumbnailURL&quot;:&quot;https:\\\/\\\/portalv1.com.br\\\/app\\\/wp-content\\\/gallery\\\/caminhada-7\\\/thumbs\\\/thumbs_portalv120260131082912_IMG_2771valenca.jpg?t=1769694967&quot;,&quot;description&quot;:&quot; &quot;,&quot;alttext&quot;:&quot;portalv120260131082912_IMG_2771valenca&quot;,&quot;style&quot;:&quot;&quot;},{&quot;pid&quot;:132819,&quot;imageURL&quot;:&quot;https:\\\/\\\/portalv1.com.br\\\/app\\\/wp-content\\\/gallery\\\/caminhada-7\\\/portalv120260131083548_IMG_2777valenca.jpg?t=1769694967&quot;,&quot;thumbnailURL&quot;:&quot;https:\\\/\\\/portalv1.com.br\\\/app\\\/wp-content\\\/gallery\\\/caminhada-7\\\/thumbs\\\/thumbs_portalv120260131083548_IMG_2777valenca.jpg?t=1769694967&quot;,&quot;description&quot;:&quot; &quot;,&quot;alttext&quot;:&quot;portalv120260131083548_IMG_2777valenca&quot;,&quot;style&quot;:&quot;&quot;},{&quot;pid&quot;:132820,&quot;imageURL&quot;:&quot;https:\\\/\\\/portalv1.com.br\\\/app\\\/wp-content\\\/gallery\\\/caminhada-7\\\/portalv120260131083918_IMG_2786valenca.jpg?t=1769694967&quot;,&quot;thumbnailURL&quot;:&quot;https:\\\/\\\/portalv1.com.br\\\/app\\\/wp-content\\\/gallery\\\/caminhada-7\\\/thumbs\\\/thumbs_portalv120260131083918_IMG_2786valenca.jpg?t=1769694967&quot;,&quot;description&quot;:&quot; &quot;,&quot;alttext&quot;:&quot;portalv120260131083918_IMG_2786valenca&quot;,&quot;style&quot;:&quot;&quot;}]}}'><\/div>\n","protected":false},"excerpt":{"rendered":"<p>A Prefeitura Municipal de Francin\u00f3polis, por meio da Secretaria Municipal de Sa\u00fade, realizou nesta quarta-feira (28) uma caminhada alusiva \u00e0 campanha Janeiro Branco. A mobiliza\u00e7\u00e3o saiu da Escola Teresa Soares,&#8230;<\/p>\n","protected":false},"author":16,"featured_media":255992,"comment_status":"open","ping_status":"open","sticky":false,"template":"","format":"standard","meta":{"ngg_post_thumbnail":0,"footnotes":""},"categories":[1522,243],"tags":[],"class_list":["post-255928","post","type-post","status-publish","format-standard","has-post-thumbnail","hentry","category-francinopolis","category-geral"],"views":100,"meta_data":{"thumb":"https:\/\/portalv1.com.br\/app\/wp-content\/uploads\/2026\/01\/xc.jpg","imagem":{"fullsize":{"url":"https:\/\/portalv1.com.br\/app\/wp-content\/uploads\/2026\/01\/xc.jpg","width":1280,"height":720},"medium":{"url":"https:\/\/portalv1.com.br\/app\/wp-content\/uploads\/2026\/01\/xc-300x169.jpg","width":300,"height":169},"large":{"url":"https:\/\/portalv1.com.br\/app\/wp-content\/uploads\/2026\/01\/xc-640x360.jpg","width":640,"height":360},"thumbnail":{"url":"https:\/\/portalv1.com.br\/app\/wp-content\/uploads\/2026\/01\/xc-100x100.jpg","width":100,"height":100},"medium_large":{"url":"https:\/\/portalv1.com.br\/app\/wp-content\/uploads\/2026\/01\/xc-768x432.jpg","width":768,"height":432}},"data":{"simple":"29\/01\/2026","date_time":"29\/01\/2026 07:57:39","date":"h\u00e1 3 meses"},"chapeu":"Veja agora ","source":"slide"},"_links":{"self":[{"href":"https:\/\/portalv1.com.br\/api\/wp\/v2\/posts\/255928","targetHints":{"allow":["GET"]}}],"collection":[{"href":"https:\/\/portalv1.com.br\/api\/wp\/v2\/posts"}],"about":[{"href":"https:\/\/portalv1.com.br\/api\/wp\/v2\/types\/post"}],"author":[{"embeddable":true,"href":"https:\/\/portalv1.com.br\/api\/wp\/v2\/users\/16"}],"replies":[{"embeddable":true,"href":"https:\/\/portalv1.com.br\/api\/wp\/v2\/comments?post=255928"}],"version-history":[{"count":0,"href":"https:\/\/portalv1.com.br\/api\/wp\/v2\/posts\/255928\/revisions"}],"wp:featuredmedia":[{"embeddable":true,"href":"https:\/\/portalv1.com.br\/api\/wp\/v2\/media\/255992"}],"wp:attachment":[{"href":"https:\/\/portalv1.com.br\/api\/wp\/v2\/media?parent=255928"}],"wp:term":[{"taxonomy":"category","embeddable":true,"href":"https:\/\/portalv1.com.br\/api\/wp\/v2\/categories?post=255928"},{"taxonomy":"post_tag","embeddable":true,"href":"https:\/\/portalv1.com.br\/api\/wp\/v2\/tags?post=255928"}],"curies":[{"name":"wp","href":"https:\/\/api.w.org\/{rel}","templated":true}]}}