{"id":256040,"date":"2026-02-02T18:09:17","date_gmt":"2026-02-02T21:09:17","guid":{"rendered":"https:\/\/portalv1.com.br\/?p=256040"},"modified":"2026-02-03T09:44:48","modified_gmt":"2026-02-03T12:44:48","slug":"cejusc-de-valenca-alcanca-selo-excelencia-e-amplia-resolucoes-de-conflitos-no-vale-do-sambito","status":"publish","type":"post","link":"https:\/\/portalv1.com.br\/cejusc-de-valenca-alcanca-selo-excelencia-e-amplia-resolucoes-de-conflitos-no-vale-do-sambito\/","title":{"rendered":"CEJUSC de Valen\u00e7a alcan\u00e7a Selo Excel\u00eancia e amplia resolu\u00e7\u00f5es de conflitos no Vale do Sambito"},"content":{"rendered":"\n<p>Em 2025, o Centro Judici\u00e1rio de Solu\u00e7\u00e3o de Conflitos e Cidadania (CEJUSC) de Valen\u00e7a alcan\u00e7ou um importante reconhecimento ao conquistar o Selo Excel\u00eancia do Tribunal de Justi\u00e7a do Piau\u00ed, com base em crit\u00e9rios de produtividade e \u00edndices de acordos realizados. O resultado refor\u00e7a o compromisso do \u00f3rg\u00e3o com a pacifica\u00e7\u00e3o social e a solu\u00e7\u00e3o eficiente dos lit\u00edgios no Vale do Sambito.<\/p>\n\n\n\n<p>Atualmente, o servi\u00e7o \u00e9 coordenado pelo juiz de Direito Dr. Manfredo Braga Filho, titular da 2\u00aa Vara da Comarca de Valen\u00e7a. O CEJUSC atende os munic\u00edpios de Valen\u00e7a, Aroazes, Pimenteiras, Novo Oriente e Lagoa do S\u00edtio, oferecendo \u00e0 popula\u00e7\u00e3o servi\u00e7os gratuitos de concilia\u00e7\u00e3o, media\u00e7\u00e3o e orienta\u00e7\u00e3o jur\u00eddica, tanto na fase pr\u00e9-processual quanto durante o andamento dos processos.<\/p>\n\n\n\n<p>Segundo o magistrado, a procura pelo servi\u00e7o tem crescido justamente pela agilidade nos resultados. \u201cA gente \u00e9 hoje, atualmente, selo excel\u00eancia, ou seja, a gente conseguiu fazer o passado e mais o que est\u00e1 entrando, ent\u00e3o a ideia \u00e9 s\u00f3 as pessoas realmente buscarem o CEJUSC, que a gente est\u00e1 preparado para receber, a nossa demanda aumentou porque as pessoas viram que a resolu\u00e7\u00e3o est\u00e1 sendo mais r\u00e1pida, mais pr\u00e1tica do que se procurar a via normal do judici\u00e1rio\u201d, destacou.<\/p>\n\n\n\n<p>Para ampliar ainda mais a capacidade de atendimento, novos profissionais devem refor\u00e7ar a equipe. \u201cN\u00f3s tivemos um concurso onde v\u00e3o ser chamados de dois conciliadores e mediadores para integrar nosso centro, aumentando, j\u00e1 que a gente veio nos \u00faltimos sete ou oito meses, a gente teve um aumento expressivo da nossa demanda e a gente ainda acha que tem que aumentar muito mais, ainda est\u00e1 muito aqu\u00e9m de dar o que se deve\u201d, disse.<\/p>\n\n\n\n<p>O juiz explica que o CEJUSC \u00e9 um espa\u00e7o acess\u00edvel a toda a popula\u00e7\u00e3o. \u201cO CEJUSC, \u00e9 um centro de resolu\u00e7\u00e3o de conflitos, \u00e9 um centro gratuito onde as pessoas com ou sem advogados podem vir para trazer suas diverg\u00eancias\u201d, explicou.<\/p>\n\n\n\n<p>Entre os casos atendidos, est\u00e3o demandas de fam\u00edlia e da \u00e1rea c\u00edvel, como div\u00f3rcios, divis\u00e3o de bens, pens\u00e3o aliment\u00edcia e conflitos de vizinhan\u00e7a. A rapidez no desfecho dos processos \u00e9 um dos diferenciais do servi\u00e7o. \u201cN\u00f3s temos casos aqui de div\u00f3rcio, o div\u00f3rcio, divis\u00e3o de bens, todos os atos sendo feitos em menos de 24 horas, a pessoa chegou, a\u00ed chamou o seu parceiro que estava divorciando, as pessoas sentaram e naquele momento j\u00e1 fizeram o acordo\u201d, contou.<\/p>\n\n\n\n<p>Os n\u00fameros de 2025 confirmam a efici\u00eancia do CEJUSC de Valen\u00e7a. O percentual de acordos firmados chegou a 72,85%, o maior acordo alcan\u00e7ou R$ 412.000,00 e a soma total dos valores conciliados foi de R$ 1.797.460,44.<\/p>\n\n\n\n<p>O atendimento \u00e9 realizado de forma presencial no F\u00f3rum de Valen\u00e7a. \u201cO principal \u00e9 vir ao F\u00f3rum, o CEJUSC de Valen\u00e7a funciona de forma presencial, existe um CEJUSC, n\u00e3o tenho muita informa\u00e7\u00e3o de como funciona, mas \u00e9 televirtual, mas que envolve o pessoal de Teresina, que tamb\u00e9m pode ser feito, mas o nosso \u00e9 100% presencial\u201d, explicou.<\/p>\n\n\n\n<p>Quanto \u00e0 documenta\u00e7\u00e3o necess\u00e1ria, o procedimento \u00e9 simples. \u201cO documentos em si, s\u00f3 precisamos de um documento pra saber que a pessoa \u00e9 aquela pessoa que se declara ali, os demais s\u00f3 conforme o que eles v\u00e3o debater aqui, que a gente vai precisar, que \u00e9 necess\u00e1rio pra botar na minuta, pra no caso, os ju\u00edzes homologar essa minuta desse acordo, mas o principal \u00e9 vim pra c\u00e1\u201d, disse.<\/p>\n\n\n\n<p>Podem buscar o CEJUSC tanto pessoas f\u00edsicas quanto jur\u00eddicas, com ou sem processo em andamento, sendo poss\u00edvel tentar resolver o conflito antes mesmo de ingressar na Justi\u00e7a. S\u00e3o atendidas demandas de natureza c\u00edvel, como quest\u00f5es de vizinhan\u00e7a, danos morais e materiais, al\u00e9m de casos de fam\u00edlia, como div\u00f3rcio, dissolu\u00e7\u00e3o de uni\u00e3o est\u00e1vel, pens\u00e3o aliment\u00edcia, exonera\u00e7\u00e3o de alimentos e averigua\u00e7\u00e3o de paternidade.<\/p>\n\n\n\n<p>Para mais informa\u00e7\u00f5es, o CEJUSC de Valen\u00e7a disponibiliza atendimento via WhatsApp pelo n\u00famero (89) 98106-4731.<\/p>\n\n\n\n<p>Com altos \u00edndices de acordo e reconhecimento estadual, o CEJUSC de Valen\u00e7a se consolida como uma alternativa eficaz, r\u00e1pida e acess\u00edvel para a solu\u00e7\u00e3o de conflitos, fortalecendo a cidadania e reduzindo a judicializa\u00e7\u00e3o de demandas no Vale do Sambito.<\/p>\n\n\n<figure class=\"wp-block-post-featured-image\"><img loading=\"lazy\" decoding=\"async\" width=\"1600\" height=\"901\" src=\"https:\/\/portalv1.com.br\/app\/wp-content\/uploads\/2023\/09\/forum-comarca-valenca.jpg\" class=\"attachment-post-thumbnail size-post-thumbnail wp-post-image\" alt=\"\" style=\"object-fit:cover;\" srcset=\"https:\/\/portalv1.com.br\/app\/wp-content\/uploads\/2023\/09\/forum-comarca-valenca.jpg 1600w, https:\/\/portalv1.com.br\/app\/wp-content\/uploads\/2023\/09\/forum-comarca-valenca-300x169.jpg 300w, https:\/\/portalv1.com.br\/app\/wp-content\/uploads\/2023\/09\/forum-comarca-valenca-640x360.jpg 640w, https:\/\/portalv1.com.br\/app\/wp-content\/uploads\/2023\/09\/forum-comarca-valenca-768x432.jpg 768w, https:\/\/portalv1.com.br\/app\/wp-content\/uploads\/2023\/09\/forum-comarca-valenca-1536x865.jpg 1536w\" sizes=\"auto, (max-width: 1600px) 100vw, 1600px\" \/><\/figure>","protected":false},"excerpt":{"rendered":"<p>Em 2025, o Centro Judici\u00e1rio de Solu\u00e7\u00e3o de Conflitos e Cidadania (CEJUSC) de Valen\u00e7a alcan\u00e7ou um importante reconhecimento ao conquistar o Selo Excel\u00eancia do Tribunal de Justi\u00e7a do Piau\u00ed, com&#8230;<\/p>\n","protected":false},"author":1,"featured_media":154474,"comment_status":"open","ping_status":"open","sticky":false,"template":"","format":"standard","meta":{"ngg_post_thumbnail":0,"footnotes":""},"categories":[243],"tags":[],"class_list":["post-256040","post","type-post","status-publish","format-standard","has-post-thumbnail","hentry","category-geral"],"views":163,"meta_data":{"thumb":"https:\/\/portalv1.com.br\/app\/wp-content\/uploads\/2023\/09\/forum-comarca-valenca.jpg","imagem":{"fullsize":{"url":"https:\/\/portalv1.com.br\/app\/wp-content\/uploads\/2023\/09\/forum-comarca-valenca.jpg","width":1600,"height":901},"medium":{"url":"https:\/\/portalv1.com.br\/app\/wp-content\/uploads\/2023\/09\/forum-comarca-valenca-300x169.jpg","width":300,"height":169},"large":{"url":"https:\/\/portalv1.com.br\/app\/wp-content\/uploads\/2023\/09\/forum-comarca-valenca-640x360.jpg","width":640,"height":360},"thumbnail":{"url":"https:\/\/portalv1.com.br\/app\/wp-content\/uploads\/2023\/09\/forum-comarca-valenca-100x100.jpg","width":100,"height":100},"medium_large":{"url":"https:\/\/portalv1.com.br\/app\/wp-content\/uploads\/2023\/09\/forum-comarca-valenca-768x432.jpg","width":768,"height":432},"1536x1536":{"url":"https:\/\/portalv1.com.br\/app\/wp-content\/uploads\/2023\/09\/forum-comarca-valenca-1536x865.jpg","width":1536,"height":865}},"data":{"simple":"02\/02\/2026","date_time":"02\/02\/2026 15:09:17","date":"h\u00e1 3 meses"},"chapeu":"Veja agora ","source":"slide"},"_links":{"self":[{"href":"https:\/\/portalv1.com.br\/api\/wp\/v2\/posts\/256040","targetHints":{"allow":["GET"]}}],"collection":[{"href":"https:\/\/portalv1.com.br\/api\/wp\/v2\/posts"}],"about":[{"href":"https:\/\/portalv1.com.br\/api\/wp\/v2\/types\/post"}],"author":[{"embeddable":true,"href":"https:\/\/portalv1.com.br\/api\/wp\/v2\/users\/1"}],"replies":[{"embeddable":true,"href":"https:\/\/portalv1.com.br\/api\/wp\/v2\/comments?post=256040"}],"version-history":[{"count":0,"href":"https:\/\/portalv1.com.br\/api\/wp\/v2\/posts\/256040\/revisions"}],"wp:featuredmedia":[{"embeddable":true,"href":"https:\/\/portalv1.com.br\/api\/wp\/v2\/media\/154474"}],"wp:attachment":[{"href":"https:\/\/portalv1.com.br\/api\/wp\/v2\/media?parent=256040"}],"wp:term":[{"taxonomy":"category","embeddable":true,"href":"https:\/\/portalv1.com.br\/api\/wp\/v2\/categories?post=256040"},{"taxonomy":"post_tag","embeddable":true,"href":"https:\/\/portalv1.com.br\/api\/wp\/v2\/tags?post=256040"}],"curies":[{"name":"wp","href":"https:\/\/api.w.org\/{rel}","templated":true}]}}