{"id":256882,"date":"2026-02-15T08:52:12","date_gmt":"2026-02-15T11:52:12","guid":{"rendered":"https:\/\/portalv1.com.br\/?p=256882"},"modified":"2026-02-15T08:52:12","modified_gmt":"2026-02-15T11:52:12","slug":"taxista-vai-a-juri-popular-quase-duas-decadas-apos-homicidio","status":"publish","type":"post","link":"https:\/\/portalv1.com.br\/taxista-vai-a-juri-popular-quase-duas-decadas-apos-homicidio\/","title":{"rendered":"Taxista vai a j\u00fari popular quase duas d\u00e9cadas ap\u00f3s homic\u00eddio"},"content":{"rendered":"\n<p>O taxista Espedito Gon\u00e7alves ser\u00e1 submetido a julgamento pelo Tribunal do J\u00fari pela morte de Afonso Fran\u00e7a, crime ocorrido em dezembro de 2006, em Teresina. A decis\u00e3o de pron\u00fancia foi proferida pelo juiz Ronaldo Paiva Nunes Marreiros, da 1\u00aa Vara do Tribunal Popular do J\u00fari.<\/p>\n\n\n\n<p>Ao analisar a fase de instru\u00e7\u00e3o, o magistrado concluiu haver ind\u00edcios suficientes de autoria e materialidade delitiva, determinando que o caso seja apreciado pelo Conselho de Senten\u00e7a. Nessa etapa processual, n\u00e3o h\u00e1 exame aprofundado do m\u00e9rito, cabendo aos jurados decidir pela condena\u00e7\u00e3o ou absolvi\u00e7\u00e3o.<\/p>\n\n\n\n<p>Conforme a den\u00fancia do Minist\u00e9rio P\u00fablico, o fato ocorreu em 15 de dezembro de 2006, nas imedia\u00e7\u00f5es do terminal de \u00f4nibus conhecido como \u201cTroca-Troca\u201d. R\u00e9u e v\u00edtima, que exerciam a mesma profiss\u00e3o, teriam se envolvido em discuss\u00e3o seguida de luta corporal. Ap\u00f3s serem apartados, o acusado teria se dirigido ao ve\u00edculo, pegado uma faca e retornado ao local. A v\u00edtima tentou se afastar, mas caiu e foi atingida por um golpe no t\u00f3rax, n\u00e3o resistindo.<\/p>\n\n\n\n<p>Durante interrogat\u00f3rio, o r\u00e9u alegou ter sido agredido anteriormente e sustentou que reagiu ap\u00f3s sofrer ataques. Embora a den\u00fancia inicial apontasse homic\u00eddio qualificado por motivo f\u00fatil, o juiz afastou a qualificadora por aus\u00eancia de comprova\u00e7\u00e3o nos autos, mantendo a acusa\u00e7\u00e3o por homic\u00eddio simples. Com a decis\u00e3o, acusa\u00e7\u00e3o e defesa poder\u00e3o indicar at\u00e9 cinco testemunhas para o julgamento em plen\u00e1rio. A data da sess\u00e3o ainda ser\u00e1 definida.<\/p>\n\n\n<figure class=\"wp-block-post-featured-image\"><img loading=\"lazy\" decoding=\"async\" width=\"665\" height=\"444\" src=\"https:\/\/portalv1.com.br\/app\/wp-content\/uploads\/2014\/07\/tribunal-de-justica.jpg\" class=\"attachment-post-thumbnail size-post-thumbnail wp-post-image\" alt=\"\" style=\"object-fit:cover;\" srcset=\"https:\/\/portalv1.com.br\/app\/wp-content\/uploads\/2014\/07\/tribunal-de-justica.jpg 665w, https:\/\/portalv1.com.br\/app\/wp-content\/uploads\/2014\/07\/tribunal-de-justica-300x200.jpg 300w, https:\/\/portalv1.com.br\/app\/wp-content\/uploads\/2014\/07\/tribunal-de-justica-640x427.jpg 640w\" sizes=\"auto, (max-width: 665px) 100vw, 665px\" \/><\/figure>\n\n\n<p>Fonte; 180graus<\/p>\n","protected":false},"excerpt":{"rendered":"<p>O taxista Espedito Gon\u00e7alves ser\u00e1 submetido a julgamento pelo Tribunal do J\u00fari pela morte de Afonso Fran\u00e7a, crime ocorrido em dezembro de 2006, em Teresina. A decis\u00e3o de pron\u00fancia foi&#8230;<\/p>\n","protected":false},"author":1,"featured_media":18778,"comment_status":"open","ping_status":"open","sticky":false,"template":"","format":"standard","meta":{"ngg_post_thumbnail":0,"footnotes":""},"categories":[243],"tags":[],"class_list":["post-256882","post","type-post","status-publish","format-standard","has-post-thumbnail","hentry","category-geral"],"views":95,"meta_data":{"thumb":"https:\/\/portalv1.com.br\/app\/wp-content\/uploads\/2014\/07\/tribunal-de-justica.jpg","imagem":{"fullsize":{"url":"https:\/\/portalv1.com.br\/app\/wp-content\/uploads\/2014\/07\/tribunal-de-justica.jpg","width":665,"height":444},"thumbnail":{"url":"https:\/\/portalv1.com.br\/app\/wp-content\/uploads\/2014\/07\/tribunal-de-justica-100x100.jpg","width":100,"height":100},"medium":{"url":"https:\/\/portalv1.com.br\/app\/wp-content\/uploads\/2014\/07\/tribunal-de-justica-300x200.jpg","width":300,"height":200},"large":{"url":"https:\/\/portalv1.com.br\/app\/wp-content\/uploads\/2014\/07\/tribunal-de-justica-640x427.jpg","width":640,"height":427}},"data":{"simple":"15\/02\/2026","date_time":"15\/02\/2026 05:52:12","date":"h\u00e1 2 meses"},"chapeu":"Veja agora ","source":"foto_menor"},"_links":{"self":[{"href":"https:\/\/portalv1.com.br\/api\/wp\/v2\/posts\/256882","targetHints":{"allow":["GET"]}}],"collection":[{"href":"https:\/\/portalv1.com.br\/api\/wp\/v2\/posts"}],"about":[{"href":"https:\/\/portalv1.com.br\/api\/wp\/v2\/types\/post"}],"author":[{"embeddable":true,"href":"https:\/\/portalv1.com.br\/api\/wp\/v2\/users\/1"}],"replies":[{"embeddable":true,"href":"https:\/\/portalv1.com.br\/api\/wp\/v2\/comments?post=256882"}],"version-history":[{"count":0,"href":"https:\/\/portalv1.com.br\/api\/wp\/v2\/posts\/256882\/revisions"}],"wp:featuredmedia":[{"embeddable":true,"href":"https:\/\/portalv1.com.br\/api\/wp\/v2\/media\/18778"}],"wp:attachment":[{"href":"https:\/\/portalv1.com.br\/api\/wp\/v2\/media?parent=256882"}],"wp:term":[{"taxonomy":"category","embeddable":true,"href":"https:\/\/portalv1.com.br\/api\/wp\/v2\/categories?post=256882"},{"taxonomy":"post_tag","embeddable":true,"href":"https:\/\/portalv1.com.br\/api\/wp\/v2\/tags?post=256882"}],"curies":[{"name":"wp","href":"https:\/\/api.w.org\/{rel}","templated":true}]}}