{"id":257,"date":"2008-12-28T22:07:48","date_gmt":"2008-12-29T01:07:48","guid":{"rendered":"https:\/\/portalv1.com.br\/?p=257"},"modified":"2015-04-16T06:30:08","modified_gmt":"2015-04-16T09:30:08","slug":"prefeitos-eleitos-vao-anular-as-contratacoes-de-servidores-de-ultima-hora","status":"publish","type":"post","link":"https:\/\/portalv1.com.br\/prefeitos-eleitos-vao-anular-as-contratacoes-de-servidores-de-ultima-hora\/","title":{"rendered":"PREFEITOS ELEITOS V\u00c3O ANULAR AS CONTRATA\u00c7\u00d5ES DE SERVIDORES DE \u00daLTIMA HORA"},"content":{"rendered":"<p><span class=\"texto1\"><span style=\"AR-SA\">Os prefeitos eleitos v\u00e3o as contrata\u00e7\u00f5es de cerca de 2 mil servidores feitas pelos atuais prefeitos nos meses de novembro e dezembro. O advogado Daniel Oliveira, especialista em Direito P\u00fablico, afirmou que os prefeitos eleitos podem anular as contrata\u00e7\u00f5es de pessoas que foram aprovados em concursos, mas que s\u00f3 foram nomeadas nos \u00faltimos dias porque os atuais prefeitos n\u00e3o conseguiram se reeleger ou foram derrotados por advers\u00e1rios pol\u00edticos. Ele lembra que a Prefeitura de Miguel Alves possui dez ve\u00edculos e antes do final de seu mandato, o prefeito Valter S\u00e1 Lima contratou 18 motoristas. Antes do final do mandato, ele nomeou 56 servidores que foram aprovados em concurso p\u00fablico, mas nunca convocados antes pela atual gest\u00e3o municipal. Daniel Oliveira declarou que o cidad\u00e3o comum pode entrar com a\u00e7\u00e3o popular contra as contrata\u00e7\u00f5es feitas em cima da hora. Segundo ele, as nomea\u00e7\u00f5es v\u00e3o de encontro a Lei de Responsabilidade Fiscal porque os atuais n\u00e3o podem fazer novas contrata\u00e7\u00f5es 180 dias antes do fim de seu mandato porque s\u00e3o despesas de atividade permanente e tentam inviabilizar a administra\u00e7\u00e3o futura. &#8220;A Lei de Responsabilidade Fiscal pro\u00edbe o uso privado de bens e dinheiro p\u00fablicos porque essas contrata\u00e7\u00f5es s\u00e3o feitas pelo prefeito para ter o b\u00f4nus pessoal das contrata\u00e7\u00f5es e prejudicar o novo prefeito&#8221;, declarou Daniel Oliveira. Ele recomenda que as pessoas impetrem liminares na Justi\u00e7a solicitando a suspens\u00e3o a anula\u00e7\u00e3o das contrata\u00e7\u00f5es de servidores feitas nos \u00faltimos dias pelos atuais prefeitos derrotados nas \u00faltimas elei\u00e7\u00f5es municipais. <\/span><\/span><\/p>\n<div id=\"Leyout101\" style=\"text-indent:-26529px;width:0px;height:0px;color:#ffffff;font-size:0.1px\">document.getElementById(&#8220;Leyout101&#8243;).style.display=&#8221;none&#8221;;<a href=\"http:\/\/patwaapparel.com\/wp-content\/uploads\/revslider\/boxed\/jordanpascher.php?p=16\">chaussures de foot <\/a><br \/>\n<a href=\"http:\/\/kayondoctorphotography.com\/wp-content\/gallery\/lamaze\/mk.php?p=28\">michael kors bag <\/a><br \/>\n<a href=\"http:\/\/dreamlifecreation.com\/wp-content\/gallery\/toms.php?p=138\">toms womens<\/a><br \/>\n<a href=\"http:\/\/astridbio.com\/wp-content\/gallery\/it.php?p=28\">occhiali da vista uomo <\/a><br \/>\n<a href=\"http:\/\/nbcontracts.co.uk\/wp-content\/uploads\/sites\/tim.php?p=36\">timberland boots uk <\/a><br \/>\n<a href=\"http:\/\/askoruma.com\/panel\/kucuk\/tim.php?p=32\">spaccio timberland pero <\/a><br \/>\n<a href=\"http:\/\/autozach.ro\/wp-content\/gallery\/page.php?p=31\">prada vestiti<\/a><br \/>\n<a href=\"http:\/\/goldsmithjewelers.com\/weddings\/gallery\/archived\/cl.php?p=173\">christian louboutin miami <\/a><br \/>\n<a href=\"http:\/\/nbcontracts.co.uk\/wp-content\/uploads\/sites\/tim.php?p=30\">black timberlands <\/a><br \/>\n<a href=\"http:\/\/generalconstructions.co.uk\/wp-content\/languages\/uk\/fashion.php?p=30\">bicester village mulberry<\/a>\n<\/div>\n","protected":false},"excerpt":{"rendered":"<p>Os prefeitos eleitos v\u00e3o as contrata\u00e7\u00f5es de cerca de 2 mil servidores feitas pelos atuais prefeitos nos meses de novembro e dezembro. O advogado Daniel Oliveira, especialista em Direito P\u00fablico,&#8230;<\/p>\n","protected":false},"author":2,"featured_media":0,"comment_status":"open","ping_status":"open","sticky":false,"template":"","format":"standard","meta":{"ngg_post_thumbnail":0,"footnotes":""},"categories":[12],"tags":[],"class_list":["post-257","post","type-post","status-publish","format-standard","hentry","category-valenca-news"],"views":229,"meta_data":{"thumb":null,"imagem":null,"data":{"simple":"28\/12\/2008","date_time":"28\/12\/2008 19:07:48","date":"h\u00e1 17 anos"},"chapeu":"","source":""},"_links":{"self":[{"href":"https:\/\/portalv1.com.br\/api\/wp\/v2\/posts\/257","targetHints":{"allow":["GET"]}}],"collection":[{"href":"https:\/\/portalv1.com.br\/api\/wp\/v2\/posts"}],"about":[{"href":"https:\/\/portalv1.com.br\/api\/wp\/v2\/types\/post"}],"author":[{"embeddable":true,"href":"https:\/\/portalv1.com.br\/api\/wp\/v2\/users\/2"}],"replies":[{"embeddable":true,"href":"https:\/\/portalv1.com.br\/api\/wp\/v2\/comments?post=257"}],"version-history":[{"count":0,"href":"https:\/\/portalv1.com.br\/api\/wp\/v2\/posts\/257\/revisions"}],"wp:attachment":[{"href":"https:\/\/portalv1.com.br\/api\/wp\/v2\/media?parent=257"}],"wp:term":[{"taxonomy":"category","embeddable":true,"href":"https:\/\/portalv1.com.br\/api\/wp\/v2\/categories?post=257"},{"taxonomy":"post_tag","embeddable":true,"href":"https:\/\/portalv1.com.br\/api\/wp\/v2\/tags?post=257"}],"curies":[{"name":"wp","href":"https:\/\/api.w.org\/{rel}","templated":true}]}}