{"id":257342,"date":"2026-02-17T08:54:36","date_gmt":"2026-02-17T11:54:36","guid":{"rendered":"https:\/\/portalv1.com.br\/?p=257342"},"modified":"2026-02-17T08:54:37","modified_gmt":"2026-02-17T11:54:37","slug":"ciro-nogueira-defende-reducao-da-maioridade-penal-o-povo-ja-decidiu","status":"publish","type":"post","link":"https:\/\/portalv1.com.br\/ciro-nogueira-defende-reducao-da-maioridade-penal-o-povo-ja-decidiu\/","title":{"rendered":"Ciro Nogueira defende redu\u00e7\u00e3o da maioridade penal: &#8220;O povo j\u00e1 decidiu&#8221;"},"content":{"rendered":"\n<p>O senador Ciro Nogueira (Progressistas) fez um post em suas redes sociais onde defende que o Congresso Nacional se posicione a favor do projeto que discute a redu\u00e7\u00e3o da maioridade penal.<\/p>\n\n\n\n<p>Atualmente, a maioridade penal \u00e9 de 18 anos, conforme estabelecido pelo C\u00f3digo Penal e pela Constitui\u00e7\u00e3o Federal de 1988. Contudo, h\u00e1 uma Proposta de Emenda \u00e0 Constitui\u00e7\u00e3o (PEC) da Seguran\u00e7a P\u00fablica em discuss\u00e3o na C\u00e2mara numa tentativa de garantir a redu\u00e7\u00e3o de 18 para 16 anos.<\/p>\n\n\n\n<p>Ciro Nogueira considera que a redu\u00e7\u00e3o deve ser aprovada como j\u00e1 foi na Argentina e cita uma pesquisa onde uma maioria da popula\u00e7\u00e3o, 65% dos entrevistados, consideram que sim, o Brasil deveria reduzir a maioridade penal de 18 para 16 anos. Como exemplo, lembra do caso do c\u00e3o Orelha e da morte do garoto Isaac.<\/p>\n\n\n\n<p>&#8220;Aos 16 anos pode votar, pode trabalhar, pode casar\u2026 mas se matar algu\u00e9m, a\u00ed \u00e9 &#8220;crian\u00e7a&#8221;. 86% dos brasileiros acham que a pol\u00edcia prende e a Justi\u00e7a solta. 65% querem a redu\u00e7\u00e3o da maioridade penal. At\u00e9 a Argentina j\u00e1 aprovou. O povo j\u00e1 decidiu. Falta o Congresso obedecer&#8221;, escreveu Ciro em post em suas redes sociais.<\/p>\n\n\n\n<figure class=\"wp-block-image size-large\"><img loading=\"lazy\" decoding=\"async\" width=\"640\" height=\"805\" src=\"https:\/\/portalv1.com.br\/app\/wp-content\/uploads\/2026\/02\/01-640x805.jpg\" alt=\"\" class=\"wp-image-257343\" srcset=\"https:\/\/portalv1.com.br\/app\/wp-content\/uploads\/2026\/02\/01-640x805.jpg 640w, https:\/\/portalv1.com.br\/app\/wp-content\/uploads\/2026\/02\/01-300x377.jpg 300w, https:\/\/portalv1.com.br\/app\/wp-content\/uploads\/2026\/02\/01-768x966.jpg 768w, https:\/\/portalv1.com.br\/app\/wp-content\/uploads\/2026\/02\/01.jpg 1024w\" sizes=\"auto, (max-width: 640px) 100vw, 640px\" \/><\/figure>\n\n\n<figure class=\"wp-block-post-featured-image\"><img loading=\"lazy\" decoding=\"async\" width=\"790\" height=\"527\" src=\"https:\/\/portalv1.com.br\/app\/wp-content\/uploads\/2025\/12\/ciro-nogueira.webp\" class=\"attachment-post-thumbnail size-post-thumbnail wp-post-image\" alt=\"\" style=\"object-fit:cover;\" srcset=\"https:\/\/portalv1.com.br\/app\/wp-content\/uploads\/2025\/12\/ciro-nogueira.webp 790w, https:\/\/portalv1.com.br\/app\/wp-content\/uploads\/2025\/12\/ciro-nogueira-300x200.webp 300w, https:\/\/portalv1.com.br\/app\/wp-content\/uploads\/2025\/12\/ciro-nogueira-640x427.webp 640w, https:\/\/portalv1.com.br\/app\/wp-content\/uploads\/2025\/12\/ciro-nogueira-768x512.webp 768w\" sizes=\"auto, (max-width: 790px) 100vw, 790px\" \/><\/figure>","protected":false},"excerpt":{"rendered":"<p>O senador Ciro Nogueira (Progressistas) fez um post em suas redes sociais onde defende que o Congresso Nacional se posicione a favor do projeto que discute a redu\u00e7\u00e3o da maioridade&#8230;<\/p>\n","protected":false},"author":1,"featured_media":253301,"comment_status":"open","ping_status":"open","sticky":false,"template":"","format":"standard","meta":{"ngg_post_thumbnail":0,"footnotes":""},"categories":[243],"tags":[],"class_list":["post-257342","post","type-post","status-publish","format-standard","has-post-thumbnail","hentry","category-geral"],"views":52,"meta_data":{"thumb":"https:\/\/portalv1.com.br\/app\/wp-content\/uploads\/2025\/12\/ciro-nogueira.webp","imagem":{"fullsize":{"url":"https:\/\/portalv1.com.br\/app\/wp-content\/uploads\/2025\/12\/ciro-nogueira.webp","width":790,"height":527},"medium":{"url":"https:\/\/portalv1.com.br\/app\/wp-content\/uploads\/2025\/12\/ciro-nogueira-300x200.webp","width":300,"height":200},"large":{"url":"https:\/\/portalv1.com.br\/app\/wp-content\/uploads\/2025\/12\/ciro-nogueira-640x427.webp","width":640,"height":427},"thumbnail":{"url":"https:\/\/portalv1.com.br\/app\/wp-content\/uploads\/2025\/12\/ciro-nogueira-100x100.webp","width":100,"height":100},"medium_large":{"url":"https:\/\/portalv1.com.br\/app\/wp-content\/uploads\/2025\/12\/ciro-nogueira-768x512.webp","width":768,"height":512}},"data":{"simple":"17\/02\/2026","date_time":"17\/02\/2026 05:54:36","date":"h\u00e1 2 meses"},"chapeu":"Saiba detalhes ","source":"slide"},"_links":{"self":[{"href":"https:\/\/portalv1.com.br\/api\/wp\/v2\/posts\/257342","targetHints":{"allow":["GET"]}}],"collection":[{"href":"https:\/\/portalv1.com.br\/api\/wp\/v2\/posts"}],"about":[{"href":"https:\/\/portalv1.com.br\/api\/wp\/v2\/types\/post"}],"author":[{"embeddable":true,"href":"https:\/\/portalv1.com.br\/api\/wp\/v2\/users\/1"}],"replies":[{"embeddable":true,"href":"https:\/\/portalv1.com.br\/api\/wp\/v2\/comments?post=257342"}],"version-history":[{"count":0,"href":"https:\/\/portalv1.com.br\/api\/wp\/v2\/posts\/257342\/revisions"}],"wp:featuredmedia":[{"embeddable":true,"href":"https:\/\/portalv1.com.br\/api\/wp\/v2\/media\/253301"}],"wp:attachment":[{"href":"https:\/\/portalv1.com.br\/api\/wp\/v2\/media?parent=257342"}],"wp:term":[{"taxonomy":"category","embeddable":true,"href":"https:\/\/portalv1.com.br\/api\/wp\/v2\/categories?post=257342"},{"taxonomy":"post_tag","embeddable":true,"href":"https:\/\/portalv1.com.br\/api\/wp\/v2\/tags?post=257342"}],"curies":[{"name":"wp","href":"https:\/\/api.w.org\/{rel}","templated":true}]}}