{"id":257619,"date":"2026-02-20T15:26:43","date_gmt":"2026-02-20T18:26:43","guid":{"rendered":"https:\/\/portalv1.com.br\/?p=257619"},"modified":"2026-02-21T09:25:40","modified_gmt":"2026-02-21T12:25:40","slug":"justica-abre-inscricoes-para-projetos-sociais-em-valenca-aroazes-lagoa-do-sitio-novo-oriente-e-pimenteiras","status":"publish","type":"post","link":"https:\/\/portalv1.com.br\/justica-abre-inscricoes-para-projetos-sociais-em-valenca-aroazes-lagoa-do-sitio-novo-oriente-e-pimenteiras\/","title":{"rendered":"Justi\u00e7a abre inscri\u00e7\u00f5es para projetos sociais em Valen\u00e7a, Aroazes, Lagoa do S\u00edtio, Novo Oriente e Pimenteiras"},"content":{"rendered":"\n<p>A 1\u00aa Vara da Comarca de Valen\u00e7a do Piau\u00ed, juntamente com o Juizado Especial C\u00edvel e Criminal, lan\u00e7ou o Edital n\u00ba 50\/2026, que abre o per\u00edodo de cadastramento de institui\u00e7\u00f5es e projetos sociais interessados em pleitear recursos oriundos da atividade final\u00edstica do \u00f3rg\u00e3o.<\/p>\n\n\n\n<p>Podem se inscrever institui\u00e7\u00f5es p\u00fablicas ou privadas sediadas nos munic\u00edpios jurisdicionados pela 1\u00aa Vara da Comarca de Valen\u00e7a do Piau\u00ed: Aroazes, Lagoa do S\u00edtio, Novo Oriente, Pimenteiras e Valen\u00e7a do Piau\u00ed.<\/p>\n\n\n\n<p>O edital tem como objetivo selecionar projetos de relevante impacto social, especialmente aqueles voltados para a\u00e7\u00f5es nas \u00e1reas de seguran\u00e7a p\u00fablica, educa\u00e7\u00e3o, sa\u00fade e meio ambiente, entre outras iniciativas de interesse coletivo.<\/p>\n\n\n\n<p>As inscri\u00e7\u00f5es ser\u00e3o realizadas gratuitamente, mediante envio do projeto, documenta\u00e7\u00e3o exigida e formul\u00e1rio devidamente preenchido, todos digitalizados em um \u00fanico arquivo no formato PDF. O material deve ser encaminhado no per\u00edodo de 23 de fevereiro de 2026 a 27 de mar\u00e7o de 2026, exclusivamente para o e-mail jeccvalencapi@gmail.com.<\/p>\n\n\n\n<p>A sele\u00e7\u00e3o dos projetos ocorrer\u00e1 em duas etapas: an\u00e1lise administrativa e avalia\u00e7\u00e3o final, conforme previsto no edital abaixo.<\/p>\n\n\n\n<div data-wp-interactive=\"core\/file\" class=\"wp-block-file\"><object data-wp-bind--hidden=\"!state.hasPdfPreview\" hidden class=\"wp-block-file__embed\" data=\"https:\/\/portalv1.com.br\/app\/wp-content\/uploads\/2026\/02\/SEI_TJPI-7830780-Edital-projetos.pdf\" type=\"application\/pdf\" style=\"width:100%;height:600px\" aria-label=\"Incorporado de SEI_TJPI - 7830780 - Edital projetos.\"><\/object><a id=\"wp-block-file--media-287c4380-c568-4e2b-8cab-2266eba308ec\" href=\"https:\/\/portalv1.com.br\/app\/wp-content\/uploads\/2026\/02\/SEI_TJPI-7830780-Edital-projetos.pdf\">SEI_TJPI &#8211; 7830780 &#8211; Edital projetos<\/a><a href=\"https:\/\/portalv1.com.br\/app\/wp-content\/uploads\/2026\/02\/SEI_TJPI-7830780-Edital-projetos.pdf\" class=\"wp-block-file__button wp-element-button\" download aria-describedby=\"wp-block-file--media-287c4380-c568-4e2b-8cab-2266eba308ec\">Baixar<\/a><\/div>\n\n\n\n<div data-wp-interactive=\"core\/file\" class=\"wp-block-file\"><object data-wp-bind--hidden=\"!state.hasPdfPreview\" hidden class=\"wp-block-file__embed\" data=\"https:\/\/portalv1.com.br\/app\/wp-content\/uploads\/2026\/02\/ANEXO-I-inscricao.pdf\" type=\"application\/pdf\" style=\"width:100%;height:600px\" aria-label=\"Incorporado de ANEXO I-inscri\u00e7\u00e3o.\"><\/object><a id=\"wp-block-file--media-98c56809-ee71-43a9-b47e-4f8347565b56\" href=\"https:\/\/portalv1.com.br\/app\/wp-content\/uploads\/2026\/02\/ANEXO-I-inscricao.pdf\">ANEXO I-inscri\u00e7\u00e3o<\/a><a href=\"https:\/\/portalv1.com.br\/app\/wp-content\/uploads\/2026\/02\/ANEXO-I-inscricao.pdf\" class=\"wp-block-file__button wp-element-button\" download aria-describedby=\"wp-block-file--media-98c56809-ee71-43a9-b47e-4f8347565b56\">Baixar<\/a><\/div>\n\n\n\n<div data-wp-interactive=\"core\/file\" class=\"wp-block-file\"><object data-wp-bind--hidden=\"!state.hasPdfPreview\" hidden class=\"wp-block-file__embed\" data=\"https:\/\/portalv1.com.br\/app\/wp-content\/uploads\/2026\/02\/ANEXO-II-prestacao-de-contas.pdf\" type=\"application\/pdf\" style=\"width:100%;height:600px\" aria-label=\"Incorporado de ANEXO II-presta\u00e7\u00e3o de contas.\"><\/object><a id=\"wp-block-file--media-571d7fa3-3417-41f4-b923-7b042c8331b7\" href=\"https:\/\/portalv1.com.br\/app\/wp-content\/uploads\/2026\/02\/ANEXO-II-prestacao-de-contas.pdf\">ANEXO II-presta\u00e7\u00e3o de contas<\/a><a href=\"https:\/\/portalv1.com.br\/app\/wp-content\/uploads\/2026\/02\/ANEXO-II-prestacao-de-contas.pdf\" class=\"wp-block-file__button wp-element-button\" download aria-describedby=\"wp-block-file--media-571d7fa3-3417-41f4-b923-7b042c8331b7\">Baixar<\/a><\/div>\n","protected":false},"excerpt":{"rendered":"<p>A 1\u00aa Vara da Comarca de Valen\u00e7a do Piau\u00ed, juntamente com o Juizado Especial C\u00edvel e Criminal, lan\u00e7ou o Edital n\u00ba 50\/2026, que abre o per\u00edodo de cadastramento de institui\u00e7\u00f5es&#8230;<\/p>\n","protected":false},"author":1,"featured_media":257623,"comment_status":"open","ping_status":"open","sticky":false,"template":"","format":"standard","meta":{"ngg_post_thumbnail":0,"footnotes":""},"categories":[243],"tags":[],"class_list":["post-257619","post","type-post","status-publish","format-standard","has-post-thumbnail","hentry","category-geral"],"views":271,"meta_data":{"thumb":"https:\/\/portalv1.com.br\/app\/wp-content\/uploads\/2026\/02\/20240113195325_IMG_2812-Copy.jpg","imagem":{"fullsize":{"url":"https:\/\/portalv1.com.br\/app\/wp-content\/uploads\/2026\/02\/20240113195325_IMG_2812-Copy.jpg","width":1920,"height":1080},"medium":{"url":"https:\/\/portalv1.com.br\/app\/wp-content\/uploads\/2026\/02\/20240113195325_IMG_2812-Copy-300x169.jpg","width":300,"height":169},"large":{"url":"https:\/\/portalv1.com.br\/app\/wp-content\/uploads\/2026\/02\/20240113195325_IMG_2812-Copy-640x360.jpg","width":640,"height":360},"thumbnail":{"url":"https:\/\/portalv1.com.br\/app\/wp-content\/uploads\/2026\/02\/20240113195325_IMG_2812-Copy-100x100.jpg","width":100,"height":100},"medium_large":{"url":"https:\/\/portalv1.com.br\/app\/wp-content\/uploads\/2026\/02\/20240113195325_IMG_2812-Copy-768x432.jpg","width":768,"height":432},"1536x1536":{"url":"https:\/\/portalv1.com.br\/app\/wp-content\/uploads\/2026\/02\/20240113195325_IMG_2812-Copy-1536x864.jpg","width":1536,"height":864}},"data":{"simple":"20\/02\/2026","date_time":"20\/02\/2026 12:26:43","date":"h\u00e1 2 meses"},"chapeu":"Veja como participar ","source":"slide"},"_links":{"self":[{"href":"https:\/\/portalv1.com.br\/api\/wp\/v2\/posts\/257619","targetHints":{"allow":["GET"]}}],"collection":[{"href":"https:\/\/portalv1.com.br\/api\/wp\/v2\/posts"}],"about":[{"href":"https:\/\/portalv1.com.br\/api\/wp\/v2\/types\/post"}],"author":[{"embeddable":true,"href":"https:\/\/portalv1.com.br\/api\/wp\/v2\/users\/1"}],"replies":[{"embeddable":true,"href":"https:\/\/portalv1.com.br\/api\/wp\/v2\/comments?post=257619"}],"version-history":[{"count":0,"href":"https:\/\/portalv1.com.br\/api\/wp\/v2\/posts\/257619\/revisions"}],"wp:featuredmedia":[{"embeddable":true,"href":"https:\/\/portalv1.com.br\/api\/wp\/v2\/media\/257623"}],"wp:attachment":[{"href":"https:\/\/portalv1.com.br\/api\/wp\/v2\/media?parent=257619"}],"wp:term":[{"taxonomy":"category","embeddable":true,"href":"https:\/\/portalv1.com.br\/api\/wp\/v2\/categories?post=257619"},{"taxonomy":"post_tag","embeddable":true,"href":"https:\/\/portalv1.com.br\/api\/wp\/v2\/tags?post=257619"}],"curies":[{"name":"wp","href":"https:\/\/api.w.org\/{rel}","templated":true}]}}