{"id":257787,"date":"2026-02-26T09:45:10","date_gmt":"2026-02-26T12:45:10","guid":{"rendered":"https:\/\/portalv1.com.br\/?p=257787"},"modified":"2026-02-26T09:45:11","modified_gmt":"2026-02-26T12:45:11","slug":"justica-condena-padre-egidio-e-chefe-de-ti-por-desvio-de-r-526-mil-em-instituicoes-filantropicas-de-joao-pessoa","status":"publish","type":"post","link":"https:\/\/portalv1.com.br\/justica-condena-padre-egidio-e-chefe-de-ti-por-desvio-de-r-526-mil-em-instituicoes-filantropicas-de-joao-pessoa\/","title":{"rendered":"Justi\u00e7a condena Padre Eg\u00eddio e chefe de TI por desvio de R$ 526 mil em institui\u00e7\u00f5es filantr\u00f3picas de Jo\u00e3o Pessoa"},"content":{"rendered":"\n<p>O Minist\u00e9rio P\u00fablico da Para\u00edba (MPPB) obteve a primeira decis\u00e3o condenat\u00f3ria relacionada \u00e0 Opera\u00e7\u00e3o Indignus, deflagrada em outubro de 2023 para investigar desvios de recursos no Instituto S\u00e3o Jos\u00e9, no Hospital Padre Z\u00e9 e na A\u00e7\u00e3o Social Arquidiocesana (ASA), em Jo\u00e3o Pessoa.<\/p>\n\n\n\n<p>O Ju\u00edzo da 3\u00aa Vara Criminal da Capital condenou Eg\u00eddio de Carvalho Neto, ent\u00e3o diretor-presidente do Hospital Padre Z\u00e9, e Samuel Rodrigues Cunha Segundo, chefe do setor de tecnologia da informa\u00e7\u00e3o da institui\u00e7\u00e3o, por apropria\u00e7\u00e3o ind\u00e9bita. Al\u00e9m da pena de reclus\u00e3o, os r\u00e9us foram condenados ao pagamento de multa e \u00e0 repara\u00e7\u00e3o solid\u00e1ria dos danos materiais causados \u00e0s institui\u00e7\u00f5es, totalizando, no m\u00ednimo, R$ 525.877,77, valor sujeito \u00e0 corre\u00e7\u00e3o monet\u00e1ria.<\/p>\n\n\n\n<p>Eg\u00eddio recebeu pena de cinco anos, seis meses e 20 dias de reclus\u00e3o, al\u00e9m de 132 dias-multa, enquanto Samuel foi condenado a quatro anos, sete meses e 16 dias de reclus\u00e3o, com 110 dias-multa. Ambos iniciar\u00e3o o cumprimento da pena em regime semiaberto.<\/p>\n\n\n\n<p>A investiga\u00e7\u00e3o identificou a apropria\u00e7\u00e3o de 676 itens de alto valor econ\u00f4mico, principalmente aparelhos eletr\u00f4nicos, doados pela Receita Federal para as institui\u00e7\u00f5es. Os fatos ocorreram entre 1\u00ba de junho e 24 de julho de 2023.<\/p>\n\n\n\n<p>Segundo o Gaeco\/MPPB, a Opera\u00e7\u00e3o Indignus envolveu medidas cautelares como buscas e apreens\u00f5es, afastamento de sigilos banc\u00e1rio, fiscal e telem\u00e1tico e sequestro de bens. Mais de 20 processos judiciais foram instaurados, com 11 den\u00fancias oferecidas at\u00e9 o momento, incluindo pr\u00e1ticas como lavagem e oculta\u00e7\u00e3o de bens, peculato, obstru\u00e7\u00e3o de justi\u00e7a e constitui\u00e7\u00e3o de organiza\u00e7\u00e3o criminosa estruturada em m\u00faltiplos n\u00facleos.<\/p>\n\n\n\n<p>No \u00e2mbito patrimonial, 19 im\u00f3veis atribu\u00eddos a Eg\u00eddio foram identificados, parte deles j\u00e1 solicitada \u00e0 Justi\u00e7a para aliena\u00e7\u00e3o antecipada, visando garantir a futura repara\u00e7\u00e3o ao er\u00e1rio. Parte dos fatos tamb\u00e9m foi encaminhada ao Minist\u00e9rio P\u00fablico Federal, diante da possibilidade de utiliza\u00e7\u00e3o de recursos federais.<\/p>\n\n\n\n<p>De acordo com o Gaeco, dezenas de audi\u00eancias j\u00e1 foram realizadas e outras est\u00e3o programadas para 2026, com todos os recursos e incidentes processuais sendo acompanhados pelo Minist\u00e9rio P\u00fablico.<\/p>\n\n\n\n<p>A decis\u00e3o representa o primeiro desdobramento judicial concreto da opera\u00e7\u00e3o, marcando um avan\u00e7o significativo no enfrentamento de fraudes e desvios em institui\u00e7\u00f5es filantr\u00f3picas na Para\u00edba.<\/p>\n\n\n<figure class=\"wp-block-post-featured-image\"><img loading=\"lazy\" decoding=\"async\" width=\"533\" height=\"349\" src=\"https:\/\/portalv1.com.br\/app\/wp-content\/uploads\/2026\/02\/padre.webp\" class=\"attachment-post-thumbnail size-post-thumbnail wp-post-image\" alt=\"\" style=\"object-fit:cover;\" srcset=\"https:\/\/portalv1.com.br\/app\/wp-content\/uploads\/2026\/02\/padre.webp 533w, https:\/\/portalv1.com.br\/app\/wp-content\/uploads\/2026\/02\/padre-300x196.webp 300w\" sizes=\"auto, (max-width: 533px) 100vw, 533px\" \/><\/figure>","protected":false},"excerpt":{"rendered":"<p>O Minist\u00e9rio P\u00fablico da Para\u00edba (MPPB) obteve a primeira decis\u00e3o condenat\u00f3ria relacionada \u00e0 Opera\u00e7\u00e3o Indignus, deflagrada em outubro de 2023 para investigar desvios de recursos no Instituto S\u00e3o Jos\u00e9, no&#8230;<\/p>\n","protected":false},"author":1,"featured_media":257788,"comment_status":"open","ping_status":"open","sticky":false,"template":"","format":"standard","meta":{"ngg_post_thumbnail":0,"footnotes":""},"categories":[243],"tags":[],"class_list":["post-257787","post","type-post","status-publish","format-standard","has-post-thumbnail","hentry","category-geral"],"views":75,"meta_data":{"thumb":"https:\/\/portalv1.com.br\/app\/wp-content\/uploads\/2026\/02\/padre.webp","imagem":{"fullsize":{"url":"https:\/\/portalv1.com.br\/app\/wp-content\/uploads\/2026\/02\/padre.webp","width":533,"height":349},"medium":{"url":"https:\/\/portalv1.com.br\/app\/wp-content\/uploads\/2026\/02\/padre-300x196.webp","width":300,"height":196},"thumbnail":{"url":"https:\/\/portalv1.com.br\/app\/wp-content\/uploads\/2026\/02\/padre-100x100.webp","width":100,"height":100}},"data":{"simple":"26\/02\/2026","date_time":"26\/02\/2026 06:45:10","date":"h\u00e1 2 meses"},"chapeu":"Veja detalhes ","source":"foto_menor"},"_links":{"self":[{"href":"https:\/\/portalv1.com.br\/api\/wp\/v2\/posts\/257787","targetHints":{"allow":["GET"]}}],"collection":[{"href":"https:\/\/portalv1.com.br\/api\/wp\/v2\/posts"}],"about":[{"href":"https:\/\/portalv1.com.br\/api\/wp\/v2\/types\/post"}],"author":[{"embeddable":true,"href":"https:\/\/portalv1.com.br\/api\/wp\/v2\/users\/1"}],"replies":[{"embeddable":true,"href":"https:\/\/portalv1.com.br\/api\/wp\/v2\/comments?post=257787"}],"version-history":[{"count":0,"href":"https:\/\/portalv1.com.br\/api\/wp\/v2\/posts\/257787\/revisions"}],"wp:featuredmedia":[{"embeddable":true,"href":"https:\/\/portalv1.com.br\/api\/wp\/v2\/media\/257788"}],"wp:attachment":[{"href":"https:\/\/portalv1.com.br\/api\/wp\/v2\/media?parent=257787"}],"wp:term":[{"taxonomy":"category","embeddable":true,"href":"https:\/\/portalv1.com.br\/api\/wp\/v2\/categories?post=257787"},{"taxonomy":"post_tag","embeddable":true,"href":"https:\/\/portalv1.com.br\/api\/wp\/v2\/tags?post=257787"}],"curies":[{"name":"wp","href":"https:\/\/api.w.org\/{rel}","templated":true}]}}