{"id":258366,"date":"2026-03-02T20:53:55","date_gmt":"2026-03-02T23:53:55","guid":{"rendered":"https:\/\/portalv1.com.br\/?p=258366"},"modified":"2026-03-03T09:04:16","modified_gmt":"2026-03-03T12:04:16","slug":"edilson-vieira-e-vitor-fernando-tomam-posse-na-camara-de-valenca","status":"publish","type":"post","link":"https:\/\/portalv1.com.br\/edilson-vieira-e-vitor-fernando-tomam-posse-na-camara-de-valenca\/","title":{"rendered":"Edilson Vieira e Vitor Fernando tomam posse na C\u00e2mara de Valen\u00e7a"},"content":{"rendered":"\n<p>A C\u00e2mara Municipal de Valen\u00e7a do Piau\u00ed empossou, na manh\u00e3 desta segunda-feira (2), os suplentes Edilson Vieira e Vitor Fernando, que passam a ocupar temporariamente as cadeiras das vereadoras Geane Vieira e Livia Nogueira, respectivamente.<\/p>\n\n\n\n<p>A solenidade de posse foi realizada no gabinete da presid\u00eancia da Casa Legislativa. Os novos parlamentares permanecer\u00e3o no cargo pelo per\u00edodo de 30 dias.<\/p>\n\n\n\n<p>Em publica\u00e7\u00e3o nas redes sociais, Edilson Vieira comemorou o momento e destacou a responsabilidade de assumir o mandato, mesmo que de forma tempor\u00e1ria.<\/p>\n\n\n\n<p>\u201cTomei posse como vereador de Valen\u00e7a do Piau\u00ed, realizando um grande sonho. Assumo essa miss\u00e3o pelo per\u00edodo de um m\u00eas, com muita responsabilidade, compromisso e gratid\u00e3o\u201d, afirmou.<\/p>\n\n\n\n<p>O vereador tamb\u00e9m fez quest\u00e3o de agradecer \u00e0 vereadora Geane Vieira pela oportunidade e confian\u00e7a.<\/p>\n\n\n\n<p>\u201cAgrade\u00e7o \u00e0 vereadora Geane Vieira pela confian\u00e7a e oportunidade, e ao povo de Valen\u00e7a do Piau\u00ed pela expressiva vota\u00e7\u00e3o e pelo apoio que me trouxeram at\u00e9 aqui. Durante este m\u00eas de mandato, estarei empenhado em apresentar projetos, requerimentos e defender, com firmeza, os interesses da nossa popula\u00e7\u00e3o na C\u00e2mara Municipal. Ser\u00e1 um per\u00edodo curto, mas de muito trabalho, resultados e entregas para nossa cidade\u201d, destacou.<\/p>\n\n\n<div class=\"ngg-galleryoverview\" id=\"1\">\n              <div data-widget=\"Galeria\" data-props=\"{&quot;galeria&quot;:{&quot;max_page&quot;:1,&quot;total&quot;:7,&quot;gallery_id&quot;:1,&quot;images&quot;:[{&quot;thumbcode&quot;:&quot;https:\\\/\\\/portalv1.com.br\\\/app\\\/wp-content\\\/uploads\\\/2026\\\/03\\\/WhatsApp-Image-2026-03-02-at-17.37.56-400x250.jpeg&quot;,&quot;imageURL&quot;:&quot;https:\\\/\\\/portalv1.com.br\\\/app\\\/wp-content\\\/uploads\\\/2026\\\/03\\\/WhatsApp-Image-2026-03-02-at-17.37.56.jpeg&quot;,&quot;pid&quot;:258367,&quot;galleryid&quot;:1,&quot;description&quot;:&quot;&quot;,&quot;alttext&quot;:&quot;Edilson Vieira e Vitor Fernando tomam posse na C\\u00e2mara de Valen\\u00e7a&quot;,&quot;thumbnailURL&quot;:&quot;https:\\\/\\\/portalv1.com.br\\\/app\\\/wp-content\\\/uploads\\\/2026\\\/03\\\/WhatsApp-Image-2026-03-02-at-17.37.56-400x250.jpeg&quot;,&quot;style&quot;:&quot;&quot;},{&quot;thumbcode&quot;:&quot;https:\\\/\\\/portalv1.com.br\\\/app\\\/wp-content\\\/uploads\\\/2026\\\/03\\\/WhatsApp-Image-2026-03-02-at-17.37.53-400x250.jpeg&quot;,&quot;imageURL&quot;:&quot;https:\\\/\\\/portalv1.com.br\\\/app\\\/wp-content\\\/uploads\\\/2026\\\/03\\\/WhatsApp-Image-2026-03-02-at-17.37.53.jpeg&quot;,&quot;pid&quot;:258368,&quot;galleryid&quot;:1,&quot;description&quot;:&quot;&quot;,&quot;alttext&quot;:&quot;Edilson Vieira e Vitor Fernando tomam posse na C\\u00e2mara de Valen\\u00e7a&quot;,&quot;thumbnailURL&quot;:&quot;https:\\\/\\\/portalv1.com.br\\\/app\\\/wp-content\\\/uploads\\\/2026\\\/03\\\/WhatsApp-Image-2026-03-02-at-17.37.53-400x250.jpeg&quot;,&quot;style&quot;:&quot;&quot;},{&quot;thumbcode&quot;:&quot;https:\\\/\\\/portalv1.com.br\\\/app\\\/wp-content\\\/uploads\\\/2026\\\/03\\\/WhatsApp-Image-2026-03-02-at-17.37.54-400x250.jpeg&quot;,&quot;imageURL&quot;:&quot;https:\\\/\\\/portalv1.com.br\\\/app\\\/wp-content\\\/uploads\\\/2026\\\/03\\\/WhatsApp-Image-2026-03-02-at-17.37.54.jpeg&quot;,&quot;pid&quot;:258369,&quot;galleryid&quot;:1,&quot;description&quot;:&quot;&quot;,&quot;alttext&quot;:&quot;Edilson Vieira e Vitor Fernando tomam posse na C\\u00e2mara de Valen\\u00e7a&quot;,&quot;thumbnailURL&quot;:&quot;https:\\\/\\\/portalv1.com.br\\\/app\\\/wp-content\\\/uploads\\\/2026\\\/03\\\/WhatsApp-Image-2026-03-02-at-17.37.54-400x250.jpeg&quot;,&quot;style&quot;:&quot;&quot;},{&quot;thumbcode&quot;:&quot;https:\\\/\\\/portalv1.com.br\\\/app\\\/wp-content\\\/uploads\\\/2026\\\/03\\\/WhatsApp-Image-2026-03-02-at-17.37.55-400x250.jpeg&quot;,&quot;imageURL&quot;:&quot;https:\\\/\\\/portalv1.com.br\\\/app\\\/wp-content\\\/uploads\\\/2026\\\/03\\\/WhatsApp-Image-2026-03-02-at-17.37.55.jpeg&quot;,&quot;pid&quot;:258370,&quot;galleryid&quot;:1,&quot;description&quot;:&quot;&quot;,&quot;alttext&quot;:&quot;Edilson Vieira e Vitor Fernando tomam posse na C\\u00e2mara de Valen\\u00e7a&quot;,&quot;thumbnailURL&quot;:&quot;https:\\\/\\\/portalv1.com.br\\\/app\\\/wp-content\\\/uploads\\\/2026\\\/03\\\/WhatsApp-Image-2026-03-02-at-17.37.55-400x250.jpeg&quot;,&quot;style&quot;:&quot;&quot;},{&quot;thumbcode&quot;:&quot;https:\\\/\\\/portalv1.com.br\\\/app\\\/wp-content\\\/uploads\\\/2026\\\/03\\\/WhatsApp-Image-2026-03-02-at-17.37.54-2-400x250.jpeg&quot;,&quot;imageURL&quot;:&quot;https:\\\/\\\/portalv1.com.br\\\/app\\\/wp-content\\\/uploads\\\/2026\\\/03\\\/WhatsApp-Image-2026-03-02-at-17.37.54-2.jpeg&quot;,&quot;pid&quot;:258371,&quot;galleryid&quot;:1,&quot;description&quot;:&quot;&quot;,&quot;alttext&quot;:&quot;Edilson Vieira e Vitor Fernando tomam posse na C\\u00e2mara de Valen\\u00e7a&quot;,&quot;thumbnailURL&quot;:&quot;https:\\\/\\\/portalv1.com.br\\\/app\\\/wp-content\\\/uploads\\\/2026\\\/03\\\/WhatsApp-Image-2026-03-02-at-17.37.54-2-400x250.jpeg&quot;,&quot;style&quot;:&quot;&quot;},{&quot;thumbcode&quot;:&quot;https:\\\/\\\/portalv1.com.br\\\/app\\\/wp-content\\\/uploads\\\/2026\\\/03\\\/WhatsApp-Image-2026-03-02-at-17.37.54-1-400x250.jpeg&quot;,&quot;imageURL&quot;:&quot;https:\\\/\\\/portalv1.com.br\\\/app\\\/wp-content\\\/uploads\\\/2026\\\/03\\\/WhatsApp-Image-2026-03-02-at-17.37.54-1.jpeg&quot;,&quot;pid&quot;:258372,&quot;galleryid&quot;:1,&quot;description&quot;:&quot;&quot;,&quot;alttext&quot;:&quot;Edilson Vieira e Vitor Fernando tomam posse na C\\u00e2mara de Valen\\u00e7a&quot;,&quot;thumbnailURL&quot;:&quot;https:\\\/\\\/portalv1.com.br\\\/app\\\/wp-content\\\/uploads\\\/2026\\\/03\\\/WhatsApp-Image-2026-03-02-at-17.37.54-1-400x250.jpeg&quot;,&quot;style&quot;:&quot;&quot;},{&quot;thumbcode&quot;:&quot;https:\\\/\\\/portalv1.com.br\\\/app\\\/wp-content\\\/uploads\\\/2026\\\/03\\\/WhatsApp-Image-2026-03-02-at-17.37.56-1-400x250.jpeg&quot;,&quot;imageURL&quot;:&quot;https:\\\/\\\/portalv1.com.br\\\/app\\\/wp-content\\\/uploads\\\/2026\\\/03\\\/WhatsApp-Image-2026-03-02-at-17.37.56-1.jpeg&quot;,&quot;pid&quot;:258373,&quot;galleryid&quot;:1,&quot;description&quot;:&quot;&quot;,&quot;alttext&quot;:&quot;Edilson Vieira e Vitor Fernando tomam posse na C\\u00e2mara de Valen\\u00e7a&quot;,&quot;thumbnailURL&quot;:&quot;https:\\\/\\\/portalv1.com.br\\\/app\\\/wp-content\\\/uploads\\\/2026\\\/03\\\/WhatsApp-Image-2026-03-02-at-17.37.56-1-400x250.jpeg&quot;,&quot;style&quot;:&quot;&quot;}]}}\"><\/div>\n            <\/div>","protected":false},"excerpt":{"rendered":"<p>A C\u00e2mara Municipal de Valen\u00e7a do Piau\u00ed empossou, na manh\u00e3 desta segunda-feira (2), os suplentes Edilson Vieira e Vitor Fernando, que passam a ocupar temporariamente as cadeiras das vereadoras Geane&#8230;<\/p>\n","protected":false},"author":1,"featured_media":258373,"comment_status":"open","ping_status":"open","sticky":false,"template":"","format":"standard","meta":{"ngg_post_thumbnail":0,"footnotes":""},"categories":[243],"tags":[],"class_list":["post-258366","post","type-post","status-publish","format-standard","has-post-thumbnail","hentry","category-geral"],"views":514,"meta_data":{"thumb":"https:\/\/portalv1.com.br\/app\/wp-content\/uploads\/2026\/03\/WhatsApp-Image-2026-03-02-at-17.37.56-1.jpeg","imagem":{"fullsize":{"url":"https:\/\/portalv1.com.br\/app\/wp-content\/uploads\/2026\/03\/WhatsApp-Image-2026-03-02-at-17.37.56-1.jpeg","width":960,"height":1280},"medium":{"url":"https:\/\/portalv1.com.br\/app\/wp-content\/uploads\/2026\/03\/WhatsApp-Image-2026-03-02-at-17.37.56-1-300x400.jpeg","width":300,"height":400},"large":{"url":"https:\/\/portalv1.com.br\/app\/wp-content\/uploads\/2026\/03\/WhatsApp-Image-2026-03-02-at-17.37.56-1-640x853.jpeg","width":640,"height":853},"thumbnail":{"url":"https:\/\/portalv1.com.br\/app\/wp-content\/uploads\/2026\/03\/WhatsApp-Image-2026-03-02-at-17.37.56-1-100x100.jpeg","width":100,"height":100},"medium_large":{"url":"https:\/\/portalv1.com.br\/app\/wp-content\/uploads\/2026\/03\/WhatsApp-Image-2026-03-02-at-17.37.56-1-768x1024.jpeg","width":768,"height":1024}},"data":{"simple":"02\/03\/2026","date_time":"02\/03\/2026 17:53:55","date":"h\u00e1 2 meses"},"chapeu":"Saiba mais","source":"slide"},"_links":{"self":[{"href":"https:\/\/portalv1.com.br\/api\/wp\/v2\/posts\/258366","targetHints":{"allow":["GET"]}}],"collection":[{"href":"https:\/\/portalv1.com.br\/api\/wp\/v2\/posts"}],"about":[{"href":"https:\/\/portalv1.com.br\/api\/wp\/v2\/types\/post"}],"author":[{"embeddable":true,"href":"https:\/\/portalv1.com.br\/api\/wp\/v2\/users\/1"}],"replies":[{"embeddable":true,"href":"https:\/\/portalv1.com.br\/api\/wp\/v2\/comments?post=258366"}],"version-history":[{"count":0,"href":"https:\/\/portalv1.com.br\/api\/wp\/v2\/posts\/258366\/revisions"}],"wp:featuredmedia":[{"embeddable":true,"href":"https:\/\/portalv1.com.br\/api\/wp\/v2\/media\/258373"}],"wp:attachment":[{"href":"https:\/\/portalv1.com.br\/api\/wp\/v2\/media?parent=258366"}],"wp:term":[{"taxonomy":"category","embeddable":true,"href":"https:\/\/portalv1.com.br\/api\/wp\/v2\/categories?post=258366"},{"taxonomy":"post_tag","embeddable":true,"href":"https:\/\/portalv1.com.br\/api\/wp\/v2\/tags?post=258366"}],"curies":[{"name":"wp","href":"https:\/\/api.w.org\/{rel}","templated":true}]}}