{"id":258521,"date":"2026-03-05T22:49:40","date_gmt":"2026-03-06T01:49:40","guid":{"rendered":"https:\/\/portalv1.com.br\/?p=258521"},"modified":"2026-03-05T22:49:59","modified_gmt":"2026-03-06T01:49:59","slug":"boulos-diz-que-comparacao-entre-gestoes-favorecera-lula","status":"publish","type":"post","link":"https:\/\/portalv1.com.br\/boulos-diz-que-comparacao-entre-gestoes-favorecera-lula\/","title":{"rendered":"Boulos diz que compara\u00e7\u00e3o entre gest\u00f5es favorecer\u00e1 Lula"},"content":{"rendered":"\n<p>O ministro-chefe da Secretaria-Geral da Presid\u00eancia da Rep\u00fablica, Guilherme Boulos, que cumpre agenda no Piau\u00ed, falou nesta quinta-feira (5) sobre o projeto de articula\u00e7\u00e3o para a reelei\u00e7\u00e3o do presidente Luiz In\u00e1cio Lula da Silva. Ele afirmou que a campanha ainda n\u00e3o come\u00e7ou e que, quando realmente come\u00e7ar, as compara\u00e7\u00f5es da atual gest\u00e3o com a anterior far\u00e3o uma grande diferen\u00e7a.<\/p>\n\n\n\n<p>Para Guilherme Boulos, apesar da publica\u00e7\u00e3o recente de algumas pesquisas, a campanha ainda n\u00e3o come\u00e7ou e, quando come\u00e7arem a mostrar o que a gest\u00e3o de Lula fez nos \u00faltimos anos, acredita que isso ter\u00e1 um grande impacto.<\/p>\n\n\n\n<p>\u201cAs pessoas ficam um pouco assustadas quando veem pesquisas hoje. A campanha ainda n\u00e3o come\u00e7ou. Quando a campanha come\u00e7ar, vamos poder fazer a compara\u00e7\u00e3o. \u00c9 s\u00f3 pegar esses \u00faltimos quatro anos e pegar o anterior, o que est\u00e1 preso e est\u00e1 lan\u00e7ando o filho agora, e comparar o que essa turma fez para o Brasil. O que o Fl\u00e1vio Bolsonaro fez para o Brasil? Nada. Essa turma est\u00e1 envolvida com mil\u00edcia, com rachadinha, com tudo que n\u00e3o presta. E o presidente Lula foi quem recuperou os projetos sociais no Brasil. Quantos m\u00e9dicos foram trazidos pelo Mais M\u00e9dicos, que foi encerrado no governo anterior? Quantas casas foram contratadas pelo Minha Casa Minha Vida, que tinha sido encerrado pelo governo anterior? Quando chegar a hora, essas pessoas v\u00e3o comparar. E, quando compararem, vai ser diferente\u201d, destacou.<\/p>\n\n\n\n<p>Ao ser questionado sobre qual rumo defende para o PSOL, ele defendeu a participa\u00e7\u00e3o em uma federa\u00e7\u00e3o.<\/p>\n\n\n\n<p>\u201cEu defendo que o PSOL participe de uma federa\u00e7\u00e3o com um conjunto da esquerda. \u00c9 preciso unidade, n\u00e3o s\u00f3 para participar da elei\u00e7\u00e3o. N\u00f3s temos um bolsonarismo agressivo, que n\u00e3o gosta de democracia. Temos Donald Trump querendo tratar o Brasil como col\u00f4nia. A gente precisa ter ju\u00edzo e responsabilidade e juntar todo o campo progressista para fazer a disputa. Por isso defendo que o PSOL componha federa\u00e7\u00e3o com PCdoB, com a Rede, com todos os partidos da esquerda\u201d, finalizou.<\/p>\n\n\n<figure class=\"wp-block-post-featured-image\"><img loading=\"lazy\" decoding=\"async\" width=\"790\" height=\"550\" src=\"https:\/\/portalv1.com.br\/app\/wp-content\/uploads\/2026\/03\/boulos.jpg\" class=\"attachment-post-thumbnail size-post-thumbnail wp-post-image\" alt=\"\" style=\"object-fit:cover;\" srcset=\"https:\/\/portalv1.com.br\/app\/wp-content\/uploads\/2026\/03\/boulos.jpg 790w, https:\/\/portalv1.com.br\/app\/wp-content\/uploads\/2026\/03\/boulos-300x209.jpg 300w, https:\/\/portalv1.com.br\/app\/wp-content\/uploads\/2026\/03\/boulos-640x446.jpg 640w, https:\/\/portalv1.com.br\/app\/wp-content\/uploads\/2026\/03\/boulos-768x535.jpg 768w\" sizes=\"auto, (max-width: 790px) 100vw, 790px\" \/><\/figure>\n\n\n<p>Fonte: cidadeverde.com<\/p>\n","protected":false},"excerpt":{"rendered":"<p>O ministro-chefe da Secretaria-Geral da Presid\u00eancia da Rep\u00fablica, Guilherme Boulos, que cumpre agenda no Piau\u00ed, falou nesta quinta-feira (5) sobre o projeto de articula\u00e7\u00e3o para a reelei\u00e7\u00e3o do presidente Luiz&#8230;<\/p>\n","protected":false},"author":1,"featured_media":258522,"comment_status":"open","ping_status":"open","sticky":false,"template":"","format":"standard","meta":{"ngg_post_thumbnail":0,"footnotes":""},"categories":[243],"tags":[],"class_list":["post-258521","post","type-post","status-publish","format-standard","has-post-thumbnail","hentry","category-geral"],"views":20,"meta_data":{"thumb":"https:\/\/portalv1.com.br\/app\/wp-content\/uploads\/2026\/03\/boulos.jpg","imagem":{"fullsize":{"url":"https:\/\/portalv1.com.br\/app\/wp-content\/uploads\/2026\/03\/boulos.jpg","width":790,"height":550},"medium":{"url":"https:\/\/portalv1.com.br\/app\/wp-content\/uploads\/2026\/03\/boulos-300x209.jpg","width":300,"height":209},"large":{"url":"https:\/\/portalv1.com.br\/app\/wp-content\/uploads\/2026\/03\/boulos-640x446.jpg","width":640,"height":446},"thumbnail":{"url":"https:\/\/portalv1.com.br\/app\/wp-content\/uploads\/2026\/03\/boulos-100x100.jpg","width":100,"height":100},"medium_large":{"url":"https:\/\/portalv1.com.br\/app\/wp-content\/uploads\/2026\/03\/boulos-768x535.jpg","width":768,"height":535}},"data":{"simple":"05\/03\/2026","date_time":"05\/03\/2026 19:49:40","date":"h\u00e1 2 meses"},"chapeu":"Em Teresina ","source":"foto_menor"},"_links":{"self":[{"href":"https:\/\/portalv1.com.br\/api\/wp\/v2\/posts\/258521","targetHints":{"allow":["GET"]}}],"collection":[{"href":"https:\/\/portalv1.com.br\/api\/wp\/v2\/posts"}],"about":[{"href":"https:\/\/portalv1.com.br\/api\/wp\/v2\/types\/post"}],"author":[{"embeddable":true,"href":"https:\/\/portalv1.com.br\/api\/wp\/v2\/users\/1"}],"replies":[{"embeddable":true,"href":"https:\/\/portalv1.com.br\/api\/wp\/v2\/comments?post=258521"}],"version-history":[{"count":0,"href":"https:\/\/portalv1.com.br\/api\/wp\/v2\/posts\/258521\/revisions"}],"wp:featuredmedia":[{"embeddable":true,"href":"https:\/\/portalv1.com.br\/api\/wp\/v2\/media\/258522"}],"wp:attachment":[{"href":"https:\/\/portalv1.com.br\/api\/wp\/v2\/media?parent=258521"}],"wp:term":[{"taxonomy":"category","embeddable":true,"href":"https:\/\/portalv1.com.br\/api\/wp\/v2\/categories?post=258521"},{"taxonomy":"post_tag","embeddable":true,"href":"https:\/\/portalv1.com.br\/api\/wp\/v2\/tags?post=258521"}],"curies":[{"name":"wp","href":"https:\/\/api.w.org\/{rel}","templated":true}]}}