{"id":258847,"date":"2026-03-09T10:16:38","date_gmt":"2026-03-09T13:16:38","guid":{"rendered":"https:\/\/portalv1.com.br\/?p=258847"},"modified":"2026-03-09T10:16:39","modified_gmt":"2026-03-09T13:16:39","slug":"luto-neto-do-fundador-da-tv-clube-valter-alencar-neto-morre-aos-47-anos","status":"publish","type":"post","link":"https:\/\/portalv1.com.br\/luto-neto-do-fundador-da-tv-clube-valter-alencar-neto-morre-aos-47-anos\/","title":{"rendered":"LUTO: Neto do fundador da TV Clube, Valter Alencar Neto morre aos 47 anos"},"content":{"rendered":"\n<p>O publicit\u00e1rio e agropecuarista Valter Alencar Neto morreu aos 47 anos nesta segunda-feira (09\/03), em um hospital de Teresina. Ele estava internado e realizava tratamento contra um c\u00e2ncer.<\/p>\n\n\n\n<p>Valter Neto era filho do empres\u00e1rio Valter Alencar Filho, falecido em 2015, e neto de Valter Alencar, fundador da TV Clube, que morreu em 1975. Ele tamb\u00e9m era filho da conselheira da TV Clube L\u00facia Alencar e irm\u00e3o de Daniel Alencar, diretor da R\u00e1dio FM Clube, e de Alberto Alencar.<\/p>\n\n\n\n<p>Em 2025, Valter Alencar Neto foi homenageado com a Medalha Estadual do M\u00e9rito Agropecu\u00e1rio Jo\u00e3o Mendes Ol\u00edmpio de Melo, reconhecimento pela atua\u00e7\u00e3o no setor.<\/p>\n\n\n\n<p>Ele deixa a esposa, Suy\u00e1 Alencar, e dois filhos.<\/p>\n\n\n\n<p>O vel\u00f3rio ser\u00e1 realizado a partir das 8h, na capela do Cemit\u00e9rio Jardim da Ressurrei\u00e7\u00e3o, em Teresina. O sepultamento est\u00e1 previsto para ocorrer \u00e0s 16h30 no mesmo local.<\/p>\n\n\n<figure class=\"wp-block-post-featured-image\"><img loading=\"lazy\" decoding=\"async\" width=\"785\" height=\"435\" src=\"https:\/\/portalv1.com.br\/app\/wp-content\/uploads\/2026\/03\/nota.png\" class=\"attachment-post-thumbnail size-post-thumbnail wp-post-image\" alt=\"\" style=\"object-fit:cover;\" srcset=\"https:\/\/portalv1.com.br\/app\/wp-content\/uploads\/2026\/03\/nota.png 785w, https:\/\/portalv1.com.br\/app\/wp-content\/uploads\/2026\/03\/nota-300x166.png 300w, https:\/\/portalv1.com.br\/app\/wp-content\/uploads\/2026\/03\/nota-640x355.png 640w, https:\/\/portalv1.com.br\/app\/wp-content\/uploads\/2026\/03\/nota-768x426.png 768w\" sizes=\"auto, (max-width: 785px) 100vw, 785px\" \/><\/figure>\n\n\n<p>Fonte 180graus<\/p>\n","protected":false},"excerpt":{"rendered":"<p>O publicit\u00e1rio e agropecuarista Valter Alencar Neto morreu aos 47 anos nesta segunda-feira (09\/03), em um hospital de Teresina. Ele estava internado e realizava tratamento contra um c\u00e2ncer. Valter Neto&#8230;<\/p>\n","protected":false},"author":1,"featured_media":258848,"comment_status":"open","ping_status":"open","sticky":false,"template":"","format":"standard","meta":{"ngg_post_thumbnail":0,"footnotes":""},"categories":[243],"tags":[],"class_list":["post-258847","post","type-post","status-publish","format-standard","has-post-thumbnail","hentry","category-geral"],"views":186,"meta_data":{"thumb":"https:\/\/portalv1.com.br\/app\/wp-content\/uploads\/2026\/03\/nota.png","imagem":{"fullsize":{"url":"https:\/\/portalv1.com.br\/app\/wp-content\/uploads\/2026\/03\/nota.png","width":785,"height":435},"medium":{"url":"https:\/\/portalv1.com.br\/app\/wp-content\/uploads\/2026\/03\/nota-300x166.png","width":300,"height":166},"large":{"url":"https:\/\/portalv1.com.br\/app\/wp-content\/uploads\/2026\/03\/nota-640x355.png","width":640,"height":355},"thumbnail":{"url":"https:\/\/portalv1.com.br\/app\/wp-content\/uploads\/2026\/03\/nota-100x100.png","width":100,"height":100},"medium_large":{"url":"https:\/\/portalv1.com.br\/app\/wp-content\/uploads\/2026\/03\/nota-768x426.png","width":768,"height":426}},"data":{"simple":"09\/03\/2026","date_time":"09\/03\/2026 07:16:38","date":"h\u00e1 2 meses"},"chapeu":"LUTO","source":"foto_menor"},"_links":{"self":[{"href":"https:\/\/portalv1.com.br\/api\/wp\/v2\/posts\/258847","targetHints":{"allow":["GET"]}}],"collection":[{"href":"https:\/\/portalv1.com.br\/api\/wp\/v2\/posts"}],"about":[{"href":"https:\/\/portalv1.com.br\/api\/wp\/v2\/types\/post"}],"author":[{"embeddable":true,"href":"https:\/\/portalv1.com.br\/api\/wp\/v2\/users\/1"}],"replies":[{"embeddable":true,"href":"https:\/\/portalv1.com.br\/api\/wp\/v2\/comments?post=258847"}],"version-history":[{"count":0,"href":"https:\/\/portalv1.com.br\/api\/wp\/v2\/posts\/258847\/revisions"}],"wp:featuredmedia":[{"embeddable":true,"href":"https:\/\/portalv1.com.br\/api\/wp\/v2\/media\/258848"}],"wp:attachment":[{"href":"https:\/\/portalv1.com.br\/api\/wp\/v2\/media?parent=258847"}],"wp:term":[{"taxonomy":"category","embeddable":true,"href":"https:\/\/portalv1.com.br\/api\/wp\/v2\/categories?post=258847"},{"taxonomy":"post_tag","embeddable":true,"href":"https:\/\/portalv1.com.br\/api\/wp\/v2\/tags?post=258847"}],"curies":[{"name":"wp","href":"https:\/\/api.w.org\/{rel}","templated":true}]}}