{"id":258882,"date":"2026-03-09T16:52:52","date_gmt":"2026-03-09T19:52:52","guid":{"rendered":"https:\/\/portalv1.com.br\/?p=258882"},"modified":"2026-03-09T16:52:53","modified_gmt":"2026-03-09T19:52:53","slug":"4o-encontro-de-musicos-de-valenca-do-piaui-acontece-dia-22-de-marco-com-musica-ao-vivo","status":"publish","type":"post","link":"https:\/\/portalv1.com.br\/4o-encontro-de-musicos-de-valenca-do-piaui-acontece-dia-22-de-marco-com-musica-ao-vivo\/","title":{"rendered":"4\u00ba Encontro de M\u00fasicos de Valen\u00e7a do Piau\u00ed acontece dia 22 de mar\u00e7o com m\u00fasica ao vivo"},"content":{"rendered":"\n<p>Acontece no pr\u00f3ximo dia 22 de mar\u00e7o o 4\u00ba Encontro de M\u00fasicos de Valen\u00e7a do Piau\u00ed. O evento \u00e9 gratuito e ser\u00e1 realizado no Posto de Lavagem P\u00f4r do Sol, a partir das 14h, reunindo diversos artistas da cidade em uma grande celebra\u00e7\u00e3o da m\u00fasica.<\/p>\n\n\n\n<p>A programa\u00e7\u00e3o contar\u00e1 com m\u00fasica ao vivo e a participa\u00e7\u00e3o de m\u00fasicos valencianos, al\u00e9m de convidados de outras cidades da regi\u00e3o, promovendo um momento especial de integra\u00e7\u00e3o entre os artistas.<\/p>\n\n\n\n<p>De acordo com Bai\u00e1, o encontro j\u00e1 se tornou uma tradi\u00e7\u00e3o e vem sendo realizado anualmente com o objetivo de fortalecer os la\u00e7os entre os m\u00fasicos e \u00e9 tamb\u00e9m uma forma de reunir os m\u00fasicos de Valen\u00e7a e tamb\u00e9m artistas de outras cidades em um ambiente de amizade, troca de experi\u00eancias e muita m\u00fasica. \u00c9 um momento de confraterniza\u00e7\u00e3o entre quem vive da arte ou tem a m\u00fasica como paix\u00e3o.<\/p>\n\n\n<figure class=\"wp-block-post-featured-image\"><img loading=\"lazy\" decoding=\"async\" width=\"1280\" height=\"1600\" src=\"https:\/\/portalv1.com.br\/app\/wp-content\/uploads\/2026\/03\/WhatsApp-Image-2026-03-09-at-12.17.17.jpeg\" class=\"attachment-post-thumbnail size-post-thumbnail wp-post-image\" alt=\"\" style=\"object-fit:cover;\" srcset=\"https:\/\/portalv1.com.br\/app\/wp-content\/uploads\/2026\/03\/WhatsApp-Image-2026-03-09-at-12.17.17.jpeg 1280w, https:\/\/portalv1.com.br\/app\/wp-content\/uploads\/2026\/03\/WhatsApp-Image-2026-03-09-at-12.17.17-300x375.jpeg 300w, https:\/\/portalv1.com.br\/app\/wp-content\/uploads\/2026\/03\/WhatsApp-Image-2026-03-09-at-12.17.17-640x800.jpeg 640w, https:\/\/portalv1.com.br\/app\/wp-content\/uploads\/2026\/03\/WhatsApp-Image-2026-03-09-at-12.17.17-768x960.jpeg 768w, https:\/\/portalv1.com.br\/app\/wp-content\/uploads\/2026\/03\/WhatsApp-Image-2026-03-09-at-12.17.17-1229x1536.jpeg 1229w\" sizes=\"auto, (max-width: 1280px) 100vw, 1280px\" \/><\/figure>","protected":false},"excerpt":{"rendered":"<p>Acontece no pr\u00f3ximo dia 22 de mar\u00e7o o 4\u00ba Encontro de M\u00fasicos de Valen\u00e7a do Piau\u00ed. O evento \u00e9 gratuito e ser\u00e1 realizado no Posto de Lavagem P\u00f4r do Sol,&#8230;<\/p>\n","protected":false},"author":1,"featured_media":258883,"comment_status":"open","ping_status":"open","sticky":false,"template":"","format":"standard","meta":{"ngg_post_thumbnail":0,"footnotes":""},"categories":[243],"tags":[],"class_list":["post-258882","post","type-post","status-publish","format-standard","has-post-thumbnail","hentry","category-geral"],"views":144,"meta_data":{"thumb":"https:\/\/portalv1.com.br\/app\/wp-content\/uploads\/2026\/03\/WhatsApp-Image-2026-03-09-at-12.17.17.jpeg","imagem":{"fullsize":{"url":"https:\/\/portalv1.com.br\/app\/wp-content\/uploads\/2026\/03\/WhatsApp-Image-2026-03-09-at-12.17.17.jpeg","width":1280,"height":1600},"medium":{"url":"https:\/\/portalv1.com.br\/app\/wp-content\/uploads\/2026\/03\/WhatsApp-Image-2026-03-09-at-12.17.17-300x375.jpeg","width":300,"height":375},"large":{"url":"https:\/\/portalv1.com.br\/app\/wp-content\/uploads\/2026\/03\/WhatsApp-Image-2026-03-09-at-12.17.17-640x800.jpeg","width":640,"height":800},"thumbnail":{"url":"https:\/\/portalv1.com.br\/app\/wp-content\/uploads\/2026\/03\/WhatsApp-Image-2026-03-09-at-12.17.17-100x100.jpeg","width":100,"height":100},"medium_large":{"url":"https:\/\/portalv1.com.br\/app\/wp-content\/uploads\/2026\/03\/WhatsApp-Image-2026-03-09-at-12.17.17-768x960.jpeg","width":768,"height":960},"1536x1536":{"url":"https:\/\/portalv1.com.br\/app\/wp-content\/uploads\/2026\/03\/WhatsApp-Image-2026-03-09-at-12.17.17-1229x1536.jpeg","width":1229,"height":1536}},"data":{"simple":"09\/03\/2026","date_time":"09\/03\/2026 13:52:52","date":"h\u00e1 2 meses"},"chapeu":"0800","source":"slide"},"_links":{"self":[{"href":"https:\/\/portalv1.com.br\/api\/wp\/v2\/posts\/258882","targetHints":{"allow":["GET"]}}],"collection":[{"href":"https:\/\/portalv1.com.br\/api\/wp\/v2\/posts"}],"about":[{"href":"https:\/\/portalv1.com.br\/api\/wp\/v2\/types\/post"}],"author":[{"embeddable":true,"href":"https:\/\/portalv1.com.br\/api\/wp\/v2\/users\/1"}],"replies":[{"embeddable":true,"href":"https:\/\/portalv1.com.br\/api\/wp\/v2\/comments?post=258882"}],"version-history":[{"count":0,"href":"https:\/\/portalv1.com.br\/api\/wp\/v2\/posts\/258882\/revisions"}],"wp:featuredmedia":[{"embeddable":true,"href":"https:\/\/portalv1.com.br\/api\/wp\/v2\/media\/258883"}],"wp:attachment":[{"href":"https:\/\/portalv1.com.br\/api\/wp\/v2\/media?parent=258882"}],"wp:term":[{"taxonomy":"category","embeddable":true,"href":"https:\/\/portalv1.com.br\/api\/wp\/v2\/categories?post=258882"},{"taxonomy":"post_tag","embeddable":true,"href":"https:\/\/portalv1.com.br\/api\/wp\/v2\/tags?post=258882"}],"curies":[{"name":"wp","href":"https:\/\/api.w.org\/{rel}","templated":true}]}}