{"id":258949,"date":"2026-03-11T13:02:20","date_gmt":"2026-03-11T16:02:20","guid":{"rendered":"https:\/\/portalv1.com.br\/?p=258949"},"modified":"2026-03-15T16:43:52","modified_gmt":"2026-03-15T19:43:52","slug":"justica-eleitoral-muda-data-e-marca-para-18-de-marco-nova-contagem-de-votos-em-pimenteiras","status":"publish","type":"post","link":"https:\/\/portalv1.com.br\/justica-eleitoral-muda-data-e-marca-para-18-de-marco-nova-contagem-de-votos-em-pimenteiras\/","title":{"rendered":"Justi\u00e7a Eleitoral muda data e marca para 18 de mar\u00e7o nova contagem de votos em Pimenteiras"},"content":{"rendered":"\n<p>A Justi\u00e7a Eleitoral da 89\u00aa Zona Eleitoral, que abrange os munic\u00edpios de Aroazes, Lagoa do S\u00edtio e Pimenteiras, remarcou a data para a retotaliza\u00e7\u00e3o dos votos das elei\u00e7\u00f5es municipais proporcionais de 2024 no munic\u00edpio de Pimenteiras (PI).<\/p>\n\n\n\n<p>De acordo com novo comunicado assinado pelo juiz eleitoral Dr. Expedito Costa J\u00fanior, o procedimento ser\u00e1 realizado no dia 18 de mar\u00e7o, a partir das 9h, na sede do Cart\u00f3rio Eleitoral da 89\u00aa Zona, localizado na Avenida Joaquim Manoel, n\u00ba 251, no centro de Valen\u00e7a do Piau\u00ed.<\/p>\n\n\n\n<p>A retotaliza\u00e7\u00e3o ocorre em raz\u00e3o do tr\u00e2nsito em julgado da senten\u00e7a proferida nos autos de uma A\u00e7\u00e3o de Investiga\u00e7\u00e3o Judicial Eleitoral (AIJE) que cassou o Demonstrativo de Regularidade de Atos Partid\u00e1rios (DRAP) do Partido Progressistas (PP) de Pimenteiras.<\/p>\n\n\n\n<p>Segundo a decis\u00e3o judicial, foi constatada fraude \u00e0 cota de g\u00eanero, o que resultou na invalida\u00e7\u00e3o de toda a lista de candidaturas do partido, al\u00e9m da anula\u00e7\u00e3o dos votos nominais e de legenda obtidos pela legenda nas elei\u00e7\u00f5es de 2024.<\/p>\n\n\n\n<p>Com a anula\u00e7\u00e3o dos votos, a Justi\u00e7a Eleitoral realizar\u00e1 uma nova totaliza\u00e7\u00e3o dos resultados da elei\u00e7\u00e3o para vereador, procedimento que pode alterar a composi\u00e7\u00e3o da C\u00e2mara Municipal de Pimenteiras.<\/p>\n\n\n\n<p>O edital tamb\u00e9m informa que ficou sem efeito o Edital n\u00ba 12\/2026, publicado anteriormente no Di\u00e1rio da Justi\u00e7a Eletr\u00f4nico no dia 10 de mar\u00e7o de 2026, que previa a realiza\u00e7\u00e3o da retotaliza\u00e7\u00e3o no dia 13 de mar\u00e7o.<\/p>\n\n\n\n<p>Foram convocados para acompanhar o procedimento representantes de partidos pol\u00edticos, federa\u00e7\u00f5es partid\u00e1rias, membros do Minist\u00e9rio P\u00fablico e representantes da Ordem dos Advogados do Brasil (OAB).<\/p>\n\n\n\n<p>A retotaliza\u00e7\u00e3o seguir\u00e1 as normas previstas no artigo 222 do C\u00f3digo Eleitoral, no artigo 8\u00ba, \u00a75\u00ba, da Resolu\u00e7\u00e3o TSE n\u00ba 23.735\/2024, al\u00e9m da S\u00famula 73 do Tribunal Superior Eleitoral (TSE).<\/p>\n\n\n<figure class=\"wp-block-post-featured-image\"><img loading=\"lazy\" decoding=\"async\" width=\"1280\" height=\"720\" src=\"https:\/\/portalv1.com.br\/app\/wp-content\/uploads\/2026\/03\/pimenteiraspo.jpg\" class=\"attachment-post-thumbnail size-post-thumbnail wp-post-image\" alt=\"\" style=\"object-fit:cover;\" srcset=\"https:\/\/portalv1.com.br\/app\/wp-content\/uploads\/2026\/03\/pimenteiraspo.jpg 1280w, https:\/\/portalv1.com.br\/app\/wp-content\/uploads\/2026\/03\/pimenteiraspo-300x169.jpg 300w, https:\/\/portalv1.com.br\/app\/wp-content\/uploads\/2026\/03\/pimenteiraspo-640x360.jpg 640w, https:\/\/portalv1.com.br\/app\/wp-content\/uploads\/2026\/03\/pimenteiraspo-768x432.jpg 768w\" sizes=\"auto, (max-width: 1280px) 100vw, 1280px\" \/><\/figure>","protected":false},"excerpt":{"rendered":"<p>A Justi\u00e7a Eleitoral da 89\u00aa Zona Eleitoral, que abrange os munic\u00edpios de Aroazes, Lagoa do S\u00edtio e Pimenteiras, remarcou a data para a retotaliza\u00e7\u00e3o dos votos das elei\u00e7\u00f5es municipais proporcionais&#8230;<\/p>\n","protected":false},"author":1,"featured_media":258951,"comment_status":"open","ping_status":"open","sticky":false,"template":"","format":"standard","meta":{"ngg_post_thumbnail":0,"footnotes":""},"categories":[243],"tags":[],"class_list":["post-258949","post","type-post","status-publish","format-standard","has-post-thumbnail","hentry","category-geral"],"views":278,"meta_data":{"thumb":"https:\/\/portalv1.com.br\/app\/wp-content\/uploads\/2026\/03\/pimenteiraspo.jpg","imagem":{"fullsize":{"url":"https:\/\/portalv1.com.br\/app\/wp-content\/uploads\/2026\/03\/pimenteiraspo.jpg","width":1280,"height":720},"medium":{"url":"https:\/\/portalv1.com.br\/app\/wp-content\/uploads\/2026\/03\/pimenteiraspo-300x169.jpg","width":300,"height":169},"large":{"url":"https:\/\/portalv1.com.br\/app\/wp-content\/uploads\/2026\/03\/pimenteiraspo-640x360.jpg","width":640,"height":360},"thumbnail":{"url":"https:\/\/portalv1.com.br\/app\/wp-content\/uploads\/2026\/03\/pimenteiraspo-100x100.jpg","width":100,"height":100},"medium_large":{"url":"https:\/\/portalv1.com.br\/app\/wp-content\/uploads\/2026\/03\/pimenteiraspo-768x432.jpg","width":768,"height":432}},"data":{"simple":"11\/03\/2026","date_time":"11\/03\/2026 10:02:20","date":"h\u00e1 2 meses"},"chapeu":"Mudan\u00e7a ","source":"slide"},"_links":{"self":[{"href":"https:\/\/portalv1.com.br\/api\/wp\/v2\/posts\/258949","targetHints":{"allow":["GET"]}}],"collection":[{"href":"https:\/\/portalv1.com.br\/api\/wp\/v2\/posts"}],"about":[{"href":"https:\/\/portalv1.com.br\/api\/wp\/v2\/types\/post"}],"author":[{"embeddable":true,"href":"https:\/\/portalv1.com.br\/api\/wp\/v2\/users\/1"}],"replies":[{"embeddable":true,"href":"https:\/\/portalv1.com.br\/api\/wp\/v2\/comments?post=258949"}],"version-history":[{"count":0,"href":"https:\/\/portalv1.com.br\/api\/wp\/v2\/posts\/258949\/revisions"}],"wp:featuredmedia":[{"embeddable":true,"href":"https:\/\/portalv1.com.br\/api\/wp\/v2\/media\/258951"}],"wp:attachment":[{"href":"https:\/\/portalv1.com.br\/api\/wp\/v2\/media?parent=258949"}],"wp:term":[{"taxonomy":"category","embeddable":true,"href":"https:\/\/portalv1.com.br\/api\/wp\/v2\/categories?post=258949"},{"taxonomy":"post_tag","embeddable":true,"href":"https:\/\/portalv1.com.br\/api\/wp\/v2\/tags?post=258949"}],"curies":[{"name":"wp","href":"https:\/\/api.w.org\/{rel}","templated":true}]}}