{"id":259082,"date":"2026-03-12T19:51:46","date_gmt":"2026-03-12T22:51:46","guid":{"rendered":"https:\/\/portalv1.com.br\/?p=259082"},"modified":"2026-03-12T19:51:48","modified_gmt":"2026-03-12T22:51:48","slug":"deputado-georgiano-neto-rompe-com-o-mdb-e-formaliza-saida-da-sigla","status":"publish","type":"post","link":"https:\/\/portalv1.com.br\/deputado-georgiano-neto-rompe-com-o-mdb-e-formaliza-saida-da-sigla\/","title":{"rendered":"Deputado Georgiano Neto rompe com o MDB e formaliza sa\u00edda da sigla"},"content":{"rendered":"\n<p>O deputado estadual Georgiano Neto formalizou nesta quinta-feira (12\/03) sua desfilia\u00e7\u00e3o do Movimento Democr\u00e1tico Brasileiro (MDB) no Piau\u00ed. O pedido foi encaminhado ao presidente estadual da legenda, o senador Marcelo Castro.<\/p>\n\n\n\n<p>O requerimento foi protocolado na sede do partido em Teresina e solicita a imediata exclus\u00e3o do nome do parlamentar da rela\u00e7\u00e3o de filiados da sigla, conforme prev\u00ea a legisla\u00e7\u00e3o eleitoral vigente. O documento registra ainda que o recebimento foi confirmado \u00e0s 17h24 desta quinta-feira.<\/p>\n\n\n\n<p>\u201cVenho requerer a imediata exclus\u00e3o do meu nome da rela\u00e7\u00e3o de filiados desta agremia\u00e7\u00e3o partid\u00e1ria, conforme determina a legisla\u00e7\u00e3o eleitoral vigente\u201d, afirma o deputado no documento.<\/p>\n\n\n\n<p>A sa\u00edda de Georgiano ocorre logo ap\u00f3s o rompimento do acordo pol\u00edtico conhecido como fus\u00e3o cruzada entre MDB e PSD, que vinha sendo utilizado para a montagem das chapas proporcionais no estado.<\/p>\n\n\n\n<p><strong>Ruptura pol\u00edtica<\/strong><\/p>\n\n\n\n<p>Nos bastidores, integrantes do MDB relatam que a decis\u00e3o de romper a parceria com o PSD foi tomada ap\u00f3s avalia\u00e7\u00f5es internas de que o partido poderia perder espa\u00e7o na disputa proporcional de 2026 caso mantivesse a composi\u00e7\u00e3o conjunta.<\/p>\n\n\n\n<p>Pelas regras eleitorais no Piau\u00ed, cada partido pode lan\u00e7ar at\u00e9 31 candidatos a deputado estadual. No c\u00e1lculo de emedebistas, a fus\u00e3o poderia limitar o n\u00famero de candidatos competitivos do MDB dentro da chapa.<\/p>\n\n\n\n<p>Embora o argumento oficial seja eleitoral, fontes do partido admitem que havia insatisfa\u00e7\u00e3o crescente dentro da sigla com a atua\u00e7\u00e3o pol\u00edtica de Georgiano Neto, uma das principais lideran\u00e7as do PSD no estado.<\/p>\n\n\n\n<p><strong>Novo cen\u00e1rio para 2026<\/strong><\/p>\n\n\n\n<p>Com o fim da fus\u00e3o entre MDB e PSD, o cen\u00e1rio pol\u00edtico para as elei\u00e7\u00f5es de 2026 no Piau\u00ed passa por uma reorganiza\u00e7\u00e3o.<\/p>\n\n\n\n<p>A tend\u00eancia \u00e9 que partidos como MDB, PSD, PT e Republicanos montem chapas proporcionais separadas, ampliando a fragmenta\u00e7\u00e3o partid\u00e1ria na disputa por vagas na Assembleia Legislativa.<\/p>\n\n\n\n<p>A mudan\u00e7a tamb\u00e9m altera a din\u00e2mica de articula\u00e7\u00e3o pol\u00edtica do governo do estado, comandado pelo governador Rafael Fonteles, que dever\u00e1 lidar com mais partidos e mais candidatos na montagem da base pol\u00edtica para 2026.<\/p>\n\n\n<figure class=\"wp-block-post-featured-image\"><img loading=\"lazy\" decoding=\"async\" width=\"984\" height=\"655\" src=\"https:\/\/portalv1.com.br\/app\/wp-content\/uploads\/2026\/03\/georgiano.webp\" class=\"attachment-post-thumbnail size-post-thumbnail wp-post-image\" alt=\"\" style=\"object-fit:cover;\" srcset=\"https:\/\/portalv1.com.br\/app\/wp-content\/uploads\/2026\/03\/georgiano.webp 984w, https:\/\/portalv1.com.br\/app\/wp-content\/uploads\/2026\/03\/georgiano-300x200.webp 300w, https:\/\/portalv1.com.br\/app\/wp-content\/uploads\/2026\/03\/georgiano-640x426.webp 640w, https:\/\/portalv1.com.br\/app\/wp-content\/uploads\/2026\/03\/georgiano-768x511.webp 768w\" sizes=\"auto, (max-width: 984px) 100vw, 984px\" \/><\/figure>\n\n\n<p>Fonte: 180graus<\/p>\n","protected":false},"excerpt":{"rendered":"<p>O deputado estadual Georgiano Neto formalizou nesta quinta-feira (12\/03) sua desfilia\u00e7\u00e3o do Movimento Democr\u00e1tico Brasileiro (MDB) no Piau\u00ed. O pedido foi encaminhado ao presidente estadual da legenda, o senador Marcelo&#8230;<\/p>\n","protected":false},"author":1,"featured_media":259083,"comment_status":"open","ping_status":"open","sticky":false,"template":"","format":"standard","meta":{"ngg_post_thumbnail":0,"footnotes":""},"categories":[243],"tags":[],"class_list":["post-259082","post","type-post","status-publish","format-standard","has-post-thumbnail","hentry","category-geral"],"views":155,"meta_data":{"thumb":"https:\/\/portalv1.com.br\/app\/wp-content\/uploads\/2026\/03\/georgiano.webp","imagem":{"fullsize":{"url":"https:\/\/portalv1.com.br\/app\/wp-content\/uploads\/2026\/03\/georgiano.webp","width":984,"height":655},"medium":{"url":"https:\/\/portalv1.com.br\/app\/wp-content\/uploads\/2026\/03\/georgiano-300x200.webp","width":300,"height":200},"large":{"url":"https:\/\/portalv1.com.br\/app\/wp-content\/uploads\/2026\/03\/georgiano-640x426.webp","width":640,"height":426},"thumbnail":{"url":"https:\/\/portalv1.com.br\/app\/wp-content\/uploads\/2026\/03\/georgiano-100x100.webp","width":100,"height":100},"medium_large":{"url":"https:\/\/portalv1.com.br\/app\/wp-content\/uploads\/2026\/03\/georgiano-768x511.webp","width":768,"height":511}},"data":{"simple":"12\/03\/2026","date_time":"12\/03\/2026 16:51:46","date":"h\u00e1 2 meses"},"chapeu":"Veja decis\u00e3o ","source":"slide"},"_links":{"self":[{"href":"https:\/\/portalv1.com.br\/api\/wp\/v2\/posts\/259082","targetHints":{"allow":["GET"]}}],"collection":[{"href":"https:\/\/portalv1.com.br\/api\/wp\/v2\/posts"}],"about":[{"href":"https:\/\/portalv1.com.br\/api\/wp\/v2\/types\/post"}],"author":[{"embeddable":true,"href":"https:\/\/portalv1.com.br\/api\/wp\/v2\/users\/1"}],"replies":[{"embeddable":true,"href":"https:\/\/portalv1.com.br\/api\/wp\/v2\/comments?post=259082"}],"version-history":[{"count":0,"href":"https:\/\/portalv1.com.br\/api\/wp\/v2\/posts\/259082\/revisions"}],"wp:featuredmedia":[{"embeddable":true,"href":"https:\/\/portalv1.com.br\/api\/wp\/v2\/media\/259083"}],"wp:attachment":[{"href":"https:\/\/portalv1.com.br\/api\/wp\/v2\/media?parent=259082"}],"wp:term":[{"taxonomy":"category","embeddable":true,"href":"https:\/\/portalv1.com.br\/api\/wp\/v2\/categories?post=259082"},{"taxonomy":"post_tag","embeddable":true,"href":"https:\/\/portalv1.com.br\/api\/wp\/v2\/tags?post=259082"}],"curies":[{"name":"wp","href":"https:\/\/api.w.org\/{rel}","templated":true}]}}