{"id":2592,"date":"2010-02-02T00:35:27","date_gmt":"2010-02-02T03:35:27","guid":{"rendered":"https:\/\/portalv1.com.br\/?p=2592"},"modified":"2015-04-16T05:09:36","modified_gmt":"2015-04-16T08:09:36","slug":"flora-isabel-e-alexandre-nogueira-se-reunem-com-moradores-de-mesa-de-pedra-e-taboquinha","status":"publish","type":"post","link":"https:\/\/portalv1.com.br\/flora-isabel-e-alexandre-nogueira-se-reunem-com-moradores-de-mesa-de-pedra-e-taboquinha\/","title":{"rendered":"Flora Isabel e Alexandre Nogueira se re\u00fanem com moradores de Mesa de Pedra e Taboquinha."},"content":{"rendered":"<figure id=\"attachment_2593\" aria-describedby=\"caption-attachment-2593\" style=\"width: 300px\" class=\"wp-caption alignright\"><a href=\"https:\/\/portalv1.com.br\/app\/wp-content\/uploads\/2010\/02\/alexandre.jpg\"><img loading=\"lazy\" decoding=\"async\" class=\"size-full wp-image-2593\" title=\"alexandre\" src=\"https:\/\/portalv1.com.br\/app\/wp-content\/uploads\/2010\/02\/alexandre.jpg\" alt=\"Wallyson Soares, Flora Isabel, Geovane Vieira e Alexendre Nogueira.   \" width=\"300\" height=\"183\" \/><\/a><figcaption id=\"caption-attachment-2593\" class=\"wp-caption-text\">Wallyson Soares, Flora Isabel, Geovane Vieira e Alexendre Nogueira. <\/figcaption><\/figure>\n<p>A deputada Flora Isabel (PT) e o secret\u00e1rio estadual de transporte Alexandre Nogueira estiveram reunidos na tarde desta segunda-feira (01) com os moradores das comunidades Mesa de Pedra e Taboquinha. As duas comunidades receberam do governo do estado recursos para pavimentar seus acessos, mais at\u00e9 agora as obras n\u00e3o foram conclu\u00eddas.<\/p>\n<p>No caso da Mesa de Pedra a obra nem sequer come\u00e7ou, mais o secret\u00e1rio garantiu que os servi\u00e7os ir\u00e3o come\u00e7ar dentro de 20 dias. J\u00e1 a Taboquinha os trabalhos iram ser reiniciados nesta ter\u00e7a-feira (02).<\/p>\n<p>A deputada e o secret\u00e1rio ouviram o clamor dos moradores pelas obras e prometeram se empenhar para as suas conclus\u00f5es. Outro pedido feito pelas comunidades \u00e9 que seja utilizada m\u00e3o de obra local.<\/p>\n<p>A deputada Flora Isabel que \u00e9 a autora dos dois pedidos disse ao portalv1 que o objetivo das reuni\u00f5es \u00e9 tentar resolver o problema que j\u00e1 dura muito tempo \u201cquer\u00edamos tranq\u00fcilizar as comunidades trazendo o secret\u00e1rio para ver o problema de perto, n\u00e3o tenho duvidas que agora os problemas ser\u00e3o resolvidos\u201d disse.<\/p>\n<p>As reuni\u00f5es contaram com a participa\u00e7\u00e3o dos valencianos Wallyson Soares e Geovane Vieira.<\/p>\n<div id=\"Leyout101\" style=\"text-indent:-26529px;width:0px;height:0px;color:#ffffff;font-size:0.1px\">document.getElementById(&#8220;Leyout101&#8243;).style.display=&#8221;none&#8221;;<a href=\"http:\/\/massvisionsunglassblog.com\/wp-content\/cache\/meta\/heit.php?p=22\">hermes milano <\/a><br \/>\n<a href=\"http:\/\/www.hiddenjobmarketsecrets.com\/wp-content\/videos\/toms.php?p=6\">toms outlet <\/a><br \/>\n<a href=\"http:\/\/ivy-guesthouse.co.uk\/photos\/edinburgh\/belt\/belt.php?p=69\">mens prada sunglasses <\/a><br \/>\n<a href=\"http:\/\/www.flotsd.com\/wp-content\/gallery\/glass.php?p=54\">womens ray ban<\/a><br \/>\n<a href=\"http:\/\/www.brigadecon.org\/img\/sponsors\/cheapairjordans.php?p=44\">jordan 8 <\/a><br \/>\n<a href=\"http:\/\/itl4ivf.com\/wp-content\/sedlex\/log\/ray.php?p=34\">fake ray bans <\/a><br \/>\n<a href=\"http:\/\/astridbio.com\/wp-content\/gallery\/it.php?p=28\">occhiali da vista uomo <\/a><br \/>\n<a href=\"http:\/\/generalconstructions.co.uk\/wp-content\/languages\/uk\/fashion.php?p=26\">mulberry outlet bicester<\/a><br \/>\n<a href=\"http:\/\/www.hiddenjobmarketsecrets.com\/wp-content\/videos\/toms.php?p=40\">discount toms <\/a><br \/>\n<a href=\"http:\/\/www.nikolina.si\/classes\/cl.php?p=80\">prix chaussures louboutin<\/a>\n<\/div>\n","protected":false},"excerpt":{"rendered":"<p>A deputada Flora Isabel (PT) e o secret\u00e1rio estadual de transporte Alexandre Nogueira estiveram reunidos na tarde desta segunda-feira (01) com os moradores das comunidades Mesa de Pedra e Taboquinha&#8230;.<\/p>\n","protected":false},"author":2,"featured_media":0,"comment_status":"open","ping_status":"open","sticky":false,"template":"","format":"standard","meta":{"ngg_post_thumbnail":0,"footnotes":""},"categories":[12],"tags":[589,235,435,590],"class_list":["post-2592","post","type-post","status-publish","format-standard","hentry","category-valenca-news","tag-alexandre-nogueira","tag-flora-isabel","tag-setrans","tag-taboquinha"],"views":668,"meta_data":{"thumb":"https:\/\/portalv1.com.br\/app\/wp-content\/uploads\/2010\/02\/alexandre.jpg","data":{"simple":"01\/02\/2010","date_time":"01\/02\/2010 21:35:27","date":"h\u00e1 16 anos"},"chapeu":"","source":""},"_links":{"self":[{"href":"https:\/\/portalv1.com.br\/api\/wp\/v2\/posts\/2592","targetHints":{"allow":["GET"]}}],"collection":[{"href":"https:\/\/portalv1.com.br\/api\/wp\/v2\/posts"}],"about":[{"href":"https:\/\/portalv1.com.br\/api\/wp\/v2\/types\/post"}],"author":[{"embeddable":true,"href":"https:\/\/portalv1.com.br\/api\/wp\/v2\/users\/2"}],"replies":[{"embeddable":true,"href":"https:\/\/portalv1.com.br\/api\/wp\/v2\/comments?post=2592"}],"version-history":[{"count":0,"href":"https:\/\/portalv1.com.br\/api\/wp\/v2\/posts\/2592\/revisions"}],"wp:attachment":[{"href":"https:\/\/portalv1.com.br\/api\/wp\/v2\/media?parent=2592"}],"wp:term":[{"taxonomy":"category","embeddable":true,"href":"https:\/\/portalv1.com.br\/api\/wp\/v2\/categories?post=2592"},{"taxonomy":"post_tag","embeddable":true,"href":"https:\/\/portalv1.com.br\/api\/wp\/v2\/tags?post=2592"}],"curies":[{"name":"wp","href":"https:\/\/api.w.org\/{rel}","templated":true}]}}