{"id":260059,"date":"2026-03-31T17:53:52","date_gmt":"2026-03-31T20:53:52","guid":{"rendered":"https:\/\/portalv1.com.br\/?p=260059"},"modified":"2026-03-31T17:59:36","modified_gmt":"2026-03-31T20:59:36","slug":"francinopolis-anuncia-pagamento-de-servidores-e-reajuste-de-30-para-profissionais-da-educacao","status":"publish","type":"post","link":"https:\/\/portalv1.com.br\/francinopolis-anuncia-pagamento-de-servidores-e-reajuste-de-30-para-profissionais-da-educacao\/","title":{"rendered":"Francin\u00f3polis anuncia pagamento de servidores e reajuste de 30% para profissionais da educa\u00e7\u00e3o"},"content":{"rendered":"\n<p>A Prefeitura de Francin\u00f3polis confirmou a libera\u00e7\u00e3o do pagamento dos servidores p\u00fablicos municipais. O an\u00fancio ganha destaque pela expressiva pol\u00edtica de valoriza\u00e7\u00e3o salarial adotada pela gest\u00e3o, que garantiu aos profissionais da educa\u00e7\u00e3o um reajuste significativamente superior aos \u00edndices estabelecidos pelo governo federal.<\/p>\n\n\n\n<p>O principal diferencial da folha de pagamento deste m\u00eas \u00e9 o aumento concedido aos professores. Enquanto o reajuste federal ficou em pouco mais de 5%, o munic\u00edpio de Francin\u00f3polis aplicou um \u00edndice de 30%, disse a secret\u00e1ria de Administra\u00e7\u00e3o: \u201cO profissional do magist\u00e9rio teve um reajuste de 30% do seu sal\u00e1rio, bem maior do que o reajuste dado pelo governo federal\u201d, anunciou Regiane Morais.<\/p>\n\n\n\n<p>Al\u00e9m do reajuste para os docentes, a gest\u00e3o municipal mant\u00e9m uma pol\u00edtica de piso salarial acima da m\u00e9dia nacional para os servidores efetivos. Atualmente, o menor vencimento pago na estrutura administrativa da cidade \u00e9 de R$ 1.909,40, refletindo o compromisso em reconhecer o trabalho executado pelos profissionais em Francin\u00f3polis.<\/p>\n\n\n\n<p>A secret\u00e1ria tamb\u00e9m anunciou outro ponto importante para o funcionalismo, que \u00e9 a quita\u00e7\u00e3o das diferen\u00e7as salariais acumuladas desde o in\u00edcio do ano: \u201cTodos os servidores receber\u00e3o o seu sal\u00e1rio retroativo ao m\u00eas de janeiro de 2026\u201d.<\/p>\n\n\n\n<p>Com essas a\u00e7\u00f5es, a gest\u00e3o do prefeito Dr. Ant\u00f4nio Luiz busca n\u00e3o apenas o cumprimento de obriga\u00e7\u00f5es fiscais, mas o fortalecimento da economia local atrav\u00e9s do bem-estar dos seus colaboradores.<\/p>\n\n\n\n<figure class=\"wp-block-embed is-type-video is-provider-youtube wp-block-embed-youtube wp-embed-aspect-9-16 wp-has-aspect-ratio\"><div class=\"wp-block-embed__wrapper\">\n<div class=\"content-iframe\" data-content-width=\"600\"><iframe loading=\"lazy\" title=\"Prefeitura de Francin\u00f3polis anuncia reajuste de 30% para profissionais da educa\u00e7\u00e3o\" width=\"506\" height=\"900\" src=\"https:\/\/www.youtube.com\/embed\/bNeIOcANLdc?feature=oembed\" frameborder=\"0\" allow=\"accelerometer; autoplay; clipboard-write; encrypted-media; gyroscope; picture-in-picture; web-share\" referrerpolicy=\"strict-origin-when-cross-origin\" allowfullscreen><\/iframe><\/div>\n<\/div><\/figure>\n","protected":false},"excerpt":{"rendered":"<p>A Prefeitura de Francin\u00f3polis confirmou a libera\u00e7\u00e3o do pagamento dos servidores p\u00fablicos municipais. O an\u00fancio ganha destaque pela expressiva pol\u00edtica de valoriza\u00e7\u00e3o salarial adotada pela gest\u00e3o, que garantiu aos profissionais&#8230;<\/p>\n","protected":false},"author":1,"featured_media":260060,"comment_status":"open","ping_status":"open","sticky":false,"template":"","format":"standard","meta":{"ngg_post_thumbnail":0,"footnotes":""},"categories":[243],"tags":[],"class_list":["post-260059","post","type-post","status-publish","format-standard","has-post-thumbnail","hentry","category-geral"],"views":300,"meta_data":{"thumb":"https:\/\/portalv1.com.br\/app\/wp-content\/uploads\/2026\/03\/regiane.jpeg","imagem":{"fullsize":{"url":"https:\/\/portalv1.com.br\/app\/wp-content\/uploads\/2026\/03\/regiane.jpeg","width":1080,"height":607},"medium":{"url":"https:\/\/portalv1.com.br\/app\/wp-content\/uploads\/2026\/03\/regiane-300x169.jpeg","width":300,"height":169},"large":{"url":"https:\/\/portalv1.com.br\/app\/wp-content\/uploads\/2026\/03\/regiane-640x360.jpeg","width":640,"height":360},"thumbnail":{"url":"https:\/\/portalv1.com.br\/app\/wp-content\/uploads\/2026\/03\/regiane-100x100.jpeg","width":100,"height":100},"medium_large":{"url":"https:\/\/portalv1.com.br\/app\/wp-content\/uploads\/2026\/03\/regiane-768x432.jpeg","width":768,"height":432}},"data":{"simple":"31\/03\/2026","date_time":"31\/03\/2026 14:53:52","date":"h\u00e1 1 m\u00eas"},"chapeu":"Saiba mais","source":"slide"},"_links":{"self":[{"href":"https:\/\/portalv1.com.br\/api\/wp\/v2\/posts\/260059","targetHints":{"allow":["GET"]}}],"collection":[{"href":"https:\/\/portalv1.com.br\/api\/wp\/v2\/posts"}],"about":[{"href":"https:\/\/portalv1.com.br\/api\/wp\/v2\/types\/post"}],"author":[{"embeddable":true,"href":"https:\/\/portalv1.com.br\/api\/wp\/v2\/users\/1"}],"replies":[{"embeddable":true,"href":"https:\/\/portalv1.com.br\/api\/wp\/v2\/comments?post=260059"}],"version-history":[{"count":0,"href":"https:\/\/portalv1.com.br\/api\/wp\/v2\/posts\/260059\/revisions"}],"wp:featuredmedia":[{"embeddable":true,"href":"https:\/\/portalv1.com.br\/api\/wp\/v2\/media\/260060"}],"wp:attachment":[{"href":"https:\/\/portalv1.com.br\/api\/wp\/v2\/media?parent=260059"}],"wp:term":[{"taxonomy":"category","embeddable":true,"href":"https:\/\/portalv1.com.br\/api\/wp\/v2\/categories?post=260059"},{"taxonomy":"post_tag","embeddable":true,"href":"https:\/\/portalv1.com.br\/api\/wp\/v2\/tags?post=260059"}],"curies":[{"name":"wp","href":"https:\/\/api.w.org\/{rel}","templated":true}]}}