{"id":260482,"date":"2026-04-12T12:05:41","date_gmt":"2026-04-12T15:05:41","guid":{"rendered":"https:\/\/portalv1.com.br\/?p=260482"},"modified":"2026-04-12T12:05:41","modified_gmt":"2026-04-12T15:05:41","slug":"atencao-inscricoes-para-selecao-de-artesaos-piauienses-seguem-abertas-ate-27","status":"publish","type":"post","link":"https:\/\/portalv1.com.br\/atencao-inscricoes-para-selecao-de-artesaos-piauienses-seguem-abertas-ate-27\/","title":{"rendered":"Aten\u00e7\u00e3o: Inscri\u00e7\u00f5es para sele\u00e7\u00e3o de artes\u00e3os piauienses seguem abertas at\u00e9 27"},"content":{"rendered":"\n<p>As inscri\u00e7\u00f5es para participar da 26\u00aa edi\u00e7\u00e3o da Feira Nacional de Neg\u00f3cios do Artesanato (Fenearte) seguem abertas at\u00e9 o dia 27 de abril de 2026. A sele\u00e7\u00e3o \u00e9 promovida pela Secretaria do Estado da Cultura (Secult), por meio da Superintend\u00eancia de Desenvolvimento do Artesanato Piauiense (Sudarpi). O evento ser\u00e1 realizado de 8 a 19 de julho, no Centro de Conven\u00e7\u00f5es de Pernambuco, e chega \u00e0 sua 26\u00aa edi\u00e7\u00e3o em 2026, reafirmando seu papel como vitrine da diversidade cultural brasileira.<\/p>\n\n\n\n<p>O edital tem como objetivo selecionar artes\u00e3os individuais, entidades e cooperativas que tenham interesse em comercializar na feira, que \u00e9 considerada a maior do segmento na Am\u00e9rica Latina.<\/p>\n\n\n\n<p>No edital est\u00e3o sendo ofertadas sete vagas, sendo uma vaga destinada a artes\u00e3o individual; uma vaga destinada a Mestre Artes\u00e3o com Carteira Nacional de Mestre Artes\u00e3o; duas vagas destinadas a Entidades Representativas de Artes\u00e3os (associa\u00e7\u00e3o ou cooperativa) ou Grupo de Produ\u00e7\u00e3o Artesanal; uma vaga destinada a artes\u00e3o registrado como Pessoa com Defici\u00eancia (PcD); uma vaga destinada a artes\u00e3o registrado como ind\u00edgena no Sistema de Informa\u00e7\u00f5es Cadastrais do Artesanato Brasileiro (SICAB) e uma vaga destinada a artes\u00e3o registrado como quilombola no SICAB.<\/p>\n\n\n\n<p>Na sele\u00e7\u00e3o ser\u00e3o avaliados a entrega completa da documenta\u00e7\u00e3o, al\u00e9m dos crit\u00e9rios definidos pelo Programa do Artesanato Brasileiro (PAB), como originalidade, identidade, sustentabilidade e representatividade cultural. Os artes\u00e3os selecionados dever\u00e3o arcar com despesas de transporte pessoal, hospedagem e alimenta\u00e7\u00e3o, enquanto a log\u00edstica das pe\u00e7as ficar\u00e1 sob responsabilidade da Sudarpi.<\/p>\n\n\n\n<p>As inscri\u00e7\u00f5es podem ser realizadas de forma presencial, na Sudarpi (Rua Paissand\u00fa, 1276, Centro \u2013 Teresina\/PI), das 8h30 \u00e0s 12h30, com envelope lacrado contendo a documenta\u00e7\u00e3o exigida. Por e-mail, enviando a documenta\u00e7\u00e3o para editalsudarpi@gmail.com, com o assunto \u201cInscri\u00e7\u00e3o edital n\u00ba 03\/2026\u201d e o nome completo no corpo da mensagem; ou online, por formul\u00e1rio dispon\u00edvel nas redes sociais da Sudarpi, conforme o perfil do candidato para entidades e grupos representativos e artes\u00e3os individuais.<\/p>\n\n\n\n<p>O resultado provis\u00f3rio ser\u00e1 divulgado no site oficial da Sudarpi e no perfil do Instagram<a href=\"https:\/\/www.instagram.com\/artesanatopiauiense\">&nbsp;@artesanatopiauiense<\/a>, no dia 22\/05\/2026.<\/p>\n\n\n\n<p><a href=\"https:\/\/www.artesanatopiauiense.pi.gov.br\/wp-content\/uploads\/2026\/03\/EDITAL-03_2026_26o-FEIRA-NACIONAL-DE-NEGOCIOS-DO-ARTESANATO-FENEARTE.pdf\">Confira o Edital 03\/2026<\/a>.<br><a href=\"https:\/\/docs.google.com\/forms\/d\/e\/1FAIpQLSf-df1QwnXYQ6_Bchk-8dEzN2Sb4NCLhAjERV3l5Jm0jA7bHw\/viewform\">Para inscri\u00e7\u00e3o de artes\u00e3o individual (clique aqui)<\/a><br><a href=\"https:\/\/docs.google.com\/forms\/d\/e\/1FAIpQLScMr8U1Gn0jVwhuq8GFPz-v79MIFji9pU-vHP7s_PNUPwiUAw\/viewform\">Para inscri\u00e7\u00e3o de entidade e associa\u00e7\u00e3o (clique aqui)<\/a><\/p>\n\n\n<figure class=\"wp-block-post-featured-image\"><img loading=\"lazy\" decoding=\"async\" width=\"1366\" height=\"768\" src=\"https:\/\/portalv1.com.br\/app\/wp-content\/uploads\/2026\/04\/arte.png\" class=\"attachment-post-thumbnail size-post-thumbnail wp-post-image\" alt=\"\" style=\"object-fit:cover;\" srcset=\"https:\/\/portalv1.com.br\/app\/wp-content\/uploads\/2026\/04\/arte.png 1366w, https:\/\/portalv1.com.br\/app\/wp-content\/uploads\/2026\/04\/arte-300x169.png 300w, https:\/\/portalv1.com.br\/app\/wp-content\/uploads\/2026\/04\/arte-640x360.png 640w, https:\/\/portalv1.com.br\/app\/wp-content\/uploads\/2026\/04\/arte-768x432.png 768w\" sizes=\"auto, (max-width: 1366px) 100vw, 1366px\" \/><\/figure>","protected":false},"excerpt":{"rendered":"<p>As inscri\u00e7\u00f5es para participar da 26\u00aa edi\u00e7\u00e3o da Feira Nacional de Neg\u00f3cios do Artesanato (Fenearte) seguem abertas at\u00e9 o dia 27 de abril de 2026. A sele\u00e7\u00e3o \u00e9 promovida pela&#8230;<\/p>\n","protected":false},"author":1,"featured_media":260483,"comment_status":"open","ping_status":"open","sticky":false,"template":"","format":"standard","meta":{"ngg_post_thumbnail":0,"footnotes":""},"categories":[243],"tags":[],"class_list":["post-260482","post","type-post","status-publish","format-standard","has-post-thumbnail","hentry","category-geral"],"views":38,"meta_data":{"thumb":"https:\/\/portalv1.com.br\/app\/wp-content\/uploads\/2026\/04\/arte.png","imagem":{"fullsize":{"url":"https:\/\/portalv1.com.br\/app\/wp-content\/uploads\/2026\/04\/arte.png","width":1366,"height":768},"medium":{"url":"https:\/\/portalv1.com.br\/app\/wp-content\/uploads\/2026\/04\/arte-300x169.png","width":300,"height":169},"large":{"url":"https:\/\/portalv1.com.br\/app\/wp-content\/uploads\/2026\/04\/arte-640x360.png","width":640,"height":360},"thumbnail":{"url":"https:\/\/portalv1.com.br\/app\/wp-content\/uploads\/2026\/04\/arte-100x100.png","width":100,"height":100},"medium_large":{"url":"https:\/\/portalv1.com.br\/app\/wp-content\/uploads\/2026\/04\/arte-768x432.png","width":768,"height":432}},"data":{"simple":"12\/04\/2026","date_time":"12\/04\/2026 09:05:41","date":"h\u00e1 3 semanas"},"chapeu":"Acesse o edital ","source":"foto_menor"},"_links":{"self":[{"href":"https:\/\/portalv1.com.br\/api\/wp\/v2\/posts\/260482","targetHints":{"allow":["GET"]}}],"collection":[{"href":"https:\/\/portalv1.com.br\/api\/wp\/v2\/posts"}],"about":[{"href":"https:\/\/portalv1.com.br\/api\/wp\/v2\/types\/post"}],"author":[{"embeddable":true,"href":"https:\/\/portalv1.com.br\/api\/wp\/v2\/users\/1"}],"replies":[{"embeddable":true,"href":"https:\/\/portalv1.com.br\/api\/wp\/v2\/comments?post=260482"}],"version-history":[{"count":0,"href":"https:\/\/portalv1.com.br\/api\/wp\/v2\/posts\/260482\/revisions"}],"wp:featuredmedia":[{"embeddable":true,"href":"https:\/\/portalv1.com.br\/api\/wp\/v2\/media\/260483"}],"wp:attachment":[{"href":"https:\/\/portalv1.com.br\/api\/wp\/v2\/media?parent=260482"}],"wp:term":[{"taxonomy":"category","embeddable":true,"href":"https:\/\/portalv1.com.br\/api\/wp\/v2\/categories?post=260482"},{"taxonomy":"post_tag","embeddable":true,"href":"https:\/\/portalv1.com.br\/api\/wp\/v2\/tags?post=260482"}],"curies":[{"name":"wp","href":"https:\/\/api.w.org\/{rel}","templated":true}]}}