{"id":261508,"date":"2026-04-25T20:49:54","date_gmt":"2026-04-25T23:49:54","guid":{"rendered":"https:\/\/portalv1.com.br\/?p=261508"},"modified":"2026-04-25T20:51:20","modified_gmt":"2026-04-25T23:51:20","slug":"selecao-valenciana-estreia-neste-domingo-na-supercopa-appm-no-estadio-gaudencio-veloso","status":"publish","type":"post","link":"https:\/\/portalv1.com.br\/selecao-valenciana-estreia-neste-domingo-na-supercopa-appm-no-estadio-gaudencio-veloso\/","title":{"rendered":"Sele\u00e7\u00e3o Valenciana estreia neste domingo na Supercopa APPM no Est\u00e1dio Gaud\u00eancio Veloso"},"content":{"rendered":"\n<p>A Sele\u00e7\u00e3o Valenciana de Futebol faz sua estreia neste domingo (26) na Supercopa APPM de Futebol, competi\u00e7\u00e3o que re\u00fane equipes de diversos munic\u00edpios do Piau\u00ed. A partida ser\u00e1 realizada no Est\u00e1dio Gaud\u00eancio Veloso, em Valen\u00e7a do Piau\u00ed, com in\u00edcio marcado para \u00e0s 19h.<\/p>\n\n\n\n<p>A expectativa \u00e9 grande entre jogadores, comiss\u00e3o t\u00e9cnica e torcedores. O t\u00e9cnico Z\u00e9 Gatinha demonstrou confian\u00e7a na prepara\u00e7\u00e3o da equipe e acredita em um bom resultado logo na estreia, com o objetivo de conquistar os tr\u00eas primeiros pontos na competi\u00e7\u00e3o.<\/p>\n\n\n\n<p>O ingresso para acompanhar o jogo custa R$ 5, valor acess\u00edvel para incentivar a presen\u00e7a da torcida valenciana. A organiza\u00e7\u00e3o refor\u00e7a o convite para que os torcedores compare\u00e7am ao est\u00e1dio municipal e apoiem a sele\u00e7\u00e3o neste importante in\u00edcio de campanha no campeonato estadual.<\/p>\n\n\n\n<p>Atletas relacionados para a partida<\/p>\n\n\n\n<p><strong>Goleiros<\/strong><\/p>\n\n\n\n<p>Jos\u00e9 Paulo<\/p>\n\n\n\n<p>Hallan<\/p>\n\n\n\n<p><strong>Defensores<\/strong><\/p>\n\n\n\n<p>Lata<\/p>\n\n\n\n<p>Pablo Piti<\/p>\n\n\n\n<p>Yarlei<\/p>\n\n\n\n<p>Segundo<\/p>\n\n\n\n<p>Agleilson<\/p>\n\n\n\n<p>Pablo<\/p>\n\n\n\n<p><strong>Meias<\/strong><\/p>\n\n\n\n<p>Fabio Rocha<\/p>\n\n\n\n<p>Sadan<\/p>\n\n\n\n<p>Kassio<\/p>\n\n\n\n<p><strong>Volantes<\/strong><\/p>\n\n\n\n<p>Gean<\/p>\n\n\n\n<p>Mikael<\/p>\n\n\n\n<p>Lucas<\/p>\n\n\n\n<p>Neg\u00e3o<\/p>\n\n\n\n<p><strong>Alas<\/strong><\/p>\n\n\n\n<p>\u00c2ngelo<\/p>\n\n\n\n<p>Josiano<\/p>\n\n\n\n<p>J. Victor<\/p>\n\n\n\n<p><strong>Atacantes<\/strong><\/p>\n\n\n\n<p>Tarcio<\/p>\n\n\n\n<p>Leandro<\/p>\n\n\n\n<p>Samuel<\/p>\n\n\n\n<p>Dhiek<\/p>\n","protected":false},"excerpt":{"rendered":"<p>A Sele\u00e7\u00e3o Valenciana de Futebol faz sua estreia neste domingo (26) na Supercopa APPM de Futebol, competi\u00e7\u00e3o que re\u00fane equipes de diversos munic\u00edpios do Piau\u00ed. A partida ser\u00e1 realizada no&#8230;<\/p>\n","protected":false},"author":1,"featured_media":261509,"comment_status":"open","ping_status":"open","sticky":false,"template":"","format":"standard","meta":{"ngg_post_thumbnail":0,"footnotes":""},"categories":[243],"tags":[],"class_list":["post-261508","post","type-post","status-publish","format-standard","has-post-thumbnail","hentry","category-geral"],"views":85,"meta_data":{"thumb":"https:\/\/portalv1.com.br\/app\/wp-content\/uploads\/2026\/04\/IMG_5112-Copy.jpg","imagem":{"fullsize":{"url":"https:\/\/portalv1.com.br\/app\/wp-content\/uploads\/2026\/04\/IMG_5112-Copy.jpg","width":1920,"height":1080},"medium":{"url":"https:\/\/portalv1.com.br\/app\/wp-content\/uploads\/2026\/04\/IMG_5112-Copy-300x169.jpg","width":300,"height":169},"large":{"url":"https:\/\/portalv1.com.br\/app\/wp-content\/uploads\/2026\/04\/IMG_5112-Copy-640x360.jpg","width":640,"height":360},"thumbnail":{"url":"https:\/\/portalv1.com.br\/app\/wp-content\/uploads\/2026\/04\/IMG_5112-Copy-100x100.jpg","width":100,"height":100},"medium_large":{"url":"https:\/\/portalv1.com.br\/app\/wp-content\/uploads\/2026\/04\/IMG_5112-Copy-768x432.jpg","width":768,"height":432},"1536x1536":{"url":"https:\/\/portalv1.com.br\/app\/wp-content\/uploads\/2026\/04\/IMG_5112-Copy-1536x864.jpg","width":1536,"height":864}},"data":{"simple":"25\/04\/2026","date_time":"25\/04\/2026 17:49:54","date":"h\u00e1 14 horas"},"chapeu":"Saiba mais","source":"m_destacada"},"_links":{"self":[{"href":"https:\/\/portalv1.com.br\/api\/wp\/v2\/posts\/261508","targetHints":{"allow":["GET"]}}],"collection":[{"href":"https:\/\/portalv1.com.br\/api\/wp\/v2\/posts"}],"about":[{"href":"https:\/\/portalv1.com.br\/api\/wp\/v2\/types\/post"}],"author":[{"embeddable":true,"href":"https:\/\/portalv1.com.br\/api\/wp\/v2\/users\/1"}],"replies":[{"embeddable":true,"href":"https:\/\/portalv1.com.br\/api\/wp\/v2\/comments?post=261508"}],"version-history":[{"count":0,"href":"https:\/\/portalv1.com.br\/api\/wp\/v2\/posts\/261508\/revisions"}],"wp:featuredmedia":[{"embeddable":true,"href":"https:\/\/portalv1.com.br\/api\/wp\/v2\/media\/261509"}],"wp:attachment":[{"href":"https:\/\/portalv1.com.br\/api\/wp\/v2\/media?parent=261508"}],"wp:term":[{"taxonomy":"category","embeddable":true,"href":"https:\/\/portalv1.com.br\/api\/wp\/v2\/categories?post=261508"},{"taxonomy":"post_tag","embeddable":true,"href":"https:\/\/portalv1.com.br\/api\/wp\/v2\/tags?post=261508"}],"curies":[{"name":"wp","href":"https:\/\/api.w.org\/{rel}","templated":true}]}}