{"id":261512,"date":"2026-04-25T21:06:01","date_gmt":"2026-04-26T00:06:01","guid":{"rendered":"https:\/\/portalv1.com.br\/?p=261512"},"modified":"2026-04-25T21:06:01","modified_gmt":"2026-04-26T00:06:01","slug":"justica-eleitoral-cassa-prefeita-e-vice-de-colonia-do-gurgueia","status":"publish","type":"post","link":"https:\/\/portalv1.com.br\/justica-eleitoral-cassa-prefeita-e-vice-de-colonia-do-gurgueia\/","title":{"rendered":"Justi\u00e7a Eleitoral cassa prefeita e vice de Col\u00f4nia do Gurgu\u00e9ia"},"content":{"rendered":"\n<p>A Justi\u00e7a Eleitoral da 67\u00aa Zona Eleitoral de Manoel Em\u00eddio decidiu cassar os diplomas da prefeita de Col\u00f4nia do Gurgu\u00e9ia, Lisiane Franco Rocha Ara\u00fajo, e do vice-prefeito, Filipe Rodrigues de Barros Alves, por abuso de poder pol\u00edtico e econ\u00f4mico e capta\u00e7\u00e3o il\u00edcita de sufr\u00e1gio nas elei\u00e7\u00f5es municipais de 2024.<br>A senten\u00e7a foi assinada neste s\u00e1bado (25) pelo juiz eleitoral Thiago Carvalho Martins, no \u00e2mbito de uma A\u00e7\u00e3o de Investiga\u00e7\u00e3o Judicial Eleitoral (AIJE), movida pelo Diret\u00f3rio Municipal do Partido dos Trabalhadores e pela candidata advers\u00e1ria Algenires Maria Alves de Ara\u00fajo Silva.<\/p>\n\n\n\n<p>De acordo com a decis\u00e3o, ficou comprovado que a chapa eleita se beneficiou diretamente da utiliza\u00e7\u00e3o clandestina e direcionada de maquin\u00e1rios e recursos p\u00fablicos federais vinculados \u00e0 Companhia de Desenvolvimento dos Vales do S\u00e3o Francisco e do Parna\u00edba para a perfura\u00e7\u00e3o de po\u00e7os tubulares artesianos em propriedades privadas de apoiadores pol\u00edticos durante o per\u00edodo eleitoral.<\/p>\n\n\n\n<p>Segundo a senten\u00e7a, cinco po\u00e7os artesianos foram perfurados em im\u00f3veis de cabos eleitorais e aliados da chapa, com o objetivo de garantir apoio pol\u00edtico e votos em favor da ent\u00e3o candidata. O magistrado apontou que a entrega de \u00e1gua, considerada bem essencial na regi\u00e3o sul do Piau\u00ed, representou vantagem patrimonial de alto valor aos benefici\u00e1rios.<br>\u201cO abuso n\u00e3o se restringiu a uma conduta isolada, mas configurou padr\u00e3o sistem\u00e1tico\u201d, destacou o juiz na decis\u00e3o.<br>Al\u00e9m da cassa\u00e7\u00e3o dos diplomas, a Justi\u00e7a declarou a inelegibilidade por oito anos de Lisiane Franco, Filipe Rodrigues e de outras cinco pessoas apontadas como benefici\u00e1rias diretas e participantes do esquema: Valdir Pereira de Ara\u00fajo, Edimilson Carvalho de Ara\u00fajo, Augusto Duarte, Cleidevaldo Almeida da Silva e F\u00e9lix Dias dos Santos.<\/p>\n\n\n\n<p><br>Na decis\u00e3o, o magistrado considerou que houve desvio de finalidade no uso da m\u00e1quina p\u00fablica, transformando recursos de uma autarquia federal em instrumento de campanha eleitoral.O juiz, no entanto, julgou improcedentes outras acusa\u00e7\u00f5es feitas na a\u00e7\u00e3o, como suposta distribui\u00e7\u00e3o de alimentos e bebidas em comit\u00ea eleitoral, pagamentos de parcelas de Acordo de N\u00e3o Persecu\u00e7\u00e3o Penal (ANPP) de terceiros e promessas de nomea\u00e7\u00e3o para cargos p\u00fablicos, por falta de provas suficientes. Tamb\u00e9m foram absolvidos investigados cujos po\u00e7os foram classificados pela per\u00edcia como de origem privada.<\/p>\n\n\n\n<p><br>A senten\u00e7a ainda determina o envio de c\u00f3pias da decis\u00e3o ao Minist\u00e9rio P\u00fablico Federal para apura\u00e7\u00e3o de eventual improbidade administrativa e dano ao er\u00e1rio federal; \u00e0 CODEVASF para ado\u00e7\u00e3o de provid\u00eancias administrativas; e \u00e0 Secretaria do Meio Ambiente e Recursos H\u00eddricos do Estado do Piau\u00ed por conta de perfura\u00e7\u00f5es sem licenciamento ambiental.<br>O Tribunal Regional Eleitoral do Piau\u00ed tamb\u00e9m ser\u00e1 comunicado para as provid\u00eancias relativas \u00e0 vac\u00e2ncia dos cargos de prefeito e vice-prefeito do munic\u00edpio.<\/p>\n","protected":false},"excerpt":{"rendered":"<p>A Justi\u00e7a Eleitoral da 67\u00aa Zona Eleitoral de Manoel Em\u00eddio decidiu cassar os diplomas da prefeita de Col\u00f4nia do Gurgu\u00e9ia, Lisiane Franco Rocha Ara\u00fajo, e do vice-prefeito, Filipe Rodrigues de&#8230;<\/p>\n","protected":false},"author":1,"featured_media":261513,"comment_status":"open","ping_status":"open","sticky":false,"template":"","format":"standard","meta":{"ngg_post_thumbnail":0,"footnotes":""},"categories":[243],"tags":[],"class_list":["post-261512","post","type-post","status-publish","format-standard","has-post-thumbnail","hentry","category-geral"],"views":24,"meta_data":{"thumb":"https:\/\/portalv1.com.br\/app\/wp-content\/uploads\/2026\/04\/prefeita.webp","imagem":{"fullsize":{"url":"https:\/\/portalv1.com.br\/app\/wp-content\/uploads\/2026\/04\/prefeita.webp","width":668,"height":335},"medium":{"url":"https:\/\/portalv1.com.br\/app\/wp-content\/uploads\/2026\/04\/prefeita-300x150.webp","width":300,"height":150},"large":{"url":"https:\/\/portalv1.com.br\/app\/wp-content\/uploads\/2026\/04\/prefeita-640x321.webp","width":640,"height":321},"thumbnail":{"url":"https:\/\/portalv1.com.br\/app\/wp-content\/uploads\/2026\/04\/prefeita-100x100.webp","width":100,"height":100}},"data":{"simple":"25\/04\/2026","date_time":"25\/04\/2026 18:06:01","date":"h\u00e1 14 horas"},"chapeu":"Veja motivos","source":"foto_menor"},"_links":{"self":[{"href":"https:\/\/portalv1.com.br\/api\/wp\/v2\/posts\/261512","targetHints":{"allow":["GET"]}}],"collection":[{"href":"https:\/\/portalv1.com.br\/api\/wp\/v2\/posts"}],"about":[{"href":"https:\/\/portalv1.com.br\/api\/wp\/v2\/types\/post"}],"author":[{"embeddable":true,"href":"https:\/\/portalv1.com.br\/api\/wp\/v2\/users\/1"}],"replies":[{"embeddable":true,"href":"https:\/\/portalv1.com.br\/api\/wp\/v2\/comments?post=261512"}],"version-history":[{"count":0,"href":"https:\/\/portalv1.com.br\/api\/wp\/v2\/posts\/261512\/revisions"}],"wp:featuredmedia":[{"embeddable":true,"href":"https:\/\/portalv1.com.br\/api\/wp\/v2\/media\/261513"}],"wp:attachment":[{"href":"https:\/\/portalv1.com.br\/api\/wp\/v2\/media?parent=261512"}],"wp:term":[{"taxonomy":"category","embeddable":true,"href":"https:\/\/portalv1.com.br\/api\/wp\/v2\/categories?post=261512"},{"taxonomy":"post_tag","embeddable":true,"href":"https:\/\/portalv1.com.br\/api\/wp\/v2\/tags?post=261512"}],"curies":[{"name":"wp","href":"https:\/\/api.w.org\/{rel}","templated":true}]}}