{"id":261514,"date":"2026-04-25T21:08:22","date_gmt":"2026-04-26T00:08:22","guid":{"rendered":"https:\/\/portalv1.com.br\/?p=261514"},"modified":"2026-04-25T21:08:22","modified_gmt":"2026-04-26T00:08:22","slug":"aneel-aciona-bandeira-amarela-e-conta-de-luz-fica-mais-cara","status":"publish","type":"post","link":"https:\/\/portalv1.com.br\/aneel-aciona-bandeira-amarela-e-conta-de-luz-fica-mais-cara\/","title":{"rendered":"Aneel aciona bandeira amarela e conta de luz fica mais cara"},"content":{"rendered":"\n<p>A Ag\u00eancia Nacional de Energia El\u00e9trica (Aneel) anunciou nesta sexta-feira (24) que a bandeira tarif\u00e1ria das contas de luz ser\u00e1 amarela no m\u00eas de maio, o que resultar\u00e1 em cobran\u00e7a adicional para consumidores atendidos pelo Sistema Interligado Nacional (SIN).<\/p>\n\n\n\n<p>Com a mudan\u00e7a, haver\u00e1 acr\u00e9scimo de R$ 1,88 a cada 100 quilowatts-hora (kWh) consumidos. Segundo a ag\u00eancia, a decis\u00e3o foi motivada pela redu\u00e7\u00e3o das chuvas no per\u00edodo de transi\u00e7\u00e3o entre a esta\u00e7\u00e3o chuvosa e a seca, cen\u00e1rio que diminui a gera\u00e7\u00e3o de energia por hidrel\u00e9tricas e exige o acionamento de usinas termel\u00e9tricas, que t\u00eam custo mais elevado.<\/p>\n\n\n\n<p>Desde janeiro, vigorava a bandeira verde, sem cobran\u00e7a extra, devido \u00e0s condi\u00e7\u00f5es favor\u00e1veis de gera\u00e7\u00e3o e aos n\u00edveis satisfat\u00f3rios dos reservat\u00f3rios.<\/p>\n\n\n\n<p>Criado em 2015, o sistema de bandeiras tarif\u00e1rias sinaliza aos consumidores o custo real da produ\u00e7\u00e3o de energia no pa\u00eds. As cores indicam o n\u00edvel de custo para gera\u00e7\u00e3o: verde (sem acr\u00e9scimo), amarela (custo moderado) e vermelha (custo elevado).<\/p>\n\n\n\n<p>A defini\u00e7\u00e3o mensal das bandeiras leva em conta avalia\u00e7\u00f5es do Operador Nacional do Sistema El\u00e9trico (ONS), respons\u00e1vel por analisar as condi\u00e7\u00f5es de opera\u00e7\u00e3o do sistema el\u00e9trico e projetar os custos necess\u00e1rios para atender \u00e0 demanda.<\/p>\n\n\n\n<p>Atualmente, os valores adicionais cobrados seguem tr\u00eas n\u00edveis: na bandeira amarela, o acr\u00e9scimo \u00e9 de R$ 1,88 a cada 100 kWh; na bandeira vermelha patamar 1, o valor sobe para R$ 4,46; e na bandeira vermelha patamar 2, chega a R$ 7,87 para o mesmo consumo.<\/p>\n\n\n\n<p>A mudan\u00e7a na bandeira deve impactar diretamente o valor das contas de energia j\u00e1 a partir de maio.<\/p>\n","protected":false},"excerpt":{"rendered":"<p>A Ag\u00eancia Nacional de Energia El\u00e9trica (Aneel) anunciou nesta sexta-feira (24) que a bandeira tarif\u00e1ria das contas de luz ser\u00e1 amarela no m\u00eas de maio, o que resultar\u00e1 em cobran\u00e7a&#8230;<\/p>\n","protected":false},"author":1,"featured_media":99108,"comment_status":"open","ping_status":"open","sticky":false,"template":"","format":"standard","meta":{"ngg_post_thumbnail":0,"footnotes":""},"categories":[243],"tags":[],"class_list":["post-261514","post","type-post","status-publish","format-standard","has-post-thumbnail","hentry","category-geral"],"views":13,"meta_data":{"thumb":"https:\/\/portalv1.com.br\/app\/wp-content\/uploads\/2021\/08\/conta-de-energia.jpg","imagem":{"fullsize":{"url":"https:\/\/portalv1.com.br\/app\/wp-content\/uploads\/2021\/08\/conta-de-energia.jpg","width":790,"height":533},"medium":{"url":"https:\/\/portalv1.com.br\/app\/wp-content\/uploads\/2021\/08\/conta-de-energia-300x202.jpg","width":300,"height":202},"large":{"url":"https:\/\/portalv1.com.br\/app\/wp-content\/uploads\/2021\/08\/conta-de-energia-640x432.jpg","width":640,"height":432},"thumbnail":{"url":"https:\/\/portalv1.com.br\/app\/wp-content\/uploads\/2021\/08\/conta-de-energia-100x100.jpg","width":100,"height":100},"medium_large":{"url":"https:\/\/portalv1.com.br\/app\/wp-content\/uploads\/2021\/08\/conta-de-energia-768x518.jpg","width":768,"height":518}},"data":{"simple":"25\/04\/2026","date_time":"25\/04\/2026 18:08:22","date":"h\u00e1 6 horas"},"chapeu":"Veja","source":"foto_menor"},"_links":{"self":[{"href":"https:\/\/portalv1.com.br\/api\/wp\/v2\/posts\/261514","targetHints":{"allow":["GET"]}}],"collection":[{"href":"https:\/\/portalv1.com.br\/api\/wp\/v2\/posts"}],"about":[{"href":"https:\/\/portalv1.com.br\/api\/wp\/v2\/types\/post"}],"author":[{"embeddable":true,"href":"https:\/\/portalv1.com.br\/api\/wp\/v2\/users\/1"}],"replies":[{"embeddable":true,"href":"https:\/\/portalv1.com.br\/api\/wp\/v2\/comments?post=261514"}],"version-history":[{"count":0,"href":"https:\/\/portalv1.com.br\/api\/wp\/v2\/posts\/261514\/revisions"}],"wp:featuredmedia":[{"embeddable":true,"href":"https:\/\/portalv1.com.br\/api\/wp\/v2\/media\/99108"}],"wp:attachment":[{"href":"https:\/\/portalv1.com.br\/api\/wp\/v2\/media?parent=261514"}],"wp:term":[{"taxonomy":"category","embeddable":true,"href":"https:\/\/portalv1.com.br\/api\/wp\/v2\/categories?post=261514"},{"taxonomy":"post_tag","embeddable":true,"href":"https:\/\/portalv1.com.br\/api\/wp\/v2\/tags?post=261514"}],"curies":[{"name":"wp","href":"https:\/\/api.w.org\/{rel}","templated":true}]}}