{"id":261517,"date":"2026-04-26T08:46:29","date_gmt":"2026-04-26T11:46:29","guid":{"rendered":"https:\/\/portalv1.com.br\/?p=261517"},"modified":"2026-04-26T08:46:30","modified_gmt":"2026-04-26T11:46:30","slug":"seduc-orienta-sobre-isencao-de-taxa-com-novo-prazo-ate-30-de-abril","status":"publish","type":"post","link":"https:\/\/portalv1.com.br\/seduc-orienta-sobre-isencao-de-taxa-com-novo-prazo-ate-30-de-abril\/","title":{"rendered":"Seduc orienta sobre isen\u00e7\u00e3o de taxa com novo prazo at\u00e9 30 de abril"},"content":{"rendered":"\n<p>Os estudantes que desejam solicitar a isen\u00e7\u00e3o da taxa de inscri\u00e7\u00e3o do Exame Nacional do Ensino M\u00e9dio (Enem) 2026 ganharam mais tempo. O Minist\u00e9rio da Educa\u00e7\u00e3o (MEC), por meio do Instituto Nacional de Estudos e Pesquisas Educacionais An\u00edsio Teixeira (Inep), prorrogou o prazo do benef\u00edcio at\u00e9 o dia 30 de abril.<\/p>\n\n\n\n<p>Mesmo com a solicita\u00e7\u00e3o de isen\u00e7\u00e3o, todos os estudantes dever\u00e3o realizar a inscri\u00e7\u00e3o no Enem em per\u00edodo que ainda ser\u00e1 divulgado em edital espec\u00edfico. O resultado dos pedidos de isen\u00e7\u00e3o est\u00e1 previsto para o dia 13 de maio.<\/p>\n\n\n\n<p>No Piau\u00ed, a Secretaria de Estado da Educa\u00e7\u00e3o (Seduc) realiza uma ampla mobiliza\u00e7\u00e3o para garantir que todos os estudantes da 3\u00aa s\u00e9rie do ensino M\u00e9dio da rede p\u00fablica participem do Enem 2026. A estrat\u00e9gia envolve acompanhamento direto nas escolas, orienta\u00e7\u00e3o individualizada e a\u00e7\u00f5es de engajamento que refor\u00e7am a import\u00e2ncia do exame como porta de entrada para o ensino superior.<\/p>\n\n\n\n<p>Os estudantes do Centro Estadual de Tempo Integral (Ceti) Solange Sinimbu Viana Ar\u00eaa Le\u00e3o, no bairro Promorar, em Teresina, garantiram a solicita\u00e7\u00e3o de isen\u00e7\u00e3o para todos os alunos aptos logo nos primeiros dias do prazo.<\/p>\n\n\n<figure class=\"wp-block-post-featured-image\"><img loading=\"lazy\" decoding=\"async\" width=\"2048\" height=\"1365\" src=\"https:\/\/portalv1.com.br\/app\/wp-content\/uploads\/2026\/01\/seduc-educacao.jpeg\" class=\"attachment-post-thumbnail size-post-thumbnail wp-post-image\" alt=\"\" style=\"object-fit:cover;\" srcset=\"https:\/\/portalv1.com.br\/app\/wp-content\/uploads\/2026\/01\/seduc-educacao.jpeg 2048w, https:\/\/portalv1.com.br\/app\/wp-content\/uploads\/2026\/01\/seduc-educacao-300x200.jpeg 300w, https:\/\/portalv1.com.br\/app\/wp-content\/uploads\/2026\/01\/seduc-educacao-640x427.jpeg 640w, https:\/\/portalv1.com.br\/app\/wp-content\/uploads\/2026\/01\/seduc-educacao-768x512.jpeg 768w, https:\/\/portalv1.com.br\/app\/wp-content\/uploads\/2026\/01\/seduc-educacao-1536x1024.jpeg 1536w\" sizes=\"auto, (max-width: 2048px) 100vw, 2048px\" \/><\/figure>","protected":false},"excerpt":{"rendered":"<p>Os estudantes que desejam solicitar a isen\u00e7\u00e3o da taxa de inscri\u00e7\u00e3o do Exame Nacional do Ensino M\u00e9dio (Enem) 2026 ganharam mais tempo. O Minist\u00e9rio da Educa\u00e7\u00e3o (MEC), por meio do&#8230;<\/p>\n","protected":false},"author":1,"featured_media":254548,"comment_status":"open","ping_status":"open","sticky":false,"template":"","format":"standard","meta":{"ngg_post_thumbnail":0,"footnotes":""},"categories":[243],"tags":[],"class_list":["post-261517","post","type-post","status-publish","format-standard","has-post-thumbnail","hentry","category-geral"],"views":24,"meta_data":{"thumb":"https:\/\/portalv1.com.br\/app\/wp-content\/uploads\/2026\/01\/seduc-educacao.jpeg","imagem":{"fullsize":{"url":"https:\/\/portalv1.com.br\/app\/wp-content\/uploads\/2026\/01\/seduc-educacao.jpeg","width":2048,"height":1365},"medium":{"url":"https:\/\/portalv1.com.br\/app\/wp-content\/uploads\/2026\/01\/seduc-educacao-300x200.jpeg","width":300,"height":200},"large":{"url":"https:\/\/portalv1.com.br\/app\/wp-content\/uploads\/2026\/01\/seduc-educacao-640x427.jpeg","width":640,"height":427},"thumbnail":{"url":"https:\/\/portalv1.com.br\/app\/wp-content\/uploads\/2026\/01\/seduc-educacao-100x100.jpeg","width":100,"height":100},"medium_large":{"url":"https:\/\/portalv1.com.br\/app\/wp-content\/uploads\/2026\/01\/seduc-educacao-768x512.jpeg","width":768,"height":512},"1536x1536":{"url":"https:\/\/portalv1.com.br\/app\/wp-content\/uploads\/2026\/01\/seduc-educacao-1536x1024.jpeg","width":1536,"height":1024}},"data":{"simple":"26\/04\/2026","date_time":"26\/04\/2026 05:46:29","date":"h\u00e1 3 dias"},"chapeu":"Saiba detalhes ","source":"slide"},"_links":{"self":[{"href":"https:\/\/portalv1.com.br\/api\/wp\/v2\/posts\/261517","targetHints":{"allow":["GET"]}}],"collection":[{"href":"https:\/\/portalv1.com.br\/api\/wp\/v2\/posts"}],"about":[{"href":"https:\/\/portalv1.com.br\/api\/wp\/v2\/types\/post"}],"author":[{"embeddable":true,"href":"https:\/\/portalv1.com.br\/api\/wp\/v2\/users\/1"}],"replies":[{"embeddable":true,"href":"https:\/\/portalv1.com.br\/api\/wp\/v2\/comments?post=261517"}],"version-history":[{"count":0,"href":"https:\/\/portalv1.com.br\/api\/wp\/v2\/posts\/261517\/revisions"}],"wp:featuredmedia":[{"embeddable":true,"href":"https:\/\/portalv1.com.br\/api\/wp\/v2\/media\/254548"}],"wp:attachment":[{"href":"https:\/\/portalv1.com.br\/api\/wp\/v2\/media?parent=261517"}],"wp:term":[{"taxonomy":"category","embeddable":true,"href":"https:\/\/portalv1.com.br\/api\/wp\/v2\/categories?post=261517"},{"taxonomy":"post_tag","embeddable":true,"href":"https:\/\/portalv1.com.br\/api\/wp\/v2\/tags?post=261517"}],"curies":[{"name":"wp","href":"https:\/\/api.w.org\/{rel}","templated":true}]}}