{"id":261558,"date":"2026-04-26T12:16:41","date_gmt":"2026-04-26T15:16:41","guid":{"rendered":"https:\/\/portalv1.com.br\/?p=261558"},"modified":"2026-04-26T12:18:07","modified_gmt":"2026-04-26T15:18:07","slug":"dr-vinicius-entrega-reforma-historica-do-parque-de-vaquejada-breno-bezerra-em-elesbao-veloso","status":"publish","type":"post","link":"https:\/\/portalv1.com.br\/dr-vinicius-entrega-reforma-historica-do-parque-de-vaquejada-breno-bezerra-em-elesbao-veloso\/","title":{"rendered":"Dr. Vinicius entrega reforma hist\u00f3rica do Parque de Vaquejada Breno Bezerra em Elesb\u00e3o Veloso"},"content":{"rendered":"\n<p>Na noite deste s\u00e1bado (25), o munic\u00edpio de Elesb\u00e3o Veloso celebrou um marco importante para a cultura e a economia regional com a entrega da reforma e moderniza\u00e7\u00e3o do Parque de Vaquejada Breno Bezerra. A obra, viabilizada por meio de emenda parlamentar do deputado estadual Dr. Vinicius (PT), e apoio do Governo do Estado, recebeu um investimento total de R$ 1.549.900,00. A iniciativa transforma o espa\u00e7o em uma das estruturas mais completas do Piau\u00ed, unindo modernidade e respeito \u00e0s tradi\u00e7\u00f5es sertanejas.<\/p>\n\n\n\n<p>A interven\u00e7\u00e3o garantiu uma revitaliza\u00e7\u00e3o em toda a infraestrutura t\u00e9cnica e de lazer do parque. Agora, o espa\u00e7o conta com uma pista de competi\u00e7\u00e3o totalmente recuperada, nova cabine para o juiz, sistema de locu\u00e7\u00e3o e bretes modernos. <\/p>\n\n\n\n<p>&#8220;A vaquejada n\u00e3o \u00e9 apenas uma competi\u00e7\u00e3o, \u00e9 cultura, \u00e9 hist\u00f3ria e, acima de tudo, um setor que gera emprego e renda para o nosso povo&#8221;, afirmou Dr. Vinicius durante a solenidade. Segundo o parlamentar, investir em espa\u00e7os como este \u00e9 fundamental para fortalecer a identidade do homem do campo e garantir que as tradi\u00e7\u00f5es locais continuem vivas e profissionalizadas.<\/p>\n\n\n\n<p>Pensando no conforto do p\u00fablico, foram constru\u00eddas arquibancadas ampliadas, banheiros comunit\u00e1rios, um restaurante e uma ampla pra\u00e7a de alimenta\u00e7\u00e3o pavimentada com piso intertravado, oferecendo um ambiente seguro e agrad\u00e1vel para as fam\u00edlias e turistas. O cuidado com o bem-estar animal tamb\u00e9m foi prioridade no projeto, que incluiu currais reformulados e bebedouros exclusivos para os cavalos. Uma nova caixa d\u2019\u00e1gua com capacidade de 10.000 litros foi instalada para assegurar o abastecimento pleno de todo o complexo, atendendo \u00e0s exig\u00eancias sanit\u00e1rias e de manejo.<\/p>\n\n\n\n<p>A obra possui um significado ainda maior para Dr. Vinicius, conectando-se diretamente com sua trajet\u00f3ria pessoal. <\/p>\n\n\n\n<p>&#8220;Quem vive o dia a dia do campo e tem paix\u00e3o pelos cavalos, como eu, sabe a import\u00e2ncia de uma estrutura digna. Investir no Parque Breno Bezerra \u00e9 investir na autoestima do povo de Elesb\u00e3o Veloso e na economia local&#8221;, destaca o deputado. Ele ressalta que a moderniza\u00e7\u00e3o permite que o munic\u00edpio integre o circuito das grandes vaquejadas do Nordeste, atraindo turistas e movimentando o com\u00e9rcio local.<\/p>\n\n\n\n<p>Ao entregar este investimento, o parlamentar reafirma seu compromisso com a valoriza\u00e7\u00e3o do esporte e da identidade piauiense. Para Dr. Vinicius, o objetivo final \u00e9 garantir prosperidade para as fam\u00edlias que dependem desses eventos.<\/p>\n\n\n\n<p>&#8220;Agrade\u00e7o o apoio do governador Rafael Fonteles na execu\u00e7\u00e3o desse projeto. Quando o parque est\u00e1 cheio, o pequeno vendedor, o setor de servi\u00e7os e toda a cidade ganham. \u00c9 o trabalho que gera resultado direto na vida das pessoas. Com a nova estrutura, Elesb\u00e3o Veloso se consolida como um polo de eventos agropecu\u00e1rios, garantindo um local seguro e moderno para as atuais e futuras gera\u00e7\u00f5es de vaqueiros\u201d, conclui o deputado.<\/p>\n\n\n<div class=\"ngg-galleryoverview\" id=\"1\">\n              <div data-widget=\"Galeria\" data-props=\"{&quot;galeria&quot;:{&quot;max_page&quot;:1,&quot;total&quot;:6,&quot;gallery_id&quot;:1,&quot;images&quot;:[{&quot;thumbcode&quot;:&quot;https:\\\/\\\/portalv1.com.br\\\/app\\\/wp-content\\\/uploads\\\/2026\\\/04\\\/WhatsApp-Image-2026-04-26-at-11.57.58-4-400x250.jpeg&quot;,&quot;imageURL&quot;:&quot;https:\\\/\\\/portalv1.com.br\\\/app\\\/wp-content\\\/uploads\\\/2026\\\/04\\\/WhatsApp-Image-2026-04-26-at-11.57.58-4.jpeg&quot;,&quot;pid&quot;:261559,&quot;galleryid&quot;:1,&quot;description&quot;:&quot;&quot;,&quot;alttext&quot;:&quot;Dr. Vinicius entrega reforma hist\\u00f3rica do Parque de Vaquejada Breno Bezerra em Elesb\\u00e3o Veloso&quot;,&quot;thumbnailURL&quot;:&quot;https:\\\/\\\/portalv1.com.br\\\/app\\\/wp-content\\\/uploads\\\/2026\\\/04\\\/WhatsApp-Image-2026-04-26-at-11.57.58-4-400x250.jpeg&quot;,&quot;style&quot;:&quot;&quot;},{&quot;thumbcode&quot;:&quot;https:\\\/\\\/portalv1.com.br\\\/app\\\/wp-content\\\/uploads\\\/2026\\\/04\\\/WhatsApp-Image-2026-04-26-at-11.57.59-400x250.jpeg&quot;,&quot;imageURL&quot;:&quot;https:\\\/\\\/portalv1.com.br\\\/app\\\/wp-content\\\/uploads\\\/2026\\\/04\\\/WhatsApp-Image-2026-04-26-at-11.57.59.jpeg&quot;,&quot;pid&quot;:261560,&quot;galleryid&quot;:1,&quot;description&quot;:&quot;&quot;,&quot;alttext&quot;:&quot;Dr. Vinicius entrega reforma hist\\u00f3rica do Parque de Vaquejada Breno Bezerra em Elesb\\u00e3o Veloso&quot;,&quot;thumbnailURL&quot;:&quot;https:\\\/\\\/portalv1.com.br\\\/app\\\/wp-content\\\/uploads\\\/2026\\\/04\\\/WhatsApp-Image-2026-04-26-at-11.57.59-400x250.jpeg&quot;,&quot;style&quot;:&quot;&quot;},{&quot;thumbcode&quot;:&quot;https:\\\/\\\/portalv1.com.br\\\/app\\\/wp-content\\\/uploads\\\/2026\\\/04\\\/WhatsApp-Image-2026-04-26-at-11.57.58-3-400x250.jpeg&quot;,&quot;imageURL&quot;:&quot;https:\\\/\\\/portalv1.com.br\\\/app\\\/wp-content\\\/uploads\\\/2026\\\/04\\\/WhatsApp-Image-2026-04-26-at-11.57.58-3.jpeg&quot;,&quot;pid&quot;:261561,&quot;galleryid&quot;:1,&quot;description&quot;:&quot;&quot;,&quot;alttext&quot;:&quot;Dr. Vinicius entrega reforma hist\\u00f3rica do Parque de Vaquejada Breno Bezerra em Elesb\\u00e3o Veloso&quot;,&quot;thumbnailURL&quot;:&quot;https:\\\/\\\/portalv1.com.br\\\/app\\\/wp-content\\\/uploads\\\/2026\\\/04\\\/WhatsApp-Image-2026-04-26-at-11.57.58-3-400x250.jpeg&quot;,&quot;style&quot;:&quot;&quot;},{&quot;thumbcode&quot;:&quot;https:\\\/\\\/portalv1.com.br\\\/app\\\/wp-content\\\/uploads\\\/2026\\\/04\\\/WhatsApp-Image-2026-04-26-at-11.57.58-1-400x250.jpeg&quot;,&quot;imageURL&quot;:&quot;https:\\\/\\\/portalv1.com.br\\\/app\\\/wp-content\\\/uploads\\\/2026\\\/04\\\/WhatsApp-Image-2026-04-26-at-11.57.58-1.jpeg&quot;,&quot;pid&quot;:261562,&quot;galleryid&quot;:1,&quot;description&quot;:&quot;&quot;,&quot;alttext&quot;:&quot;Dr. Vinicius entrega reforma hist\\u00f3rica do Parque de Vaquejada Breno Bezerra em Elesb\\u00e3o Veloso&quot;,&quot;thumbnailURL&quot;:&quot;https:\\\/\\\/portalv1.com.br\\\/app\\\/wp-content\\\/uploads\\\/2026\\\/04\\\/WhatsApp-Image-2026-04-26-at-11.57.58-1-400x250.jpeg&quot;,&quot;style&quot;:&quot;&quot;},{&quot;thumbcode&quot;:&quot;https:\\\/\\\/portalv1.com.br\\\/app\\\/wp-content\\\/uploads\\\/2026\\\/04\\\/WhatsApp-Image-2026-04-26-at-11.57.58-400x250.jpeg&quot;,&quot;imageURL&quot;:&quot;https:\\\/\\\/portalv1.com.br\\\/app\\\/wp-content\\\/uploads\\\/2026\\\/04\\\/WhatsApp-Image-2026-04-26-at-11.57.58.jpeg&quot;,&quot;pid&quot;:261563,&quot;galleryid&quot;:1,&quot;description&quot;:&quot;&quot;,&quot;alttext&quot;:&quot;Dr. Vinicius entrega reforma hist\\u00f3rica do Parque de Vaquejada Breno Bezerra em Elesb\\u00e3o Veloso&quot;,&quot;thumbnailURL&quot;:&quot;https:\\\/\\\/portalv1.com.br\\\/app\\\/wp-content\\\/uploads\\\/2026\\\/04\\\/WhatsApp-Image-2026-04-26-at-11.57.58-400x250.jpeg&quot;,&quot;style&quot;:&quot;&quot;},{&quot;thumbcode&quot;:&quot;https:\\\/\\\/portalv1.com.br\\\/app\\\/wp-content\\\/uploads\\\/2026\\\/04\\\/WhatsApp-Image-2026-04-26-at-11.57.58-2-400x250.jpeg&quot;,&quot;imageURL&quot;:&quot;https:\\\/\\\/portalv1.com.br\\\/app\\\/wp-content\\\/uploads\\\/2026\\\/04\\\/WhatsApp-Image-2026-04-26-at-11.57.58-2.jpeg&quot;,&quot;pid&quot;:261564,&quot;galleryid&quot;:1,&quot;description&quot;:&quot;&quot;,&quot;alttext&quot;:&quot;Dr. Vinicius entrega reforma hist\\u00f3rica do Parque de Vaquejada Breno Bezerra em Elesb\\u00e3o Veloso&quot;,&quot;thumbnailURL&quot;:&quot;https:\\\/\\\/portalv1.com.br\\\/app\\\/wp-content\\\/uploads\\\/2026\\\/04\\\/WhatsApp-Image-2026-04-26-at-11.57.58-2-400x250.jpeg&quot;,&quot;style&quot;:&quot;&quot;}]}}\"><\/div>\n            <\/div>","protected":false},"excerpt":{"rendered":"<p>Na noite deste s\u00e1bado (25), o munic\u00edpio de Elesb\u00e3o Veloso celebrou um marco importante para a cultura e a economia regional com a entrega da reforma e moderniza\u00e7\u00e3o do Parque&#8230;<\/p>\n","protected":false},"author":1,"featured_media":261560,"comment_status":"open","ping_status":"open","sticky":false,"template":"","format":"standard","meta":{"ngg_post_thumbnail":0,"footnotes":""},"categories":[243],"tags":[],"class_list":["post-261558","post","type-post","status-publish","format-standard","has-post-thumbnail","hentry","category-geral"],"views":121,"meta_data":{"thumb":"https:\/\/portalv1.com.br\/app\/wp-content\/uploads\/2026\/04\/WhatsApp-Image-2026-04-26-at-11.57.59.jpeg","imagem":{"fullsize":{"url":"https:\/\/portalv1.com.br\/app\/wp-content\/uploads\/2026\/04\/WhatsApp-Image-2026-04-26-at-11.57.59.jpeg","width":1280,"height":854},"medium":{"url":"https:\/\/portalv1.com.br\/app\/wp-content\/uploads\/2026\/04\/WhatsApp-Image-2026-04-26-at-11.57.59-300x200.jpeg","width":300,"height":200},"large":{"url":"https:\/\/portalv1.com.br\/app\/wp-content\/uploads\/2026\/04\/WhatsApp-Image-2026-04-26-at-11.57.59-640x427.jpeg","width":640,"height":427},"thumbnail":{"url":"https:\/\/portalv1.com.br\/app\/wp-content\/uploads\/2026\/04\/WhatsApp-Image-2026-04-26-at-11.57.59-100x100.jpeg","width":100,"height":100},"medium_large":{"url":"https:\/\/portalv1.com.br\/app\/wp-content\/uploads\/2026\/04\/WhatsApp-Image-2026-04-26-at-11.57.59-768x512.jpeg","width":768,"height":512}},"data":{"simple":"26\/04\/2026","date_time":"26\/04\/2026 09:16:41","date":"h\u00e1 3 dias"},"chapeu":"Vaqueirama","source":"slide"},"_links":{"self":[{"href":"https:\/\/portalv1.com.br\/api\/wp\/v2\/posts\/261558","targetHints":{"allow":["GET"]}}],"collection":[{"href":"https:\/\/portalv1.com.br\/api\/wp\/v2\/posts"}],"about":[{"href":"https:\/\/portalv1.com.br\/api\/wp\/v2\/types\/post"}],"author":[{"embeddable":true,"href":"https:\/\/portalv1.com.br\/api\/wp\/v2\/users\/1"}],"replies":[{"embeddable":true,"href":"https:\/\/portalv1.com.br\/api\/wp\/v2\/comments?post=261558"}],"version-history":[{"count":0,"href":"https:\/\/portalv1.com.br\/api\/wp\/v2\/posts\/261558\/revisions"}],"wp:featuredmedia":[{"embeddable":true,"href":"https:\/\/portalv1.com.br\/api\/wp\/v2\/media\/261560"}],"wp:attachment":[{"href":"https:\/\/portalv1.com.br\/api\/wp\/v2\/media?parent=261558"}],"wp:term":[{"taxonomy":"category","embeddable":true,"href":"https:\/\/portalv1.com.br\/api\/wp\/v2\/categories?post=261558"},{"taxonomy":"post_tag","embeddable":true,"href":"https:\/\/portalv1.com.br\/api\/wp\/v2\/tags?post=261558"}],"curies":[{"name":"wp","href":"https:\/\/api.w.org\/{rel}","templated":true}]}}