{"id":261566,"date":"2026-04-26T22:46:19","date_gmt":"2026-04-27T01:46:19","guid":{"rendered":"https:\/\/portalv1.com.br\/?p=261566"},"modified":"2026-04-26T22:46:20","modified_gmt":"2026-04-27T01:46:20","slug":"ciro-reforca-pre-candidatura-a-reeleicao-e-cumpre-agenda-em-cidades-do-sul-do-piaui-com-inauguracao-de-obras","status":"publish","type":"post","link":"https:\/\/portalv1.com.br\/ciro-reforca-pre-candidatura-a-reeleicao-e-cumpre-agenda-em-cidades-do-sul-do-piaui-com-inauguracao-de-obras\/","title":{"rendered":"Ciro refor\u00e7a pr\u00e9-candidatura a reelei\u00e7\u00e3o e cumpre agenda em cidades do Sul do Piau\u00ed com inaugura\u00e7\u00e3o de obras"},"content":{"rendered":"\n<p>O senador e pr\u00e9-candidato a reelei\u00e7\u00e3o Ciro Nogueira (Progressistas) cumpriu, neste final de semana, uma agenda bastante movimentada em diversas cidades especialmente nas regi\u00f5es Sul e Sudeste do Piau\u00ed.<\/p>\n\n\n\n<p>Na sexta-feira (24) Ciro esteve em Eliseu Martins onde fez a entrega do t\u00e3o esperado novo gramado e reforma do Est\u00e1dio Jo\u00e3o Pedro Costa, que agora conta com um moderno sistema de irriga\u00e7\u00e3o.<\/p>\n\n\n\n<p>Ainda para Eliseu, Ciro anunciou a constru\u00e7\u00e3o de um novo centro esportivo, implanta\u00e7\u00e3o de um novo campo society e garantiu a pavimenta\u00e7\u00e3o de diversas vias. Para 2026, est\u00e3o assegurados R$ 1 milh\u00e3o em investimentos. Desse total, R$ 487 mil ser\u00e3o destinados \u00e0 constru\u00e7\u00e3o do campo society, enquanto R$ 554 mil ser\u00e3o aplicados no custeio da sa\u00fade municipal.<\/p>\n\n\n\n<p>Ainda na sexta, Ciro esteve participando das solenidades de anivers\u00e1rio da cidade de Col\u00f4nia do Gurgueia. Foram inauguradas obras de cal\u00e7amento nas ruas Jos\u00e9 Augusto de Ara\u00fajo, Francisco Ferreira e em outras vias da regi\u00e3o central, com o objetivo de melhorar a mobilidade urbana e a qualidade de vida da popula\u00e7\u00e3o. Houve a entrega de tr\u00eas vans, sendo que duas delas foram para a \u00e1rea da sa\u00fade.<\/p>\n\n\n\n<p>No s\u00e1bado (24), o senador seguiu a agenda e visitou Col\u00f4nia do Piau\u00ed, participando de solenidades pelo 34\u00ba anivers\u00e1rio do munic\u00edpio. Ciro inaugurou, ao lado do prefeito Selindinho, do PT, o Portal de Entrada e em seguida anunciou a constru\u00e7\u00e3o de um campo society e pavimenta\u00e7\u00e3o de vias urbanas.<\/p>\n\n\n\n<p>Dando sequ\u00eancia, Ciro foi at\u00e9 Santo In\u00e1cio do Piau\u00ed, onde inaugurou, ao lado do prefeito Auro, do PT, uma s\u00e9rie de novas estradas vicinais, fez a entrega de uma van e anunciou a constru\u00e7\u00e3o de um campo Society e conclus\u00e3o da quadra poliesportiva no bairro Vila Nova.<\/p>\n\n\n\n<p>Ciro fechou sua agenda em Wall Ferraz, onde participou de diversas solenidades de inaugura\u00e7\u00f5es, como de obras de cal\u00e7amento, reforma da UBS e do mercado p\u00fablico municipal, al\u00e9m de entregar uma van para uso da popula\u00e7\u00e3o do munic\u00edpio. O parlamentar anunciou a constru\u00e7\u00e3o de um campo society, de uma passagem molhada e ainda a recupera\u00e7\u00e3o de estradas vicinais.<\/p>\n\n\n\n<p>\u201cEu tenho intensificado nossa agenda pelo Piau\u00ed, n\u00e3o apenas para refor\u00e7ar meu nome como pr\u00e9-candidato a reelei\u00e7\u00e3o, mas principalmente para entregar novos benef\u00edcios para a popula\u00e7\u00e3o. Ser reconhecido pelas pessoas como o pol\u00edtico que mais entregou em toda a hist\u00f3ria no Piau\u00ed me motiva a trabalhar, cada vez mais, por todos os piauienses. Vamos que vamos\u201d, comentou Ciro.<\/p>\n\n\n<div class=\"ngg-galleryoverview\" id=\"1\">\n              <div data-widget=\"Galeria\" data-props=\"{&quot;galeria&quot;:{&quot;max_page&quot;:1,&quot;total&quot;:7,&quot;gallery_id&quot;:1,&quot;images&quot;:[{&quot;thumbcode&quot;:&quot;https:\\\/\\\/portalv1.com.br\\\/app\\\/wp-content\\\/uploads\\\/2026\\\/04\\\/WhatsApp-Image-2026-04-26-at-16.32.34-400x250.jpeg&quot;,&quot;imageURL&quot;:&quot;https:\\\/\\\/portalv1.com.br\\\/app\\\/wp-content\\\/uploads\\\/2026\\\/04\\\/WhatsApp-Image-2026-04-26-at-16.32.34.jpeg&quot;,&quot;pid&quot;:261567,&quot;galleryid&quot;:1,&quot;description&quot;:&quot;&quot;,&quot;alttext&quot;:&quot;Ciro refor\\u00e7a pr\\u00e9-candidatura a reelei\\u00e7\\u00e3o e cumpre agenda em cidades do Sul do Piau\\u00ed com inaugura\\u00e7\\u00e3o de obras&quot;,&quot;thumbnailURL&quot;:&quot;https:\\\/\\\/portalv1.com.br\\\/app\\\/wp-content\\\/uploads\\\/2026\\\/04\\\/WhatsApp-Image-2026-04-26-at-16.32.34-400x250.jpeg&quot;,&quot;style&quot;:&quot;&quot;},{&quot;thumbcode&quot;:&quot;https:\\\/\\\/portalv1.com.br\\\/app\\\/wp-content\\\/uploads\\\/2026\\\/04\\\/WhatsApp-Image-2026-04-26-at-16.32.32-1-400x250.jpeg&quot;,&quot;imageURL&quot;:&quot;https:\\\/\\\/portalv1.com.br\\\/app\\\/wp-content\\\/uploads\\\/2026\\\/04\\\/WhatsApp-Image-2026-04-26-at-16.32.32-1.jpeg&quot;,&quot;pid&quot;:261568,&quot;galleryid&quot;:1,&quot;description&quot;:&quot;&quot;,&quot;alttext&quot;:&quot;Ciro refor\\u00e7a pr\\u00e9-candidatura a reelei\\u00e7\\u00e3o e cumpre agenda em cidades do Sul do Piau\\u00ed com inaugura\\u00e7\\u00e3o de obras&quot;,&quot;thumbnailURL&quot;:&quot;https:\\\/\\\/portalv1.com.br\\\/app\\\/wp-content\\\/uploads\\\/2026\\\/04\\\/WhatsApp-Image-2026-04-26-at-16.32.32-1-400x250.jpeg&quot;,&quot;style&quot;:&quot;&quot;},{&quot;thumbcode&quot;:&quot;https:\\\/\\\/portalv1.com.br\\\/app\\\/wp-content\\\/uploads\\\/2026\\\/04\\\/WhatsApp-Image-2026-04-26-at-16.32.33-1-400x250.jpeg&quot;,&quot;imageURL&quot;:&quot;https:\\\/\\\/portalv1.com.br\\\/app\\\/wp-content\\\/uploads\\\/2026\\\/04\\\/WhatsApp-Image-2026-04-26-at-16.32.33-1.jpeg&quot;,&quot;pid&quot;:261569,&quot;galleryid&quot;:1,&quot;description&quot;:&quot;&quot;,&quot;alttext&quot;:&quot;Ciro refor\\u00e7a pr\\u00e9-candidatura a reelei\\u00e7\\u00e3o e cumpre agenda em cidades do Sul do Piau\\u00ed com inaugura\\u00e7\\u00e3o de obras&quot;,&quot;thumbnailURL&quot;:&quot;https:\\\/\\\/portalv1.com.br\\\/app\\\/wp-content\\\/uploads\\\/2026\\\/04\\\/WhatsApp-Image-2026-04-26-at-16.32.33-1-400x250.jpeg&quot;,&quot;style&quot;:&quot;&quot;},{&quot;thumbcode&quot;:&quot;https:\\\/\\\/portalv1.com.br\\\/app\\\/wp-content\\\/uploads\\\/2026\\\/04\\\/WhatsApp-Image-2026-04-26-at-16.32.31-400x250.jpeg&quot;,&quot;imageURL&quot;:&quot;https:\\\/\\\/portalv1.com.br\\\/app\\\/wp-content\\\/uploads\\\/2026\\\/04\\\/WhatsApp-Image-2026-04-26-at-16.32.31.jpeg&quot;,&quot;pid&quot;:261570,&quot;galleryid&quot;:1,&quot;description&quot;:&quot;&quot;,&quot;alttext&quot;:&quot;Ciro refor\\u00e7a pr\\u00e9-candidatura a reelei\\u00e7\\u00e3o e cumpre agenda em cidades do Sul do Piau\\u00ed com inaugura\\u00e7\\u00e3o de obras&quot;,&quot;thumbnailURL&quot;:&quot;https:\\\/\\\/portalv1.com.br\\\/app\\\/wp-content\\\/uploads\\\/2026\\\/04\\\/WhatsApp-Image-2026-04-26-at-16.32.31-400x250.jpeg&quot;,&quot;style&quot;:&quot;&quot;},{&quot;thumbcode&quot;:&quot;https:\\\/\\\/portalv1.com.br\\\/app\\\/wp-content\\\/uploads\\\/2026\\\/04\\\/WhatsApp-Image-2026-04-26-at-16.32.31-1-400x250.jpeg&quot;,&quot;imageURL&quot;:&quot;https:\\\/\\\/portalv1.com.br\\\/app\\\/wp-content\\\/uploads\\\/2026\\\/04\\\/WhatsApp-Image-2026-04-26-at-16.32.31-1.jpeg&quot;,&quot;pid&quot;:261571,&quot;galleryid&quot;:1,&quot;description&quot;:&quot;&quot;,&quot;alttext&quot;:&quot;Ciro refor\\u00e7a pr\\u00e9-candidatura a reelei\\u00e7\\u00e3o e cumpre agenda em cidades do Sul do Piau\\u00ed com inaugura\\u00e7\\u00e3o de obras&quot;,&quot;thumbnailURL&quot;:&quot;https:\\\/\\\/portalv1.com.br\\\/app\\\/wp-content\\\/uploads\\\/2026\\\/04\\\/WhatsApp-Image-2026-04-26-at-16.32.31-1-400x250.jpeg&quot;,&quot;style&quot;:&quot;&quot;},{&quot;thumbcode&quot;:&quot;https:\\\/\\\/portalv1.com.br\\\/app\\\/wp-content\\\/uploads\\\/2026\\\/04\\\/WhatsApp-Image-2026-04-26-at-16.32.33-400x250.jpeg&quot;,&quot;imageURL&quot;:&quot;https:\\\/\\\/portalv1.com.br\\\/app\\\/wp-content\\\/uploads\\\/2026\\\/04\\\/WhatsApp-Image-2026-04-26-at-16.32.33.jpeg&quot;,&quot;pid&quot;:261572,&quot;galleryid&quot;:1,&quot;description&quot;:&quot;&quot;,&quot;alttext&quot;:&quot;Ciro refor\\u00e7a pr\\u00e9-candidatura a reelei\\u00e7\\u00e3o e cumpre agenda em cidades do Sul do Piau\\u00ed com inaugura\\u00e7\\u00e3o de obras&quot;,&quot;thumbnailURL&quot;:&quot;https:\\\/\\\/portalv1.com.br\\\/app\\\/wp-content\\\/uploads\\\/2026\\\/04\\\/WhatsApp-Image-2026-04-26-at-16.32.33-400x250.jpeg&quot;,&quot;style&quot;:&quot;&quot;},{&quot;thumbcode&quot;:&quot;https:\\\/\\\/portalv1.com.br\\\/app\\\/wp-content\\\/uploads\\\/2026\\\/04\\\/WhatsApp-Image-2026-04-26-at-16.32.32-400x250.jpeg&quot;,&quot;imageURL&quot;:&quot;https:\\\/\\\/portalv1.com.br\\\/app\\\/wp-content\\\/uploads\\\/2026\\\/04\\\/WhatsApp-Image-2026-04-26-at-16.32.32.jpeg&quot;,&quot;pid&quot;:261573,&quot;galleryid&quot;:1,&quot;description&quot;:&quot;&quot;,&quot;alttext&quot;:&quot;Ciro refor\\u00e7a pr\\u00e9-candidatura a reelei\\u00e7\\u00e3o e cumpre agenda em cidades do Sul do Piau\\u00ed com inaugura\\u00e7\\u00e3o de obras&quot;,&quot;thumbnailURL&quot;:&quot;https:\\\/\\\/portalv1.com.br\\\/app\\\/wp-content\\\/uploads\\\/2026\\\/04\\\/WhatsApp-Image-2026-04-26-at-16.32.32-400x250.jpeg&quot;,&quot;style&quot;:&quot;&quot;}]}}\"><\/div>\n            <\/div>","protected":false},"excerpt":{"rendered":"<p>O senador e pr\u00e9-candidato a reelei\u00e7\u00e3o Ciro Nogueira (Progressistas) cumpriu, neste final de semana, uma agenda bastante movimentada em diversas cidades especialmente nas regi\u00f5es Sul e Sudeste do Piau\u00ed. Na&#8230;<\/p>\n","protected":false},"author":1,"featured_media":261571,"comment_status":"open","ping_status":"open","sticky":false,"template":"","format":"standard","meta":{"ngg_post_thumbnail":0,"footnotes":""},"categories":[243],"tags":[],"class_list":["post-261566","post","type-post","status-publish","format-standard","has-post-thumbnail","hentry","category-geral"],"views":8,"meta_data":{"thumb":"https:\/\/portalv1.com.br\/app\/wp-content\/uploads\/2026\/04\/WhatsApp-Image-2026-04-26-at-16.32.31-1.jpeg","imagem":{"fullsize":{"url":"https:\/\/portalv1.com.br\/app\/wp-content\/uploads\/2026\/04\/WhatsApp-Image-2026-04-26-at-16.32.31-1.jpeg","width":1280,"height":854},"medium":{"url":"https:\/\/portalv1.com.br\/app\/wp-content\/uploads\/2026\/04\/WhatsApp-Image-2026-04-26-at-16.32.31-1-300x200.jpeg","width":300,"height":200},"large":{"url":"https:\/\/portalv1.com.br\/app\/wp-content\/uploads\/2026\/04\/WhatsApp-Image-2026-04-26-at-16.32.31-1-640x427.jpeg","width":640,"height":427},"thumbnail":{"url":"https:\/\/portalv1.com.br\/app\/wp-content\/uploads\/2026\/04\/WhatsApp-Image-2026-04-26-at-16.32.31-1-100x100.jpeg","width":100,"height":100},"medium_large":{"url":"https:\/\/portalv1.com.br\/app\/wp-content\/uploads\/2026\/04\/WhatsApp-Image-2026-04-26-at-16.32.31-1-768x512.jpeg","width":768,"height":512}},"data":{"simple":"26\/04\/2026","date_time":"26\/04\/2026 19:46:19","date":"h\u00e1 5 horas"},"chapeu":"Saiba mais","source":"m_destacada"},"_links":{"self":[{"href":"https:\/\/portalv1.com.br\/api\/wp\/v2\/posts\/261566","targetHints":{"allow":["GET"]}}],"collection":[{"href":"https:\/\/portalv1.com.br\/api\/wp\/v2\/posts"}],"about":[{"href":"https:\/\/portalv1.com.br\/api\/wp\/v2\/types\/post"}],"author":[{"embeddable":true,"href":"https:\/\/portalv1.com.br\/api\/wp\/v2\/users\/1"}],"replies":[{"embeddable":true,"href":"https:\/\/portalv1.com.br\/api\/wp\/v2\/comments?post=261566"}],"version-history":[{"count":0,"href":"https:\/\/portalv1.com.br\/api\/wp\/v2\/posts\/261566\/revisions"}],"wp:featuredmedia":[{"embeddable":true,"href":"https:\/\/portalv1.com.br\/api\/wp\/v2\/media\/261571"}],"wp:attachment":[{"href":"https:\/\/portalv1.com.br\/api\/wp\/v2\/media?parent=261566"}],"wp:term":[{"taxonomy":"category","embeddable":true,"href":"https:\/\/portalv1.com.br\/api\/wp\/v2\/categories?post=261566"},{"taxonomy":"post_tag","embeddable":true,"href":"https:\/\/portalv1.com.br\/api\/wp\/v2\/tags?post=261566"}],"curies":[{"name":"wp","href":"https:\/\/api.w.org\/{rel}","templated":true}]}}