{"id":261691,"date":"2026-04-27T12:18:28","date_gmt":"2026-04-27T15:18:28","guid":{"rendered":"https:\/\/portalv1.com.br\/?p=261691"},"modified":"2026-04-27T12:18:29","modified_gmt":"2026-04-27T15:18:29","slug":"advogado-valenciano-participa-de-titulo-do-piaui-na-copa-norte-nordeste-da-alifa-brasil-em-maceio","status":"publish","type":"post","link":"https:\/\/portalv1.com.br\/advogado-valenciano-participa-de-titulo-do-piaui-na-copa-norte-nordeste-da-alifa-brasil-em-maceio\/","title":{"rendered":"Advogado valenciano participa de t\u00edtulo do Piau\u00ed na Copa Norte-Nordeste da ALIFA Brasil em Macei\u00f3"},"content":{"rendered":"\n<p>O advogado valenciano Matheus Iago teve participa\u00e7\u00e3o destacada na Copa Norte-Nordeste da ALIFA Brasil 2026, competi\u00e7\u00e3o que reuniu advogados atletas de diversos estados das regi\u00f5es Norte e Nordeste. O torneio foi realizado entre os dias 22 e 26 de abril, na cidade de Macei\u00f3, capital de Alagoas.<\/p>\n\n\n\n<p>Matheus Iago atuou como goleiro em duas categorias da competi\u00e7\u00e3o, Livre e Master, mostrando versatilidade e participa\u00e7\u00e3o ativa durante o torneio. Na categoria Livre, a sele\u00e7\u00e3o piauiense conquistou o t\u00edtulo ao vencer a equipe da Bahia na grande final por 1&#215;0. J\u00e1 na categoria Master, destinada a atletas entre 30 e 45 anos, a equipe do Piau\u00ed chegou at\u00e9 as quartas de final.<\/p>\n\n\n\n<p>Matheus que \u00e9 filho do casal Mauricelia e Z\u00e9 Gatinha destacou o alto n\u00edvel das partidas e a integra\u00e7\u00e3o entre os profissionais da advocacia durante o evento.<\/p>\n\n\n\n<p>\u201cFoi boa demais. Foi uma competi\u00e7\u00e3o equilibrada, de alto n\u00edvel. N\u00e3o \u00e9 porque \u00e9 de advogado, mas \u00e9 uma competi\u00e7\u00e3o forte, porque tem muito advogado que j\u00e1 jogou profissional e continua jogando no amador no dia a dia. Foi uma competi\u00e7\u00e3o bem pegada, mas que tamb\u00e9m \u00e9 um bom network\u201d, comentou.<\/p>\n\n\n\n<p>A Copa Norte-Nordeste da ALIFA Brasil \u00e9 considerada um dos maiores torneios esportivos da advocacia no pa\u00eds, reunindo sele\u00e7\u00f5es de advogados em diferentes categorias e promovendo integra\u00e7\u00e3o entre profissionais por meio do esporte.<\/p>\n\n\n\n<p>Ap\u00f3s a etapa regional, a pr\u00f3xima disputa j\u00e1 tem destino definido. Em novembro, a competi\u00e7\u00e3o ter\u00e1 sua etapa nacional, que acontecer\u00e1 na cidade de Recife, em Pernambuco com equipes de todo o pa\u00eds.<\/p>\n\n\n<div class=\"ngg-galleryoverview\" id=\"1\">\n              <div data-widget=\"Galeria\" data-props=\"{&quot;galeria&quot;:{&quot;max_page&quot;:1,&quot;total&quot;:3,&quot;gallery_id&quot;:1,&quot;images&quot;:[{&quot;thumbcode&quot;:&quot;https:\\\/\\\/portalv1.com.br\\\/app\\\/wp-content\\\/uploads\\\/2026\\\/04\\\/WhatsApp-Image-2026-04-27-at-11.20.58-400x250.jpeg&quot;,&quot;imageURL&quot;:&quot;https:\\\/\\\/portalv1.com.br\\\/app\\\/wp-content\\\/uploads\\\/2026\\\/04\\\/WhatsApp-Image-2026-04-27-at-11.20.58.jpeg&quot;,&quot;pid&quot;:261692,&quot;galleryid&quot;:1,&quot;description&quot;:&quot;&quot;,&quot;alttext&quot;:&quot;Advogado valenciano participa de t\\u00edtulo do Piau\\u00ed na Copa Norte-Nordeste da ALIFA Brasil em Macei\\u00f3&quot;,&quot;thumbnailURL&quot;:&quot;https:\\\/\\\/portalv1.com.br\\\/app\\\/wp-content\\\/uploads\\\/2026\\\/04\\\/WhatsApp-Image-2026-04-27-at-11.20.58-400x250.jpeg&quot;,&quot;style&quot;:&quot;&quot;},{&quot;thumbcode&quot;:&quot;https:\\\/\\\/portalv1.com.br\\\/app\\\/wp-content\\\/uploads\\\/2026\\\/04\\\/WhatsApp-Image-2026-04-26-at-13.17.00-1-400x250.jpeg&quot;,&quot;imageURL&quot;:&quot;https:\\\/\\\/portalv1.com.br\\\/app\\\/wp-content\\\/uploads\\\/2026\\\/04\\\/WhatsApp-Image-2026-04-26-at-13.17.00-1.jpeg&quot;,&quot;pid&quot;:261693,&quot;galleryid&quot;:1,&quot;description&quot;:&quot;&quot;,&quot;alttext&quot;:&quot;Advogado valenciano participa de t\\u00edtulo do Piau\\u00ed na Copa Norte-Nordeste da ALIFA Brasil em Macei\\u00f3&quot;,&quot;thumbnailURL&quot;:&quot;https:\\\/\\\/portalv1.com.br\\\/app\\\/wp-content\\\/uploads\\\/2026\\\/04\\\/WhatsApp-Image-2026-04-26-at-13.17.00-1-400x250.jpeg&quot;,&quot;style&quot;:&quot;&quot;},{&quot;thumbcode&quot;:&quot;https:\\\/\\\/portalv1.com.br\\\/app\\\/wp-content\\\/uploads\\\/2026\\\/04\\\/WhatsApp-Image-2026-04-26-at-13.17.00-400x250.jpeg&quot;,&quot;imageURL&quot;:&quot;https:\\\/\\\/portalv1.com.br\\\/app\\\/wp-content\\\/uploads\\\/2026\\\/04\\\/WhatsApp-Image-2026-04-26-at-13.17.00.jpeg&quot;,&quot;pid&quot;:261694,&quot;galleryid&quot;:1,&quot;description&quot;:&quot;&quot;,&quot;alttext&quot;:&quot;Advogado valenciano participa de t\\u00edtulo do Piau\\u00ed na Copa Norte-Nordeste da ALIFA Brasil em Macei\\u00f3&quot;,&quot;thumbnailURL&quot;:&quot;https:\\\/\\\/portalv1.com.br\\\/app\\\/wp-content\\\/uploads\\\/2026\\\/04\\\/WhatsApp-Image-2026-04-26-at-13.17.00-400x250.jpeg&quot;,&quot;style&quot;:&quot;&quot;}]}}\"><\/div>\n            <\/div>","protected":false},"excerpt":{"rendered":"<p>O advogado valenciano Matheus Iago teve participa\u00e7\u00e3o destacada na Copa Norte-Nordeste da ALIFA Brasil 2026, competi\u00e7\u00e3o que reuniu advogados atletas de diversos estados das regi\u00f5es Norte e Nordeste. O torneio&#8230;<\/p>\n","protected":false},"author":1,"featured_media":261695,"comment_status":"open","ping_status":"open","sticky":false,"template":"","format":"standard","meta":{"ngg_post_thumbnail":0,"footnotes":""},"categories":[243],"tags":[],"class_list":["post-261691","post","type-post","status-publish","format-standard","has-post-thumbnail","hentry","category-geral"],"views":118,"meta_data":{"thumb":"https:\/\/portalv1.com.br\/app\/wp-content\/uploads\/2026\/04\/Apresentacao1-13.jpg","imagem":{"fullsize":{"url":"https:\/\/portalv1.com.br\/app\/wp-content\/uploads\/2026\/04\/Apresentacao1-13.jpg","width":1280,"height":720},"medium":{"url":"https:\/\/portalv1.com.br\/app\/wp-content\/uploads\/2026\/04\/Apresentacao1-13-300x169.jpg","width":300,"height":169},"large":{"url":"https:\/\/portalv1.com.br\/app\/wp-content\/uploads\/2026\/04\/Apresentacao1-13-640x360.jpg","width":640,"height":360},"thumbnail":{"url":"https:\/\/portalv1.com.br\/app\/wp-content\/uploads\/2026\/04\/Apresentacao1-13-100x100.jpg","width":100,"height":100},"medium_large":{"url":"https:\/\/portalv1.com.br\/app\/wp-content\/uploads\/2026\/04\/Apresentacao1-13-768x432.jpg","width":768,"height":432}},"data":{"simple":"27\/04\/2026","date_time":"27\/04\/2026 09:18:28","date":"h\u00e1 5 horas"},"chapeu":"Saiba mais","source":"slide"},"_links":{"self":[{"href":"https:\/\/portalv1.com.br\/api\/wp\/v2\/posts\/261691","targetHints":{"allow":["GET"]}}],"collection":[{"href":"https:\/\/portalv1.com.br\/api\/wp\/v2\/posts"}],"about":[{"href":"https:\/\/portalv1.com.br\/api\/wp\/v2\/types\/post"}],"author":[{"embeddable":true,"href":"https:\/\/portalv1.com.br\/api\/wp\/v2\/users\/1"}],"replies":[{"embeddable":true,"href":"https:\/\/portalv1.com.br\/api\/wp\/v2\/comments?post=261691"}],"version-history":[{"count":0,"href":"https:\/\/portalv1.com.br\/api\/wp\/v2\/posts\/261691\/revisions"}],"wp:featuredmedia":[{"embeddable":true,"href":"https:\/\/portalv1.com.br\/api\/wp\/v2\/media\/261695"}],"wp:attachment":[{"href":"https:\/\/portalv1.com.br\/api\/wp\/v2\/media?parent=261691"}],"wp:term":[{"taxonomy":"category","embeddable":true,"href":"https:\/\/portalv1.com.br\/api\/wp\/v2\/categories?post=261691"},{"taxonomy":"post_tag","embeddable":true,"href":"https:\/\/portalv1.com.br\/api\/wp\/v2\/tags?post=261691"}],"curies":[{"name":"wp","href":"https:\/\/api.w.org\/{rel}","templated":true}]}}