{"id":261701,"date":"2026-04-27T16:17:36","date_gmt":"2026-04-27T19:17:36","guid":{"rendered":"https:\/\/portalv1.com.br\/?p=261701"},"modified":"2026-04-27T16:17:36","modified_gmt":"2026-04-27T19:17:36","slug":"previsao-indica-continuidade-de-chuvas-fortes-no-piaui","status":"publish","type":"post","link":"https:\/\/portalv1.com.br\/previsao-indica-continuidade-de-chuvas-fortes-no-piaui\/","title":{"rendered":"Previs\u00e3o indica continuidade de chuvas fortes no Piau\u00ed"},"content":{"rendered":"\n<p>O Piau\u00ed inicia a \u00faltima semana de abril sob alerta para chuvas, com previs\u00e3o de\u00a0maior intensidade nas regi\u00f5es Norte e Centro-Norte\u00a0do estado. O aviso do Instituto Nacional de Meteorologia (Inmet), v\u00e1lido nesta segunda-feira (27), \u00e9 de\u00a0perigo potencial, com chuva entre 20 e 30 mm por hora ou at\u00e9 50 mm por dia, al\u00e9m de ventos de at\u00e9 60 km\/h.<\/p>\n\n\n\n<p>A instabilidade \u00e9 provocada pela atua\u00e7\u00e3o da Zona de Converg\u00eancia Intertropical (ZCIT), principal sistema respons\u00e1vel pelas chuvas neste per\u00edodo, especialmente nessas regi\u00f5es.<\/p>\n\n\n\n<figure class=\"wp-block-image size-large\"><img loading=\"lazy\" decoding=\"async\" width=\"640\" height=\"905\" src=\"https:\/\/portalv1.com.br\/app\/wp-content\/uploads\/2026\/04\/chuva-640x905.jpeg\" alt=\"\" class=\"wp-image-261702\" srcset=\"https:\/\/portalv1.com.br\/app\/wp-content\/uploads\/2026\/04\/chuva-640x905.jpeg 640w, https:\/\/portalv1.com.br\/app\/wp-content\/uploads\/2026\/04\/chuva-300x424.jpeg 300w, https:\/\/portalv1.com.br\/app\/wp-content\/uploads\/2026\/04\/chuva-768x1086.jpeg 768w, https:\/\/portalv1.com.br\/app\/wp-content\/uploads\/2026\/04\/chuva-1086x1536.jpeg 1086w, https:\/\/portalv1.com.br\/app\/wp-content\/uploads\/2026\/04\/chuva.jpeg 1131w\" sizes=\"auto, (max-width: 640px) 100vw, 640px\" \/><\/figure>\n\n\n\n<p>Dados da Sala de Monitoramento da Secretaria de Meio Ambiente e Recursos H\u00eddricos (Semarh) mostram que o estado j\u00e1 vinha registrando volumes significativos de chuva nos \u00faltimos dias, principalmente na faixa Norte.<\/p>\n\n\n\n<p>Nas \u00faltimas 72 horas,\u00a0os maiores acumulados foram registrados em Miguel Alves (132 mm), Sigefredo Pacheco (109 mm), Piracuruca (104 mm) e Barras (103 mm), evidenciando a concentra\u00e7\u00e3o das chuvas na regi\u00e3o.<\/p>\n\n\n\n<p>Outros munic\u00edpios tamb\u00e9m tiveram volumes expressivos, como\u00a0Jos\u00e9 de Freitas (89 mm), Piripiri (88 mm) e Matias Ol\u00edmpio (80 mm).<\/p>\n\n\n\n<p>J\u00e1 no acumulado do m\u00eas, entre os dias 1\u00ba e 23 de abril, os maiores volumes se concentram no Norte do estado, com \u00e1reas que ultrapassam 300 mm, enquanto o Sul apresenta \u00edndices menores e distribui\u00e7\u00e3o mais irregular.<\/p>\n\n\n\n<p>A previs\u00e3o para esta segunda-feira (27) indica tempo inst\u00e1vel no Norte e Centro-Norte, com c\u00e9u nublado, pancadas de chuva e trovoadas. No litoral, as chuvas podem ocorrer com maior intensidade e acompanhadas de ventos moderados a fortes.<\/p>\n\n\n\n<p>Em Teresina, a tend\u00eancia \u00e9 de sol entre nuvens, com possibilidade de chuva isolada entre a tarde e a noite.<\/p>\n\n\n\n<p>J\u00e1 nas regi\u00f5es Sudeste e Sudoeste, o tempo varia entre parcialmente nublado e pancadas isoladas, com temperaturas mais elevadas, podendo chegar a 35\u00b0C.<\/p>\n\n\n\n<p>Nos pr\u00f3ximos dias, o padr\u00e3o deve se manter, com maior concentra\u00e7\u00e3o de chuva no Norte e Centro-Norte:<\/p>\n\n\n\n<p>Ter\u00e7a-feira (28):&nbsp;chuva continua no Norte, com trovoadas. No Centro-Norte, incluindo Teresina, h\u00e1 possibilidade de chuva isolada.<\/p>\n\n\n\n<p>Quarta-feira (29):&nbsp;pancadas persistem no Norte e litoral. No restante do estado, as chuvas devem ocorrer de forma mais irregular e com menor intensidade.<\/p>\n\n\n\n<ul class=\"wp-block-list\"><\/ul>\n\n\n\n<p>As temperaturas seguem elevadas, variando entre 30\u00b0C e 35\u00b0C em grande parte do estado.<\/p>\n\n\n\n<p>A previs\u00e3o para o restante da semana indica a continuidade das chuvas no Piau\u00ed, com maior concentra\u00e7\u00e3o nas regi\u00f5es Norte e Centro-Norte.<\/p>\n\n\n\n<p>De acordo com a Semarh, entre os dias 27 de abril e o in\u00edcio de maio, os maiores acumulados devem se manter nessas \u00e1reas, enquanto o Sul do estado segue com precipita\u00e7\u00f5es mais irregulares e de menor intensidade.<\/p>\n\n\n\n<p>O cen\u00e1rio \u00e9 influenciado pela atua\u00e7\u00e3o da ZCIT, que mant\u00e9m o tempo inst\u00e1vel no Norte do estado. A combina\u00e7\u00e3o desse sistema com condi\u00e7\u00f5es locais favorece a ocorr\u00eancia de temporais, com chuva concentrada em curto intervalo de tempo.<\/p>\n\n\n\n<p>Com isso, h\u00e1 possibilidade de impactos pontuais, como alagamentos, eleva\u00e7\u00e3o r\u00e1pida do n\u00edvel de pequenos rios e transtornos em \u00e1reas urbanas mais vulner\u00e1veis.<\/p>\n","protected":false},"excerpt":{"rendered":"<p>O Piau\u00ed inicia a \u00faltima semana de abril sob alerta para chuvas, com previs\u00e3o de\u00a0maior intensidade nas regi\u00f5es Norte e Centro-Norte\u00a0do estado. O aviso do Instituto Nacional de Meteorologia (Inmet),&#8230;<\/p>\n","protected":false},"author":1,"featured_media":254246,"comment_status":"open","ping_status":"open","sticky":false,"template":"","format":"standard","meta":{"ngg_post_thumbnail":0,"footnotes":""},"categories":[243],"tags":[],"class_list":["post-261701","post","type-post","status-publish","format-standard","has-post-thumbnail","hentry","category-geral"],"views":11,"meta_data":{"thumb":"https:\/\/portalv1.com.br\/app\/wp-content\/uploads\/2025\/12\/chuvas.jpg","imagem":{"fullsize":{"url":"https:\/\/portalv1.com.br\/app\/wp-content\/uploads\/2025\/12\/chuvas.jpg","width":797,"height":560},"medium":{"url":"https:\/\/portalv1.com.br\/app\/wp-content\/uploads\/2025\/12\/chuvas-300x211.jpg","width":300,"height":211},"large":{"url":"https:\/\/portalv1.com.br\/app\/wp-content\/uploads\/2025\/12\/chuvas-640x450.jpg","width":640,"height":450},"thumbnail":{"url":"https:\/\/portalv1.com.br\/app\/wp-content\/uploads\/2025\/12\/chuvas-100x100.jpg","width":100,"height":100},"medium_large":{"url":"https:\/\/portalv1.com.br\/app\/wp-content\/uploads\/2025\/12\/chuvas-768x540.jpg","width":768,"height":540}},"data":{"simple":"27\/04\/2026","date_time":"27\/04\/2026 13:17:36","date":"h\u00e1 9 horas"},"chapeu":"Saiba mais","source":"foto_menor"},"_links":{"self":[{"href":"https:\/\/portalv1.com.br\/api\/wp\/v2\/posts\/261701","targetHints":{"allow":["GET"]}}],"collection":[{"href":"https:\/\/portalv1.com.br\/api\/wp\/v2\/posts"}],"about":[{"href":"https:\/\/portalv1.com.br\/api\/wp\/v2\/types\/post"}],"author":[{"embeddable":true,"href":"https:\/\/portalv1.com.br\/api\/wp\/v2\/users\/1"}],"replies":[{"embeddable":true,"href":"https:\/\/portalv1.com.br\/api\/wp\/v2\/comments?post=261701"}],"version-history":[{"count":0,"href":"https:\/\/portalv1.com.br\/api\/wp\/v2\/posts\/261701\/revisions"}],"wp:featuredmedia":[{"embeddable":true,"href":"https:\/\/portalv1.com.br\/api\/wp\/v2\/media\/254246"}],"wp:attachment":[{"href":"https:\/\/portalv1.com.br\/api\/wp\/v2\/media?parent=261701"}],"wp:term":[{"taxonomy":"category","embeddable":true,"href":"https:\/\/portalv1.com.br\/api\/wp\/v2\/categories?post=261701"},{"taxonomy":"post_tag","embeddable":true,"href":"https:\/\/portalv1.com.br\/api\/wp\/v2\/tags?post=261701"}],"curies":[{"name":"wp","href":"https:\/\/api.w.org\/{rel}","templated":true}]}}