{"id":261703,"date":"2026-04-27T16:24:19","date_gmt":"2026-04-27T19:24:19","guid":{"rendered":"https:\/\/portalv1.com.br\/?p=261703"},"modified":"2026-04-27T16:24:19","modified_gmt":"2026-04-27T19:24:19","slug":"sasc-entrega-kits-ludicos-e-fortalece-acoes-da-primeira-infancia-em-ipiranga-e-mais-sete-municipios","status":"publish","type":"post","link":"https:\/\/portalv1.com.br\/sasc-entrega-kits-ludicos-e-fortalece-acoes-da-primeira-infancia-em-ipiranga-e-mais-sete-municipios\/","title":{"rendered":"Sasc entrega kits l\u00fadicos e fortalece a\u00e7\u00f5es da Primeira Inf\u00e2ncia em Ipiranga e mais sete munic\u00edpios"},"content":{"rendered":"\n<p>A Secretaria de Estado do Desenvolvimento e Assist\u00eancia Social, Fam\u00edlia e Combate \u00e0 Fome (Sasc), por meio da Superintend\u00eancia de Assist\u00eancia Social, realizou, nesta segunda-feira (27), na Escola de Gest\u00e3o do Sistema \u00danico da Assist\u00eancia Social (SUAS), o Caf\u00e9 do SUAS. O encontro reuniu gestores de oito munic\u00edpios da \u00e1rea da assist\u00eancia social, incluindo a capital Teresina, e marcou a entrega de kits l\u00fadicos para participantes do projeto-piloto da Trilha da Primeira Inf\u00e2ncia no Servi\u00e7o de Prote\u00e7\u00e3o e Atendimento Integral \u00e0 Fam\u00edlia (PAIF), desenvolvido em 2025.<\/p>\n\n\n\n<p>A iniciativa integra uma parceria entre o Minist\u00e9rio do Desenvolvimento e Assist\u00eancia Social, Fam\u00edlia e Combate \u00e0 Fome (MDS), a Sasc e os munic\u00edpios piauienses, com foco no fortalecimento das pol\u00edticas p\u00fablicas voltadas \u00e0 Primeira Inf\u00e2ncia.<\/p>\n\n\n\n<figure class=\"wp-block-image size-large\"><img loading=\"lazy\" decoding=\"async\" width=\"640\" height=\"480\" src=\"https:\/\/portalv1.com.br\/app\/wp-content\/uploads\/2026\/04\/10-640x480.jpg\" alt=\"\" class=\"wp-image-261704\" srcset=\"https:\/\/portalv1.com.br\/app\/wp-content\/uploads\/2026\/04\/10-640x480.jpg 640w, https:\/\/portalv1.com.br\/app\/wp-content\/uploads\/2026\/04\/10-300x225.jpg 300w, https:\/\/portalv1.com.br\/app\/wp-content\/uploads\/2026\/04\/10-768x576.jpg 768w, https:\/\/portalv1.com.br\/app\/wp-content\/uploads\/2026\/04\/10.jpg 1280w\" sizes=\"auto, (max-width: 640px) 100vw, 640px\" \/><\/figure>\n\n\n\n<p>O evento tamb\u00e9m funcionou como um espa\u00e7o de troca de experi\u00eancias e constru\u00e7\u00e3o coletiva, reunindo representantes dos munic\u00edpios envolvidos na Trilha da Primeira Inf\u00e2ncia no PAIF, al\u00e9m de oficializar a entrega dos kits para implanta\u00e7\u00e3o de salas l\u00fadicas. A proposta \u00e9 que esses espa\u00e7os sejam estruturados nos Centros de Refer\u00eancia da Assist\u00eancia Social (CRAS), oferecendo um ambiente acolhedor e adequado para o atendimento de crian\u00e7as de 0 a 6 anos. Foram contemplados os munic\u00edpios de Teresina, Oeiras, Parna\u00edba, Picos, Piripiri, S\u00e3o Jo\u00e3o do Piau\u00ed, Ipiranga e Tanque do Piau\u00ed.<\/p>\n\n\n\n<p>O secret\u00e1rio da Sasc, Jo\u00e3o de Deus Sousa, destacou a relev\u00e2ncia da iniciativa para o fortalecimento das pol\u00edticas p\u00fablicas voltadas \u00e0 inf\u00e2ncia. \u201cPara n\u00f3s, enquanto Secretaria da Assist\u00eancia Social, \u00e9 motivo de orgulho estarmos reunidos com todos voc\u00eas para testemunhar este momento t\u00e3o importante de avan\u00e7o nas pol\u00edticas voltadas \u00e0 Primeira Inf\u00e2ncia. Viva o Sistema \u00danico da Assist\u00eancia Social! E viva o trabalho dos t\u00e9cnicos da assist\u00eancia social! Sem eles, nada acontece\u201d, declarou o gestor.<\/p>\n\n\n<figure class=\"wp-block-post-featured-image\"><img loading=\"lazy\" decoding=\"async\" width=\"1280\" height=\"720\" src=\"https:\/\/portalv1.com.br\/app\/wp-content\/uploads\/2026\/04\/11.jpg\" class=\"attachment-post-thumbnail size-post-thumbnail wp-post-image\" alt=\"\" style=\"object-fit:cover;\" srcset=\"https:\/\/portalv1.com.br\/app\/wp-content\/uploads\/2026\/04\/11.jpg 1280w, https:\/\/portalv1.com.br\/app\/wp-content\/uploads\/2026\/04\/11-300x169.jpg 300w, https:\/\/portalv1.com.br\/app\/wp-content\/uploads\/2026\/04\/11-640x360.jpg 640w, https:\/\/portalv1.com.br\/app\/wp-content\/uploads\/2026\/04\/11-768x432.jpg 768w\" sizes=\"auto, (max-width: 1280px) 100vw, 1280px\" \/><\/figure>","protected":false},"excerpt":{"rendered":"<p>A Secretaria de Estado do Desenvolvimento e Assist\u00eancia Social, Fam\u00edlia e Combate \u00e0 Fome (Sasc), por meio da Superintend\u00eancia de Assist\u00eancia Social, realizou, nesta segunda-feira (27), na Escola de Gest\u00e3o&#8230;<\/p>\n","protected":false},"author":1,"featured_media":261705,"comment_status":"open","ping_status":"open","sticky":false,"template":"","format":"standard","meta":{"ngg_post_thumbnail":0,"footnotes":""},"categories":[243],"tags":[],"class_list":["post-261703","post","type-post","status-publish","format-standard","has-post-thumbnail","hentry","category-geral"],"views":8,"meta_data":{"thumb":"https:\/\/portalv1.com.br\/app\/wp-content\/uploads\/2026\/04\/11.jpg","imagem":{"fullsize":{"url":"https:\/\/portalv1.com.br\/app\/wp-content\/uploads\/2026\/04\/11.jpg","width":1280,"height":720},"medium":{"url":"https:\/\/portalv1.com.br\/app\/wp-content\/uploads\/2026\/04\/11-300x169.jpg","width":300,"height":169},"large":{"url":"https:\/\/portalv1.com.br\/app\/wp-content\/uploads\/2026\/04\/11-640x360.jpg","width":640,"height":360},"thumbnail":{"url":"https:\/\/portalv1.com.br\/app\/wp-content\/uploads\/2026\/04\/11-100x100.jpg","width":100,"height":100},"medium_large":{"url":"https:\/\/portalv1.com.br\/app\/wp-content\/uploads\/2026\/04\/11-768x432.jpg","width":768,"height":432}},"data":{"simple":"27\/04\/2026","date_time":"27\/04\/2026 13:24:19","date":"h\u00e1 4 horas"},"chapeu":"Veja como foi ","source":"foto_menor"},"_links":{"self":[{"href":"https:\/\/portalv1.com.br\/api\/wp\/v2\/posts\/261703","targetHints":{"allow":["GET"]}}],"collection":[{"href":"https:\/\/portalv1.com.br\/api\/wp\/v2\/posts"}],"about":[{"href":"https:\/\/portalv1.com.br\/api\/wp\/v2\/types\/post"}],"author":[{"embeddable":true,"href":"https:\/\/portalv1.com.br\/api\/wp\/v2\/users\/1"}],"replies":[{"embeddable":true,"href":"https:\/\/portalv1.com.br\/api\/wp\/v2\/comments?post=261703"}],"version-history":[{"count":0,"href":"https:\/\/portalv1.com.br\/api\/wp\/v2\/posts\/261703\/revisions"}],"wp:featuredmedia":[{"embeddable":true,"href":"https:\/\/portalv1.com.br\/api\/wp\/v2\/media\/261705"}],"wp:attachment":[{"href":"https:\/\/portalv1.com.br\/api\/wp\/v2\/media?parent=261703"}],"wp:term":[{"taxonomy":"category","embeddable":true,"href":"https:\/\/portalv1.com.br\/api\/wp\/v2\/categories?post=261703"},{"taxonomy":"post_tag","embeddable":true,"href":"https:\/\/portalv1.com.br\/api\/wp\/v2\/tags?post=261703"}],"curies":[{"name":"wp","href":"https:\/\/api.w.org\/{rel}","templated":true}]}}