{"id":261706,"date":"2026-04-27T16:39:28","date_gmt":"2026-04-27T19:39:28","guid":{"rendered":"https:\/\/portalv1.com.br\/?p=261706"},"modified":"2026-04-27T16:39:29","modified_gmt":"2026-04-27T19:39:29","slug":"premio-alfa-10-governo-do-estado-premia-150-escolas-e-celebra-tres-anos-do-pacto-pelas-criancas-nesta-terca-feira","status":"publish","type":"post","link":"https:\/\/portalv1.com.br\/premio-alfa-10-governo-do-estado-premia-150-escolas-e-celebra-tres-anos-do-pacto-pelas-criancas-nesta-terca-feira\/","title":{"rendered":"Pr\u00eamio Alfa-10: Governo do Estado premia 150 escolas e celebra tr\u00eas anos do Pacto pelas Crian\u00e7as nesta ter\u00e7a-feira"},"content":{"rendered":"\n<p>A educa\u00e7\u00e3o p\u00fablica do Piau\u00ed vive mais um momento de reconhecimento e celebra\u00e7\u00e3o. Nesta ter\u00e7a-feira (28), a partir das 14h, no Forma Bliss, em Teresina, acontece a premia\u00e7\u00e3o da 5\u00aa edi\u00e7\u00e3o do Pr\u00eamio Alfa-10, junto \u00e0s comemora\u00e7\u00f5es pelos tr\u00eas anos do Pacto pelas Crian\u00e7as do Piau\u00ed.<\/p>\n\n\n\n<p>Nesta edi\u00e7\u00e3o, 150 escolas que se destacaram pelos avan\u00e7os na alfabetiza\u00e7\u00e3o na idade certa ser\u00e3o premiadas. O reconhecimento \u00e9 baseado nos resultados do Sistema de Avalia\u00e7\u00e3o Educacional do Piau\u00ed (SAEPI), uma avalia\u00e7\u00e3o anual que funciona como um verdadeiro \u201craio-x\u201d da aprendizagem dos estudantes, especialmente em L\u00edngua Portuguesa e Matem\u00e1tica.<\/p>\n\n\n\n<p>As escolas com melhores resultados recebem premia\u00e7\u00e3o em dinheiro, com valores que variam de R$ 50 mil a R$ 100 mil, conforme o n\u00famero de alunos matriculados no 2\u00ba ano do ensino fundamental. Ao todo, o investimento nesta edi\u00e7\u00e3o chega a R$ 14 milh\u00f5es. No ano passado, 104 escolas foram premiadas, o que refor\u00e7a a amplia\u00e7\u00e3o e o alcance da pol\u00edtica.<\/p>\n\n\n\n<p>A premia\u00e7\u00e3o tamb\u00e9m dialoga diretamente com o Pacto pelas Crian\u00e7as do Piau\u00ed, coordenado pela primeira-dama Isabel Fonteles. O programa tem como foco o desenvolvimento integral da primeira inf\u00e2ncia, articulando a\u00e7\u00f5es entre \u00e1reas como educa\u00e7\u00e3o, sa\u00fade e assist\u00eancia social.<\/p>\n\n\n\n<p>O secret\u00e1rio de Estado da Educa\u00e7\u00e3o, Rodrigo Torres, destaca que os resultados da alfabetiza\u00e7\u00e3o no Piau\u00ed refletem um trabalho coletivo e uma pol\u00edtica educacional estruturada, comandada pelo governador Rafael Fonteles.<\/p>\n\n\n\n<p>\u201cOs avan\u00e7os que o Piau\u00ed vem conquistando na alfabetiza\u00e7\u00e3o s\u00e3o resultado de um esfor\u00e7o conjunto entre Estado e munic\u00edpios. O Alfa-10 reconhece esse trabalho e, ao mesmo tempo, fortalece quem ainda precisa avan\u00e7ar. \u00c9 uma pol\u00edtica que valoriza resultados, mas tamb\u00e9m promove coopera\u00e7\u00e3o, garantindo que nenhuma escola e nenhum estudante fique para tr\u00e1s\u201d, afirmou.<\/p>\n\n\n\n<p>O Pr\u00eamio Alfa-10 \u00e9 uma iniciativa do Governo do Estado que valoriza escolas p\u00fablicas com destaque no desempenho dos estudantes nessa etapa decisiva da educa\u00e7\u00e3o b\u00e1sica.<\/p>\n\n\n\n<p>Mais do que reconhecer resultados, o Alfa-10 tamb\u00e9m fortalece a colabora\u00e7\u00e3o entre as escolas. Outras 150 unidades, que enfrentam maiores desafios nos indicadores, tamb\u00e9m recebem apoio financeiro para implementar planos de melhoria. Essas s\u00e3o as chamadas escolas asseguradas, que passam a contar com acompanhamento mais pr\u00f3ximo para avan\u00e7ar na aprendizagem dos estudantes. Para receber o incentivo, as escolas precisam atender a crit\u00e9rios como ter pelo menos 15 alunos matriculados no 2\u00ba ano, alcan\u00e7ar m\u00e9dia entre 8,5 e 10 no IDEPI-Alfa e garantir a participa\u00e7\u00e3o de, no m\u00ednimo, 90% dos estudantes na avalia\u00e7\u00e3o.<\/p>\n\n\n\n<p><strong>SERVI\u00c7O<\/strong><\/p>\n\n\n\n<p>5\u00b0 Pr\u00eamio Alfa-10 e Anivers\u00e1rio do Pacto pelas Crian\u00e7as<\/p>\n\n\n\n<p>Data: 28 de abril (ter\u00e7a-feira)<\/p>\n\n\n\n<p>Hor\u00e1rio: 14h<\/p>\n\n\n\n<p>Local: Forma Bliss \u2013 Rua 31 de de mar\u00e7o, 1941, Bairro Ininga \u2013 Teresina<\/p>\n","protected":false},"excerpt":{"rendered":"<p>A educa\u00e7\u00e3o p\u00fablica do Piau\u00ed vive mais um momento de reconhecimento e celebra\u00e7\u00e3o. Nesta ter\u00e7a-feira (28), a partir das 14h, no Forma Bliss, em Teresina, acontece a premia\u00e7\u00e3o da 5\u00aa&#8230;<\/p>\n","protected":false},"author":1,"featured_media":261707,"comment_status":"open","ping_status":"open","sticky":false,"template":"","format":"standard","meta":{"ngg_post_thumbnail":0,"footnotes":""},"categories":[243],"tags":[],"class_list":["post-261706","post","type-post","status-publish","format-standard","has-post-thumbnail","hentry","category-geral"],"views":18,"meta_data":{"thumb":"https:\/\/portalv1.com.br\/app\/wp-content\/uploads\/2026\/04\/alfa.jpeg","imagem":{"fullsize":{"url":"https:\/\/portalv1.com.br\/app\/wp-content\/uploads\/2026\/04\/alfa.jpeg","width":1600,"height":1022},"medium":{"url":"https:\/\/portalv1.com.br\/app\/wp-content\/uploads\/2026\/04\/alfa-300x192.jpeg","width":300,"height":192},"large":{"url":"https:\/\/portalv1.com.br\/app\/wp-content\/uploads\/2026\/04\/alfa-640x409.jpeg","width":640,"height":409},"thumbnail":{"url":"https:\/\/portalv1.com.br\/app\/wp-content\/uploads\/2026\/04\/alfa-100x100.jpeg","width":100,"height":100},"medium_large":{"url":"https:\/\/portalv1.com.br\/app\/wp-content\/uploads\/2026\/04\/alfa-768x491.jpeg","width":768,"height":491},"1536x1536":{"url":"https:\/\/portalv1.com.br\/app\/wp-content\/uploads\/2026\/04\/alfa-1536x981.jpeg","width":1536,"height":981}},"data":{"simple":"27\/04\/2026","date_time":"27\/04\/2026 13:39:28","date":"h\u00e1 3 horas"},"chapeu":"Saiba mais","source":"foto_menor"},"_links":{"self":[{"href":"https:\/\/portalv1.com.br\/api\/wp\/v2\/posts\/261706","targetHints":{"allow":["GET"]}}],"collection":[{"href":"https:\/\/portalv1.com.br\/api\/wp\/v2\/posts"}],"about":[{"href":"https:\/\/portalv1.com.br\/api\/wp\/v2\/types\/post"}],"author":[{"embeddable":true,"href":"https:\/\/portalv1.com.br\/api\/wp\/v2\/users\/1"}],"replies":[{"embeddable":true,"href":"https:\/\/portalv1.com.br\/api\/wp\/v2\/comments?post=261706"}],"version-history":[{"count":0,"href":"https:\/\/portalv1.com.br\/api\/wp\/v2\/posts\/261706\/revisions"}],"wp:featuredmedia":[{"embeddable":true,"href":"https:\/\/portalv1.com.br\/api\/wp\/v2\/media\/261707"}],"wp:attachment":[{"href":"https:\/\/portalv1.com.br\/api\/wp\/v2\/media?parent=261706"}],"wp:term":[{"taxonomy":"category","embeddable":true,"href":"https:\/\/portalv1.com.br\/api\/wp\/v2\/categories?post=261706"},{"taxonomy":"post_tag","embeddable":true,"href":"https:\/\/portalv1.com.br\/api\/wp\/v2\/tags?post=261706"}],"curies":[{"name":"wp","href":"https:\/\/api.w.org\/{rel}","templated":true}]}}