{"id":261708,"date":"2026-04-27T17:52:03","date_gmt":"2026-04-27T20:52:03","guid":{"rendered":"https:\/\/portalv1.com.br\/?p=261708"},"modified":"2026-04-27T17:52:04","modified_gmt":"2026-04-27T20:52:04","slug":"deputado-dr-vinicius-recebe-titulo-de-cidadao-campomaiorense-em-solenidade-na-camara-municipal","status":"publish","type":"post","link":"https:\/\/portalv1.com.br\/deputado-dr-vinicius-recebe-titulo-de-cidadao-campomaiorense-em-solenidade-na-camara-municipal\/","title":{"rendered":"Deputado Dr. Vinicius recebe t\u00edtulo de Cidad\u00e3o Campomaiorense em solenidade na C\u00e2mara Municipal"},"content":{"rendered":"\n<p>O deputado estadual Dr. Vinicius Nascimento (PT) recebeu nesta segunda-feira (27) o T\u00edtulo de Cidad\u00e3o Campomaiorense, em solenidade realizada \u00e0s 9h da manh\u00e3 no plen\u00e1rio Francisco das Chagas Oliveira, na C\u00e2mara Municipal de Campo Maior.<\/p>\n\n\n\n<p>A homenagem foi proposta pela vereadora Jacinta Bandeira, que destacou durante a sess\u00e3o o significado da honraria e a contribui\u00e7\u00e3o do parlamentar, especialmente nas \u00e1reas da sa\u00fade e da defesa das crian\u00e7as.<\/p>\n\n\n\n<p>Segundo a vereadora, o t\u00edtulo representa uma forma de reconhecimento do munic\u00edpio \u00e0queles que contribuem para o desenvolvimento da cidade.<\/p>\n\n\n\n<p>\u201cO t\u00edtulo de cidad\u00e3o campomaiorense representa a gratid\u00e3o, respeito e pertencimento. \u00c9 o reconhecimento oficial de Campo Maior \u00e0queles que ajudaram a escrever e continuam fortalecendo a nossa hist\u00f3ria\u201d, afirmou.<\/p>\n\n\n\n<p>Jacinta Bandeira tamb\u00e9m ressaltou a admira\u00e7\u00e3o pessoal que tem pelo deputado e sua forma de lidar com as pessoas.<\/p>\n\n\n\n<p>\u201cDr. Vinicius \u00e9 um segundo filho que eu tenho. Eu gostei do Dr. Vinicius desde o primeiro momento que eu o conheci, porque \u00e9 um rapaz carism\u00e1tico e gosta de conversar com gente\u201d, declarou.<\/p>\n\n\n\n<p>Durante seu pronunciamento, Dr. Vinicius agradeceu a homenagem e destacou sua vis\u00e3o sobre a atua\u00e7\u00e3o pol\u00edtica e o compromisso com a popula\u00e7\u00e3o.<\/p>\n\n\n\n<p>\u201cHoje podendo estar dentro da pol\u00edtica, eu queria que Campo Maior soubesse que pol\u00edtica para mim \u00e9 compromisso, \u00e9 fidelidade, \u00e9 amizade, \u00e9 respeito e muita transpar\u00eancia. Se voc\u00ea quiser fazer pol\u00edtica de verdade, voc\u00ea tem que ter lado, voc\u00ea tem que ter posicionamento, voc\u00ea tem que saber como vai agir. E s\u00f3 tem um lado, que \u00e9 o povo. Por isso que a gente tem que estar pegando nas pessoas, escutando, sabendo as dores reais\u201d, afirmou.<\/p>\n\n\n\n<p>O parlamentar tamb\u00e9m agradeceu \u00e0 C\u00e2mara Municipal e \u00e0s lideran\u00e7as locais pela homenagem recebida.<\/p>\n\n\n\n<p>\u201cQueria agradecer de cora\u00e7\u00e3o, de verdade, a toda a C\u00e2mara, em especial aqui ao Devan e \u00e0 professora Jacinta Bandeira que nos acompanha, e dizer que eu acredito nesse projeto de Campo Maior. Eu acredito que a gente tem todas as condi\u00e7\u00f5es de fazer uma transforma\u00e7\u00e3o real dentro das casas, dentro do cora\u00e7\u00e3o\u201d, destacou o deputado que finalizou.<\/p>\n\n\n\n<p>\u201cReceber esse t\u00edtulo \u00e9, antes de tudo, receber um compromisso. E \u00e9 assim que o recebo\u201d, concluiu.<\/p>\n\n\n<div class=\"ngg-galleryoverview\" id=\"1\">\n              <div data-widget=\"Galeria\" data-props=\"{&quot;galeria&quot;:{&quot;max_page&quot;:1,&quot;total&quot;:7,&quot;gallery_id&quot;:1,&quot;images&quot;:[{&quot;thumbcode&quot;:&quot;https:\\\/\\\/portalv1.com.br\\\/app\\\/wp-content\\\/uploads\\\/2026\\\/04\\\/655759923_18187699537374191_3897044998845203065_n-400x250.jpg&quot;,&quot;imageURL&quot;:&quot;https:\\\/\\\/portalv1.com.br\\\/app\\\/wp-content\\\/uploads\\\/2026\\\/04\\\/655759923_18187699537374191_3897044998845203065_n.jpg&quot;,&quot;pid&quot;:261709,&quot;galleryid&quot;:1,&quot;description&quot;:&quot;&quot;,&quot;alttext&quot;:&quot;Deputado Dr. Vinicius recebe t\\u00edtulo de Cidad\\u00e3o Campomaiorense em solenidade na C\\u00e2mara Municipal&quot;,&quot;thumbnailURL&quot;:&quot;https:\\\/\\\/portalv1.com.br\\\/app\\\/wp-content\\\/uploads\\\/2026\\\/04\\\/655759923_18187699537374191_3897044998845203065_n-400x250.jpg&quot;,&quot;style&quot;:&quot;&quot;},{&quot;thumbcode&quot;:&quot;https:\\\/\\\/portalv1.com.br\\\/app\\\/wp-content\\\/uploads\\\/2026\\\/04\\\/682070666_18187699546374191_2509510842221408093_n-400x250.jpg&quot;,&quot;imageURL&quot;:&quot;https:\\\/\\\/portalv1.com.br\\\/app\\\/wp-content\\\/uploads\\\/2026\\\/04\\\/682070666_18187699546374191_2509510842221408093_n.jpg&quot;,&quot;pid&quot;:261710,&quot;galleryid&quot;:1,&quot;description&quot;:&quot;&quot;,&quot;alttext&quot;:&quot;Deputado Dr. Vinicius recebe t\\u00edtulo de Cidad\\u00e3o Campomaiorense em solenidade na C\\u00e2mara Municipal&quot;,&quot;thumbnailURL&quot;:&quot;https:\\\/\\\/portalv1.com.br\\\/app\\\/wp-content\\\/uploads\\\/2026\\\/04\\\/682070666_18187699546374191_2509510842221408093_n-400x250.jpg&quot;,&quot;style&quot;:&quot;&quot;},{&quot;thumbcode&quot;:&quot;https:\\\/\\\/portalv1.com.br\\\/app\\\/wp-content\\\/uploads\\\/2026\\\/04\\\/682657913_18187699501374191_2358282223147879371_n-400x250.jpg&quot;,&quot;imageURL&quot;:&quot;https:\\\/\\\/portalv1.com.br\\\/app\\\/wp-content\\\/uploads\\\/2026\\\/04\\\/682657913_18187699501374191_2358282223147879371_n.jpg&quot;,&quot;pid&quot;:261711,&quot;galleryid&quot;:1,&quot;description&quot;:&quot;&quot;,&quot;alttext&quot;:&quot;Deputado Dr. Vinicius recebe t\\u00edtulo de Cidad\\u00e3o Campomaiorense em solenidade na C\\u00e2mara Municipal&quot;,&quot;thumbnailURL&quot;:&quot;https:\\\/\\\/portalv1.com.br\\\/app\\\/wp-content\\\/uploads\\\/2026\\\/04\\\/682657913_18187699501374191_2358282223147879371_n-400x250.jpg&quot;,&quot;style&quot;:&quot;&quot;},{&quot;thumbcode&quot;:&quot;https:\\\/\\\/portalv1.com.br\\\/app\\\/wp-content\\\/uploads\\\/2026\\\/04\\\/682164755_18187699564374191_2499081315402822078_n-400x250.jpg&quot;,&quot;imageURL&quot;:&quot;https:\\\/\\\/portalv1.com.br\\\/app\\\/wp-content\\\/uploads\\\/2026\\\/04\\\/682164755_18187699564374191_2499081315402822078_n.jpg&quot;,&quot;pid&quot;:261712,&quot;galleryid&quot;:1,&quot;description&quot;:&quot;&quot;,&quot;alttext&quot;:&quot;Deputado Dr. Vinicius recebe t\\u00edtulo de Cidad\\u00e3o Campomaiorense em solenidade na C\\u00e2mara Municipal&quot;,&quot;thumbnailURL&quot;:&quot;https:\\\/\\\/portalv1.com.br\\\/app\\\/wp-content\\\/uploads\\\/2026\\\/04\\\/682164755_18187699564374191_2499081315402822078_n-400x250.jpg&quot;,&quot;style&quot;:&quot;&quot;},{&quot;thumbcode&quot;:&quot;https:\\\/\\\/portalv1.com.br\\\/app\\\/wp-content\\\/uploads\\\/2026\\\/04\\\/681388041_18187699555374191_1887529943628243248_n-400x250.jpg&quot;,&quot;imageURL&quot;:&quot;https:\\\/\\\/portalv1.com.br\\\/app\\\/wp-content\\\/uploads\\\/2026\\\/04\\\/681388041_18187699555374191_1887529943628243248_n.jpg&quot;,&quot;pid&quot;:261713,&quot;galleryid&quot;:1,&quot;description&quot;:&quot;&quot;,&quot;alttext&quot;:&quot;Deputado Dr. Vinicius recebe t\\u00edtulo de Cidad\\u00e3o Campomaiorense em solenidade na C\\u00e2mara Municipal&quot;,&quot;thumbnailURL&quot;:&quot;https:\\\/\\\/portalv1.com.br\\\/app\\\/wp-content\\\/uploads\\\/2026\\\/04\\\/681388041_18187699555374191_1887529943628243248_n-400x250.jpg&quot;,&quot;style&quot;:&quot;&quot;},{&quot;thumbcode&quot;:&quot;https:\\\/\\\/portalv1.com.br\\\/app\\\/wp-content\\\/uploads\\\/2026\\\/04\\\/682598685_18187699510374191_861169759435945121_n-400x250.jpg&quot;,&quot;imageURL&quot;:&quot;https:\\\/\\\/portalv1.com.br\\\/app\\\/wp-content\\\/uploads\\\/2026\\\/04\\\/682598685_18187699510374191_861169759435945121_n.jpg&quot;,&quot;pid&quot;:261714,&quot;galleryid&quot;:1,&quot;description&quot;:&quot;&quot;,&quot;alttext&quot;:&quot;Deputado Dr. Vinicius recebe t\\u00edtulo de Cidad\\u00e3o Campomaiorense em solenidade na C\\u00e2mara Municipal&quot;,&quot;thumbnailURL&quot;:&quot;https:\\\/\\\/portalv1.com.br\\\/app\\\/wp-content\\\/uploads\\\/2026\\\/04\\\/682598685_18187699510374191_861169759435945121_n-400x250.jpg&quot;,&quot;style&quot;:&quot;&quot;},{&quot;thumbcode&quot;:&quot;https:\\\/\\\/portalv1.com.br\\\/app\\\/wp-content\\\/uploads\\\/2026\\\/04\\\/682648688_18187699525374191_3846215876290030034_n-400x250.jpg&quot;,&quot;imageURL&quot;:&quot;https:\\\/\\\/portalv1.com.br\\\/app\\\/wp-content\\\/uploads\\\/2026\\\/04\\\/682648688_18187699525374191_3846215876290030034_n.jpg&quot;,&quot;pid&quot;:261715,&quot;galleryid&quot;:1,&quot;description&quot;:&quot;&quot;,&quot;alttext&quot;:&quot;Deputado Dr. Vinicius recebe t\\u00edtulo de Cidad\\u00e3o Campomaiorense em solenidade na C\\u00e2mara Municipal&quot;,&quot;thumbnailURL&quot;:&quot;https:\\\/\\\/portalv1.com.br\\\/app\\\/wp-content\\\/uploads\\\/2026\\\/04\\\/682648688_18187699525374191_3846215876290030034_n-400x250.jpg&quot;,&quot;style&quot;:&quot;&quot;}]}}\"><\/div>\n            <\/div>","protected":false},"excerpt":{"rendered":"<p>O deputado estadual Dr. Vinicius Nascimento (PT) recebeu nesta segunda-feira (27) o T\u00edtulo de Cidad\u00e3o Campomaiorense, em solenidade realizada \u00e0s 9h da manh\u00e3 no plen\u00e1rio Francisco das Chagas Oliveira, na&#8230;<\/p>\n","protected":false},"author":1,"featured_media":261716,"comment_status":"open","ping_status":"open","sticky":false,"template":"","format":"standard","meta":{"ngg_post_thumbnail":0,"footnotes":""},"categories":[243],"tags":[],"class_list":["post-261708","post","type-post","status-publish","format-standard","has-post-thumbnail","hentry","category-geral"],"views":20,"meta_data":{"thumb":"https:\/\/portalv1.com.br\/app\/wp-content\/uploads\/2026\/04\/WhatsApp-Image-2026-04-27-at-17.51.26.jpeg","imagem":{"fullsize":{"url":"https:\/\/portalv1.com.br\/app\/wp-content\/uploads\/2026\/04\/WhatsApp-Image-2026-04-27-at-17.51.26.jpeg","width":1080,"height":675},"medium":{"url":"https:\/\/portalv1.com.br\/app\/wp-content\/uploads\/2026\/04\/WhatsApp-Image-2026-04-27-at-17.51.26-300x188.jpeg","width":300,"height":188},"large":{"url":"https:\/\/portalv1.com.br\/app\/wp-content\/uploads\/2026\/04\/WhatsApp-Image-2026-04-27-at-17.51.26-640x400.jpeg","width":640,"height":400},"thumbnail":{"url":"https:\/\/portalv1.com.br\/app\/wp-content\/uploads\/2026\/04\/WhatsApp-Image-2026-04-27-at-17.51.26-100x100.jpeg","width":100,"height":100},"medium_large":{"url":"https:\/\/portalv1.com.br\/app\/wp-content\/uploads\/2026\/04\/WhatsApp-Image-2026-04-27-at-17.51.26-768x480.jpeg","width":768,"height":480}},"data":{"simple":"27\/04\/2026","date_time":"27\/04\/2026 14:52:03","date":"h\u00e1 3 horas"},"chapeu":"Reconhecimento ","source":"slide"},"_links":{"self":[{"href":"https:\/\/portalv1.com.br\/api\/wp\/v2\/posts\/261708","targetHints":{"allow":["GET"]}}],"collection":[{"href":"https:\/\/portalv1.com.br\/api\/wp\/v2\/posts"}],"about":[{"href":"https:\/\/portalv1.com.br\/api\/wp\/v2\/types\/post"}],"author":[{"embeddable":true,"href":"https:\/\/portalv1.com.br\/api\/wp\/v2\/users\/1"}],"replies":[{"embeddable":true,"href":"https:\/\/portalv1.com.br\/api\/wp\/v2\/comments?post=261708"}],"version-history":[{"count":0,"href":"https:\/\/portalv1.com.br\/api\/wp\/v2\/posts\/261708\/revisions"}],"wp:featuredmedia":[{"embeddable":true,"href":"https:\/\/portalv1.com.br\/api\/wp\/v2\/media\/261716"}],"wp:attachment":[{"href":"https:\/\/portalv1.com.br\/api\/wp\/v2\/media?parent=261708"}],"wp:term":[{"taxonomy":"category","embeddable":true,"href":"https:\/\/portalv1.com.br\/api\/wp\/v2\/categories?post=261708"},{"taxonomy":"post_tag","embeddable":true,"href":"https:\/\/portalv1.com.br\/api\/wp\/v2\/tags?post=261708"}],"curies":[{"name":"wp","href":"https:\/\/api.w.org\/{rel}","templated":true}]}}