{"id":261721,"date":"2026-04-28T09:07:25","date_gmt":"2026-04-28T12:07:25","guid":{"rendered":"https:\/\/portalv1.com.br\/?p=261721"},"modified":"2026-04-28T10:09:18","modified_gmt":"2026-04-28T13:09:18","slug":"organizacao-cancela-vaquejada-que-aconteceria-no-parque-serra-azul-em-aroazes","status":"publish","type":"post","link":"https:\/\/portalv1.com.br\/organizacao-cancela-vaquejada-que-aconteceria-no-parque-serra-azul-em-aroazes\/","title":{"rendered":"Organiza\u00e7\u00e3o cancela vaquejada que aconteceria no Parque Serra Azul em Aroazes"},"content":{"rendered":"\n<p>A comiss\u00e3o organizadora da 2\u00aa Etapa do Circuito Regional de Vaquejada anunciou, nesta ter\u00e7a-feira (28), o cancelamento do evento que estava previsto para acontecer a partir desta quinta-feira (30), no Parque Serra Azul, na cidade de Aroazes.<\/p>\n\n\n\n<p>De acordo com comunicado divulgado pelo Grupo MF, respons\u00e1vel pela organiza\u00e7\u00e3o, a decis\u00e3o foi tomada em raz\u00e3o do falecimento da senhora Branca do Jo\u00e3o Francisco como era conhecida carinhosamente, esposa do presidente da C\u00e2mara Municipal de Aroazes<\/p>\n\n\n\n<p>Em respeito ao momento de luto vivido pela fam\u00edlia e pela comunidade, a organiza\u00e7\u00e3o optou pelo cancelamento da programa\u00e7\u00e3o que reuniria vaqueiros e p\u00fablico de toda a regi\u00e3o.<\/p>\n\n\n\n<p><strong>NOTA DE CANCELAMENTO<\/strong><\/p>\n\n\n\n<p>Hoje fomos surpreendidos com a triste not\u00edcia do falecimento de nossa querida e estimada amiga Branca do Jo\u00e3o Francisco, Presidente da C\u00e2mara de Vereadores, como era carinhosamente conhecida na cidade de Aroazes.<\/p>\n\n\n\n<p>Diante desse momento de dor e respeito, o Parque Serra Azul comunica aos vaqueiros, amigos e toda a equipe do Circuito CRV que a vaquejada que seria realizada nos dias 30 de abril, 01 e 02 de maio est\u00e1 cancelada.<\/p>\n\n\n\n<p>Agradecemos a compreens\u00e3o de todos e manifestamos nossos mais sinceros sentimentos aos familiares e amigos desta grande mulher, que deixa uma linda fam\u00edlia e parte para junto do Pai Celestial. &#x1f64f;&#x1f64f;&#x1f64f;<\/p>\n\n\n\n<p>GRUPO MF<\/p>\n\n\n<figure class=\"wp-block-post-featured-image\"><img loading=\"lazy\" decoding=\"async\" width=\"1280\" height=\"720\" src=\"https:\/\/portalv1.com.br\/app\/wp-content\/uploads\/2026\/04\/fg.jpg\" class=\"attachment-post-thumbnail size-post-thumbnail wp-post-image\" alt=\"\" style=\"object-fit:cover;\" srcset=\"https:\/\/portalv1.com.br\/app\/wp-content\/uploads\/2026\/04\/fg.jpg 1280w, https:\/\/portalv1.com.br\/app\/wp-content\/uploads\/2026\/04\/fg-300x169.jpg 300w, https:\/\/portalv1.com.br\/app\/wp-content\/uploads\/2026\/04\/fg-640x360.jpg 640w, https:\/\/portalv1.com.br\/app\/wp-content\/uploads\/2026\/04\/fg-768x432.jpg 768w\" sizes=\"auto, (max-width: 1280px) 100vw, 1280px\" \/><\/figure>","protected":false},"excerpt":{"rendered":"<p>A comiss\u00e3o organizadora da 2\u00aa Etapa do Circuito Regional de Vaquejada anunciou, nesta ter\u00e7a-feira (28), o cancelamento do evento que estava previsto para acontecer a partir desta quinta-feira (30), no&#8230;<\/p>\n","protected":false},"author":1,"featured_media":261723,"comment_status":"open","ping_status":"open","sticky":false,"template":"","format":"standard","meta":{"ngg_post_thumbnail":0,"footnotes":""},"categories":[243],"tags":[],"class_list":["post-261721","post","type-post","status-publish","format-standard","has-post-thumbnail","hentry","category-geral"],"views":244,"meta_data":{"thumb":"https:\/\/portalv1.com.br\/app\/wp-content\/uploads\/2026\/04\/fg.jpg","imagem":{"fullsize":{"url":"https:\/\/portalv1.com.br\/app\/wp-content\/uploads\/2026\/04\/fg.jpg","width":1280,"height":720},"medium":{"url":"https:\/\/portalv1.com.br\/app\/wp-content\/uploads\/2026\/04\/fg-300x169.jpg","width":300,"height":169},"large":{"url":"https:\/\/portalv1.com.br\/app\/wp-content\/uploads\/2026\/04\/fg-640x360.jpg","width":640,"height":360},"thumbnail":{"url":"https:\/\/portalv1.com.br\/app\/wp-content\/uploads\/2026\/04\/fg-100x100.jpg","width":100,"height":100},"medium_large":{"url":"https:\/\/portalv1.com.br\/app\/wp-content\/uploads\/2026\/04\/fg-768x432.jpg","width":768,"height":432}},"data":{"simple":"28\/04\/2026","date_time":"28\/04\/2026 06:07:25","date":"h\u00e1 19 horas"},"chapeu":"Luto","source":"m_destacada"},"_links":{"self":[{"href":"https:\/\/portalv1.com.br\/api\/wp\/v2\/posts\/261721","targetHints":{"allow":["GET"]}}],"collection":[{"href":"https:\/\/portalv1.com.br\/api\/wp\/v2\/posts"}],"about":[{"href":"https:\/\/portalv1.com.br\/api\/wp\/v2\/types\/post"}],"author":[{"embeddable":true,"href":"https:\/\/portalv1.com.br\/api\/wp\/v2\/users\/1"}],"replies":[{"embeddable":true,"href":"https:\/\/portalv1.com.br\/api\/wp\/v2\/comments?post=261721"}],"version-history":[{"count":0,"href":"https:\/\/portalv1.com.br\/api\/wp\/v2\/posts\/261721\/revisions"}],"wp:featuredmedia":[{"embeddable":true,"href":"https:\/\/portalv1.com.br\/api\/wp\/v2\/media\/261723"}],"wp:attachment":[{"href":"https:\/\/portalv1.com.br\/api\/wp\/v2\/media?parent=261721"}],"wp:term":[{"taxonomy":"category","embeddable":true,"href":"https:\/\/portalv1.com.br\/api\/wp\/v2\/categories?post=261721"},{"taxonomy":"post_tag","embeddable":true,"href":"https:\/\/portalv1.com.br\/api\/wp\/v2\/tags?post=261721"}],"curies":[{"name":"wp","href":"https:\/\/api.w.org\/{rel}","templated":true}]}}