{"id":261762,"date":"2026-04-29T14:57:30","date_gmt":"2026-04-29T17:57:30","guid":{"rendered":"https:\/\/portalv1.com.br\/?p=261762"},"modified":"2026-04-29T14:57:30","modified_gmt":"2026-04-29T17:57:30","slug":"deputado-julio-cesar-reune-vereadores-do-piaui-em-brasilia-durante-marcha-nacional","status":"publish","type":"post","link":"https:\/\/portalv1.com.br\/deputado-julio-cesar-reune-vereadores-do-piaui-em-brasilia-durante-marcha-nacional\/","title":{"rendered":"Deputado J\u00falio C\u00e9sar re\u00fane vereadores do Piau\u00ed em Bras\u00edlia durante marcha nacional"},"content":{"rendered":"\n<p>O deputado federal J\u00falio C\u00e9sar promoveu, na noite desta ter\u00e7a-feira (28), um jantar em Bras\u00edlia reunindo vereadores de diversas cidades do Piau\u00ed que participam da Marcha dos Vereadores. O encontro teve como objetivo fortalecer o di\u00e1logo entre o parlamentar e lideran\u00e7as municipais, al\u00e9m de discutir pautas de interesse direto dos munic\u00edpios.<\/p>\n\n\n\n<p>A Marcha dos Vereadores \u00e9 um dos principais eventos do municipalismo brasileiro, reunindo representantes do legislativo municipal de todo o pa\u00eds para debater temas como financiamento p\u00fablico, autonomia municipal e fortalecimento das c\u00e2maras legislativas.<\/p>\n\n\n\n<p>Durante o jantar, J\u00falio C\u00e9sar destacou o papel estrat\u00e9gico dos vereadores na estrutura pol\u00edtica brasileira e na rela\u00e7\u00e3o direta com a popula\u00e7\u00e3o.<br><em>\u201cO que seria dos nossos munic\u00edpios sem os vereadores? S\u00e3o eles que est\u00e3o no dia a dia da popula\u00e7\u00e3o, s\u00e3o os representantes mais leg\u00edtimos do povo, fiscalizadores, gestores e representantes\u201d<\/em>, afirmou o deputado.<\/p>\n\n\n\n<p>Reconhecido por sua atua\u00e7\u00e3o municipalista, o parlamentar \u00e9 autor de propostas relevantes para os munic\u00edpios, como o adicional de 1% no Fundo de Participa\u00e7\u00e3o dos Munic\u00edpios (FPM). Atualmente, ele tamb\u00e9m articula uma mobiliza\u00e7\u00e3o nacional em defesa da derrubada da liminar que impacta a distribui\u00e7\u00e3o dos royalties do petr\u00f3leo, tema considerado sens\u00edvel para o equil\u00edbrio fiscal de estados e munic\u00edpios.<\/p>\n\n\n\n<p>O evento contou com a presen\u00e7a de vereadores de diferentes regi\u00f5es do Piau\u00ed, refor\u00e7ando a capilaridade pol\u00edtica do deputado junto \u00e0s bases municipais. O encontro tamb\u00e9m serviu como espa\u00e7o de alinhamento pol\u00edtico e institucional entre os representantes piauienses em Bras\u00edlia.<\/p>\n\n\n\n<p>Pr\u00e9-candidato ao Senado pelo Piau\u00ed, J\u00falio C\u00e9sar tem intensificado agendas voltadas ao fortalecimento de sua base pol\u00edtica. O parlamentar conta com apoio de lideran\u00e7as nacionais e estaduais, incluindo o presidente Luiz In\u00e1cio Lula da Silva, o governador Rafael Fonteles e o ministro Wellington Dias.<\/p>\n\n\n\n<figure class=\"wp-block-image size-large\"><img loading=\"lazy\" decoding=\"async\" width=\"640\" height=\"426\" src=\"https:\/\/portalv1.com.br\/app\/wp-content\/uploads\/2026\/04\/WhatsApp-Image-2026-04-28-at-22.44.27-640x426.jpeg\" alt=\"\" class=\"wp-image-261763\" srcset=\"https:\/\/portalv1.com.br\/app\/wp-content\/uploads\/2026\/04\/WhatsApp-Image-2026-04-28-at-22.44.27-640x426.jpeg 640w, https:\/\/portalv1.com.br\/app\/wp-content\/uploads\/2026\/04\/WhatsApp-Image-2026-04-28-at-22.44.27-300x200.jpeg 300w, https:\/\/portalv1.com.br\/app\/wp-content\/uploads\/2026\/04\/WhatsApp-Image-2026-04-28-at-22.44.27-768x512.jpeg 768w, https:\/\/portalv1.com.br\/app\/wp-content\/uploads\/2026\/04\/WhatsApp-Image-2026-04-28-at-22.44.27-1536x1023.jpeg 1536w, https:\/\/portalv1.com.br\/app\/wp-content\/uploads\/2026\/04\/WhatsApp-Image-2026-04-28-at-22.44.27.jpeg 1600w\" sizes=\"auto, (max-width: 640px) 100vw, 640px\" \/><\/figure>\n","protected":false},"excerpt":{"rendered":"<p>O deputado federal J\u00falio C\u00e9sar promoveu, na noite desta ter\u00e7a-feira (28), um jantar em Bras\u00edlia reunindo vereadores de diversas cidades do Piau\u00ed que participam da Marcha dos Vereadores. O encontro&#8230;<\/p>\n","protected":false},"author":1,"featured_media":261765,"comment_status":"open","ping_status":"open","sticky":false,"template":"","format":"standard","meta":{"ngg_post_thumbnail":0,"footnotes":""},"categories":[243],"tags":[],"class_list":["post-261762","post","type-post","status-publish","format-standard","has-post-thumbnail","hentry","category-geral"],"views":9,"meta_data":{"thumb":"https:\/\/portalv1.com.br\/app\/wp-content\/uploads\/2026\/04\/WhatsApp-Image-2026-04-28-at-22.43.43.jpg","imagem":{"fullsize":{"url":"https:\/\/portalv1.com.br\/app\/wp-content\/uploads\/2026\/04\/WhatsApp-Image-2026-04-28-at-22.43.43.jpg","width":1800,"height":1200},"medium":{"url":"https:\/\/portalv1.com.br\/app\/wp-content\/uploads\/2026\/04\/WhatsApp-Image-2026-04-28-at-22.43.43-300x200.jpg","width":300,"height":200},"large":{"url":"https:\/\/portalv1.com.br\/app\/wp-content\/uploads\/2026\/04\/WhatsApp-Image-2026-04-28-at-22.43.43-640x427.jpg","width":640,"height":427},"thumbnail":{"url":"https:\/\/portalv1.com.br\/app\/wp-content\/uploads\/2026\/04\/WhatsApp-Image-2026-04-28-at-22.43.43-100x100.jpg","width":100,"height":100},"medium_large":{"url":"https:\/\/portalv1.com.br\/app\/wp-content\/uploads\/2026\/04\/WhatsApp-Image-2026-04-28-at-22.43.43-768x512.jpg","width":768,"height":512},"1536x1536":{"url":"https:\/\/portalv1.com.br\/app\/wp-content\/uploads\/2026\/04\/WhatsApp-Image-2026-04-28-at-22.43.43-1536x1024.jpg","width":1536,"height":1024}},"data":{"simple":"29\/04\/2026","date_time":"29\/04\/2026 11:57:30","date":"h\u00e1 4 horas"},"chapeu":"Saiba mais","source":"slide"},"_links":{"self":[{"href":"https:\/\/portalv1.com.br\/api\/wp\/v2\/posts\/261762","targetHints":{"allow":["GET"]}}],"collection":[{"href":"https:\/\/portalv1.com.br\/api\/wp\/v2\/posts"}],"about":[{"href":"https:\/\/portalv1.com.br\/api\/wp\/v2\/types\/post"}],"author":[{"embeddable":true,"href":"https:\/\/portalv1.com.br\/api\/wp\/v2\/users\/1"}],"replies":[{"embeddable":true,"href":"https:\/\/portalv1.com.br\/api\/wp\/v2\/comments?post=261762"}],"version-history":[{"count":0,"href":"https:\/\/portalv1.com.br\/api\/wp\/v2\/posts\/261762\/revisions"}],"wp:featuredmedia":[{"embeddable":true,"href":"https:\/\/portalv1.com.br\/api\/wp\/v2\/media\/261765"}],"wp:attachment":[{"href":"https:\/\/portalv1.com.br\/api\/wp\/v2\/media?parent=261762"}],"wp:term":[{"taxonomy":"category","embeddable":true,"href":"https:\/\/portalv1.com.br\/api\/wp\/v2\/categories?post=261762"},{"taxonomy":"post_tag","embeddable":true,"href":"https:\/\/portalv1.com.br\/api\/wp\/v2\/tags?post=261762"}],"curies":[{"name":"wp","href":"https:\/\/api.w.org\/{rel}","templated":true}]}}