{"id":261776,"date":"2026-04-29T15:18:48","date_gmt":"2026-04-29T18:18:48","guid":{"rendered":"https:\/\/portalv1.com.br\/?p=261776"},"modified":"2026-04-29T15:18:48","modified_gmt":"2026-04-29T18:18:48","slug":"vitoria-das-nossas-criancas-diz-prefeito-dr-segundo-apos-varzea-grande-receber-premio-alfa-10","status":"publish","type":"post","link":"https:\/\/portalv1.com.br\/vitoria-das-nossas-criancas-diz-prefeito-dr-segundo-apos-varzea-grande-receber-premio-alfa-10\/","title":{"rendered":"\u201cVit\u00f3ria das nossas crian\u00e7as\u201d, diz prefeito Dr. Segundo ap\u00f3s V\u00e1rzea Grande receber Pr\u00eamio Alfa-10"},"content":{"rendered":"\n<p>O munic\u00edpio de V\u00e1rzea Grande foi premiado pelo Governo do Estado com o Pr\u00eamio Alfa-10, durante solenidade realizada nesta ter\u00e7a-feira (28), em Teresina. A premia\u00e7\u00e3o reconhece os munic\u00edpios que se destacam na alfabetiza\u00e7\u00e3o das crian\u00e7as na idade certa e faz parte das a\u00e7\u00f5es do Programa Piauiense de Alfabetiza\u00e7\u00e3o na Idade Certa (PPAIC), iniciativa que vem fortalecendo a educa\u00e7\u00e3o b\u00e1sica em todo o Piau\u00ed.<\/p>\n\n\n\n<p>De acordo com dados do Instituto Nacional de Estudos e Pesquisas Educacionais An\u00edsio Teixeira (Inep), o Piau\u00ed saiu da 10\u00aa para a 4\u00aa posi\u00e7\u00e3o no ranking nacional de alfabetiza\u00e7\u00e3o na idade certa. Os n\u00fameros fazem parte do Indicador Crian\u00e7a Alfabetizada (ICA) de 2025, divulgado pelo Minist\u00e9rio da Educa\u00e7\u00e3o.<\/p>\n\n\n\n<p>A cerim\u00f4nia tamb\u00e9m marcou os tr\u00eas anos do Pacto pelas Crian\u00e7as do Piau\u00ed, iniciativa coordenada pela primeira-dama Isabel Fonteles. O programa tem como objetivo promover o desenvolvimento integral de crian\u00e7as de 0 a 6 anos, especialmente aquelas em situa\u00e7\u00e3o de vulnerabilidade social.<\/p>\n\n\n\n<p>Durante a solenidade, o prefeito de V\u00e1rzea Grande, Dr. Segundo, celebrou a conquista ao lado da equipe da educa\u00e7\u00e3o do munic\u00edpio.<\/p>\n\n\n\n<p>\u201cMuito feliz, muito feliz com essa premia\u00e7\u00e3o de hoje. Estou aqui com uma equipe extremamente representativa: a secret\u00e1ria Paizinha, a diretora da escola Cida, professores do segundo ano e o grupo gestor da educa\u00e7\u00e3o, recebendo essa premia\u00e7\u00e3o que coroa um trabalho forte, de ano ap\u00f3s ano, um trabalho bem feito e, sobretudo, a vit\u00f3ria das crian\u00e7as. A nossa vit\u00f3ria na educa\u00e7\u00e3o \u00e9 a vit\u00f3ria dos nossos alunos\u201d, destacou.<\/p>\n\n\n\n<p>O gestor ressaltou ainda que os resultados s\u00e3o fruto de um trabalho cont\u00ednuo e de investimentos estruturais na educa\u00e7\u00e3o municipal.<\/p>\n\n\n\n<p>\u201cO trabalho na educa\u00e7\u00e3o \u00e9 um trabalho de longo prazo. Come\u00e7a desde a reforma das escolas, da estrutura\u00e7\u00e3o, da educa\u00e7\u00e3o em tempo integral, da merenda tr\u00eas vezes por dia para todas as crian\u00e7as, todos os dias, do refor\u00e7o do corpo docente, de aumentar o n\u00edvel dos professores e da valoriza\u00e7\u00e3o dos profissionais. \u00c9 um grupo de a\u00e7\u00f5es, um esfor\u00e7o continuado, dirigido para que a gente chegue hoje com uma das melhores educa\u00e7\u00f5es do Estado do Piau\u00ed\u201d, afirmou.<\/p>\n\n\n\n<p>Segundo o prefeito, a meta do munic\u00edpio \u00e9 seguir investindo na educa\u00e7\u00e3o como ferramenta de transforma\u00e7\u00e3o social.<\/p>\n\n\n\n<p>\u201cQueremos levar essa gera\u00e7\u00e3o inteira a se sobressair pela educa\u00e7\u00e3o, pela for\u00e7a transformadora da educa\u00e7\u00e3o e hoje isso \u00e9 coroado com a premia\u00e7\u00e3o do Alfa-10.\u201d<\/p>\n\n\n\n<figure class=\"wp-block-embed is-type-video is-provider-youtube wp-block-embed-youtube wp-embed-aspect-16-9 wp-has-aspect-ratio\"><div class=\"wp-block-embed__wrapper\">\n<div class=\"content-iframe\" data-content-width=\"600\"><iframe loading=\"lazy\" title=\"V\u00e1rzea Grande conquista importante pr\u00eamio estadual e se destaca na alfabetiza\u00e7\u00e3o\" width=\"600\" height=\"338\" src=\"https:\/\/www.youtube.com\/embed\/q-vi10P1aq4?feature=oembed\" frameborder=\"0\" allow=\"accelerometer; autoplay; clipboard-write; encrypted-media; gyroscope; picture-in-picture; web-share\" referrerpolicy=\"strict-origin-when-cross-origin\" allowfullscreen><\/iframe><\/div>\n<\/div><\/figure>\n\n\n\n<div class=\"ngg-galleryoverview\" data-widget=\"Galeria\" data-props='{&quot;galeria&quot;:{&quot;gallery_id&quot;:3788,&quot;total&quot;:8,&quot;max_page&quot;:1,&quot;page&quot;:1,&quot;images&quot;:[{&quot;pid&quot;:136555,&quot;imageURL&quot;:&quot;https:\\\/\\\/portalv1.com.br\\\/app\\\/wp-content\\\/gallery\\\/segundo-1\\\/portalv1Entrega-Premio-Alfa-10-e-Aniversario-3-anos-Pacto-Criancas-5valenca.jpeg?t=1777486570&quot;,&quot;thumbnailURL&quot;:&quot;https:\\\/\\\/portalv1.com.br\\\/app\\\/wp-content\\\/gallery\\\/segundo-1\\\/thumbs\\\/thumbs_portalv1Entrega-Premio-Alfa-10-e-Aniversario-3-anos-Pacto-Criancas-5valenca.jpeg?t=1777486570&quot;,&quot;description&quot;:&quot; &quot;,&quot;alttext&quot;:&quot;portalv1Entrega-Premio-Alfa-10-e-Aniversario-3-anos-Pacto-Criancas-5valenca&quot;,&quot;style&quot;:&quot;&quot;},{&quot;pid&quot;:136556,&quot;imageURL&quot;:&quot;https:\\\/\\\/portalv1.com.br\\\/app\\\/wp-content\\\/gallery\\\/segundo-1\\\/portalv1Entrega-Premio-Alfa-10-e-Aniversario-3-anos-Pacto-Criancas-38valenca.jpeg?t=1777486571&quot;,&quot;thumbnailURL&quot;:&quot;https:\\\/\\\/portalv1.com.br\\\/app\\\/wp-content\\\/gallery\\\/segundo-1\\\/thumbs\\\/thumbs_portalv1Entrega-Premio-Alfa-10-e-Aniversario-3-anos-Pacto-Criancas-38valenca.jpeg?t=1777486571&quot;,&quot;description&quot;:&quot; &quot;,&quot;alttext&quot;:&quot;portalv1Entrega-Premio-Alfa-10-e-Aniversario-3-anos-Pacto-Criancas-38valenca&quot;,&quot;style&quot;:&quot;&quot;},{&quot;pid&quot;:136557,&quot;imageURL&quot;:&quot;https:\\\/\\\/portalv1.com.br\\\/app\\\/wp-content\\\/gallery\\\/segundo-1\\\/portalv1IMG_5527valenca.jpg?t=1777486571&quot;,&quot;thumbnailURL&quot;:&quot;https:\\\/\\\/portalv1.com.br\\\/app\\\/wp-content\\\/gallery\\\/segundo-1\\\/thumbs\\\/thumbs_portalv1IMG_5527valenca.jpg?t=1777486571&quot;,&quot;description&quot;:&quot; &quot;,&quot;alttext&quot;:&quot;portalv1IMG_5527valenca&quot;,&quot;style&quot;:&quot;&quot;},{&quot;pid&quot;:136558,&quot;imageURL&quot;:&quot;https:\\\/\\\/portalv1.com.br\\\/app\\\/wp-content\\\/gallery\\\/segundo-1\\\/portalv1IMG_5657valenca.jpg?t=1777486571&quot;,&quot;thumbnailURL&quot;:&quot;https:\\\/\\\/portalv1.com.br\\\/app\\\/wp-content\\\/gallery\\\/segundo-1\\\/thumbs\\\/thumbs_portalv1IMG_5657valenca.jpg?t=1777486571&quot;,&quot;description&quot;:&quot; &quot;,&quot;alttext&quot;:&quot;portalv1IMG_5657valenca&quot;,&quot;style&quot;:&quot;&quot;},{&quot;pid&quot;:136559,&quot;imageURL&quot;:&quot;https:\\\/\\\/portalv1.com.br\\\/app\\\/wp-content\\\/gallery\\\/segundo-1\\\/portalv1IMG_5659valenca.jpg?t=1777486572&quot;,&quot;thumbnailURL&quot;:&quot;https:\\\/\\\/portalv1.com.br\\\/app\\\/wp-content\\\/gallery\\\/segundo-1\\\/thumbs\\\/thumbs_portalv1IMG_5659valenca.jpg?t=1777486572&quot;,&quot;description&quot;:&quot; &quot;,&quot;alttext&quot;:&quot;portalv1IMG_5659valenca&quot;,&quot;style&quot;:&quot;&quot;},{&quot;pid&quot;:136560,&quot;imageURL&quot;:&quot;https:\\\/\\\/portalv1.com.br\\\/app\\\/wp-content\\\/gallery\\\/segundo-1\\\/portalv1IMG_5665valenca.jpg?t=1777486572&quot;,&quot;thumbnailURL&quot;:&quot;https:\\\/\\\/portalv1.com.br\\\/app\\\/wp-content\\\/gallery\\\/segundo-1\\\/thumbs\\\/thumbs_portalv1IMG_5665valenca.jpg?t=1777486572&quot;,&quot;description&quot;:&quot; &quot;,&quot;alttext&quot;:&quot;portalv1IMG_5665valenca&quot;,&quot;style&quot;:&quot;&quot;},{&quot;pid&quot;:136561,&quot;imageURL&quot;:&quot;https:\\\/\\\/portalv1.com.br\\\/app\\\/wp-content\\\/gallery\\\/segundo-1\\\/portalv1IMG_5667valenca.jpg?t=1777486573&quot;,&quot;thumbnailURL&quot;:&quot;https:\\\/\\\/portalv1.com.br\\\/app\\\/wp-content\\\/gallery\\\/segundo-1\\\/thumbs\\\/thumbs_portalv1IMG_5667valenca.jpg?t=1777486573&quot;,&quot;description&quot;:&quot; &quot;,&quot;alttext&quot;:&quot;portalv1IMG_5667valenca&quot;,&quot;style&quot;:&quot;&quot;},{&quot;pid&quot;:136562,&quot;imageURL&quot;:&quot;https:\\\/\\\/portalv1.com.br\\\/app\\\/wp-content\\\/gallery\\\/segundo-1\\\/portalv1IMG_5669valenca.jpg?t=1777486573&quot;,&quot;thumbnailURL&quot;:&quot;https:\\\/\\\/portalv1.com.br\\\/app\\\/wp-content\\\/gallery\\\/segundo-1\\\/thumbs\\\/thumbs_portalv1IMG_5669valenca.jpg?t=1777486573&quot;,&quot;description&quot;:&quot; &quot;,&quot;alttext&quot;:&quot;portalv1IMG_5669valenca&quot;,&quot;style&quot;:&quot;&quot;}]}}'><\/div>\n\n\n\n<p><\/p>\n","protected":false},"excerpt":{"rendered":"<p>O munic\u00edpio de V\u00e1rzea Grande foi premiado pelo Governo do Estado com o Pr\u00eamio Alfa-10, durante solenidade realizada nesta ter\u00e7a-feira (28), em Teresina. A premia\u00e7\u00e3o reconhece os munic\u00edpios que se&#8230;<\/p>\n","protected":false},"author":1,"featured_media":261777,"comment_status":"open","ping_status":"open","sticky":false,"template":"","format":"standard","meta":{"ngg_post_thumbnail":0,"footnotes":""},"categories":[1524],"tags":[],"class_list":["post-261776","post","type-post","status-publish","format-standard","has-post-thumbnail","hentry","category-varzea-grande"],"views":19,"meta_data":{"thumb":"https:\/\/portalv1.com.br\/app\/wp-content\/uploads\/2026\/04\/portalv1IMG_5669valenca.jpg","imagem":{"fullsize":{"url":"https:\/\/portalv1.com.br\/app\/wp-content\/uploads\/2026\/04\/portalv1IMG_5669valenca.jpg","width":1920,"height":1078},"medium":{"url":"https:\/\/portalv1.com.br\/app\/wp-content\/uploads\/2026\/04\/portalv1IMG_5669valenca-300x168.jpg","width":300,"height":168},"large":{"url":"https:\/\/portalv1.com.br\/app\/wp-content\/uploads\/2026\/04\/portalv1IMG_5669valenca-640x359.jpg","width":640,"height":359},"thumbnail":{"url":"https:\/\/portalv1.com.br\/app\/wp-content\/uploads\/2026\/04\/portalv1IMG_5669valenca-100x100.jpg","width":100,"height":100},"medium_large":{"url":"https:\/\/portalv1.com.br\/app\/wp-content\/uploads\/2026\/04\/portalv1IMG_5669valenca-768x431.jpg","width":768,"height":431},"1536x1536":{"url":"https:\/\/portalv1.com.br\/app\/wp-content\/uploads\/2026\/04\/portalv1IMG_5669valenca-1536x862.jpg","width":1536,"height":862}},"data":{"simple":"29\/04\/2026","date_time":"29\/04\/2026 12:18:48","date":"h\u00e1 3 horas"},"chapeu":"Saiba mais","source":"slide"},"_links":{"self":[{"href":"https:\/\/portalv1.com.br\/api\/wp\/v2\/posts\/261776","targetHints":{"allow":["GET"]}}],"collection":[{"href":"https:\/\/portalv1.com.br\/api\/wp\/v2\/posts"}],"about":[{"href":"https:\/\/portalv1.com.br\/api\/wp\/v2\/types\/post"}],"author":[{"embeddable":true,"href":"https:\/\/portalv1.com.br\/api\/wp\/v2\/users\/1"}],"replies":[{"embeddable":true,"href":"https:\/\/portalv1.com.br\/api\/wp\/v2\/comments?post=261776"}],"version-history":[{"count":0,"href":"https:\/\/portalv1.com.br\/api\/wp\/v2\/posts\/261776\/revisions"}],"wp:featuredmedia":[{"embeddable":true,"href":"https:\/\/portalv1.com.br\/api\/wp\/v2\/media\/261777"}],"wp:attachment":[{"href":"https:\/\/portalv1.com.br\/api\/wp\/v2\/media?parent=261776"}],"wp:term":[{"taxonomy":"category","embeddable":true,"href":"https:\/\/portalv1.com.br\/api\/wp\/v2\/categories?post=261776"},{"taxonomy":"post_tag","embeddable":true,"href":"https:\/\/portalv1.com.br\/api\/wp\/v2\/tags?post=261776"}],"curies":[{"name":"wp","href":"https:\/\/api.w.org\/{rel}","templated":true}]}}