{"id":261778,"date":"2026-04-29T20:42:46","date_gmt":"2026-04-29T23:42:46","guid":{"rendered":"https:\/\/portalv1.com.br\/?p=261778"},"modified":"2026-04-29T21:00:45","modified_gmt":"2026-04-30T00:00:45","slug":"dia-08-de-maio-valenca-do-piaui-tera-festa-das-maes-com-musica-e-homenagens","status":"publish","type":"post","link":"https:\/\/portalv1.com.br\/dia-08-de-maio-valenca-do-piaui-tera-festa-das-maes-com-musica-e-homenagens\/","title":{"rendered":"Dia 08 de maio: Valen\u00e7a do Piau\u00ed ter\u00e1 Festa das M\u00e3es com m\u00fasica e homenagens"},"content":{"rendered":"\n<p>A Prefeitura de Valen\u00e7a do Piau\u00ed est\u00e1 preparando uma programa\u00e7\u00e3o especial para celebrar o Dia das M\u00e3es. No pr\u00f3ximo dia 08 de maio, ser\u00e1 realizada a Festa das M\u00e3es \u2013 Ra\u00edzes de Amor, For\u00e7a que Floresce, um momento dedicado \u00e0 valoriza\u00e7\u00e3o e homenagem \u00e0s m\u00e3es do munic\u00edpio.<\/p>\n\n\n\n<p>O evento acontecer\u00e1 no Crovapi Clube, a partir das 17h30, e contar\u00e1 com uma programa\u00e7\u00e3o festiva que inclui m\u00fasica ao vivo, homenagens, distribui\u00e7\u00e3o de presentes e diversas atra\u00e7\u00f5es preparadas especialmente para tornar a noite ainda mais especial.<\/p>\n\n\n\n<p>De acordo com o convite divulgado pela organiza\u00e7\u00e3o, a celebra\u00e7\u00e3o foi pensada para reunir as fam\u00edlias em um momento de carinho e reconhecimento.<\/p>\n\n\n\n<p>\u201cEsperamos voc\u00ea para viver essa linda festa conosco! M\u00e3e \u00e9 amor que acolhe, for\u00e7a que inspira e cuidado que floresce todos os dias\u201d, destaca a mensagem.<\/p>\n\n\n<figure class=\"wp-block-post-featured-image\"><img loading=\"lazy\" decoding=\"async\" width=\"1065\" height=\"1442\" src=\"https:\/\/portalv1.com.br\/app\/wp-content\/uploads\/2026\/04\/WhatsApp-Image-2026-04-28-at-16.53.00.jpeg\" class=\"attachment-post-thumbnail size-post-thumbnail wp-post-image\" alt=\"\" style=\"object-fit:cover;\" srcset=\"https:\/\/portalv1.com.br\/app\/wp-content\/uploads\/2026\/04\/WhatsApp-Image-2026-04-28-at-16.53.00.jpeg 1065w, https:\/\/portalv1.com.br\/app\/wp-content\/uploads\/2026\/04\/WhatsApp-Image-2026-04-28-at-16.53.00-300x406.jpeg 300w, https:\/\/portalv1.com.br\/app\/wp-content\/uploads\/2026\/04\/WhatsApp-Image-2026-04-28-at-16.53.00-640x867.jpeg 640w, https:\/\/portalv1.com.br\/app\/wp-content\/uploads\/2026\/04\/WhatsApp-Image-2026-04-28-at-16.53.00-768x1040.jpeg 768w\" sizes=\"auto, (max-width: 1065px) 100vw, 1065px\" \/><\/figure>","protected":false},"excerpt":{"rendered":"<p>A Prefeitura de Valen\u00e7a do Piau\u00ed est\u00e1 preparando uma programa\u00e7\u00e3o especial para celebrar o Dia das M\u00e3es. No pr\u00f3ximo dia 08 de maio, ser\u00e1 realizada a Festa das M\u00e3es \u2013&#8230;<\/p>\n","protected":false},"author":1,"featured_media":261779,"comment_status":"open","ping_status":"open","sticky":false,"template":"","format":"standard","meta":{"ngg_post_thumbnail":0,"footnotes":""},"categories":[243],"tags":[],"class_list":["post-261778","post","type-post","status-publish","format-standard","has-post-thumbnail","hentry","category-geral"],"views":5,"meta_data":{"thumb":"https:\/\/portalv1.com.br\/app\/wp-content\/uploads\/2026\/04\/WhatsApp-Image-2026-04-28-at-16.53.00.jpeg","imagem":{"fullsize":{"url":"https:\/\/portalv1.com.br\/app\/wp-content\/uploads\/2026\/04\/WhatsApp-Image-2026-04-28-at-16.53.00.jpeg","width":1065,"height":1442},"medium":{"url":"https:\/\/portalv1.com.br\/app\/wp-content\/uploads\/2026\/04\/WhatsApp-Image-2026-04-28-at-16.53.00-300x406.jpeg","width":300,"height":406},"large":{"url":"https:\/\/portalv1.com.br\/app\/wp-content\/uploads\/2026\/04\/WhatsApp-Image-2026-04-28-at-16.53.00-640x867.jpeg","width":640,"height":867},"thumbnail":{"url":"https:\/\/portalv1.com.br\/app\/wp-content\/uploads\/2026\/04\/WhatsApp-Image-2026-04-28-at-16.53.00-100x100.jpeg","width":100,"height":100},"medium_large":{"url":"https:\/\/portalv1.com.br\/app\/wp-content\/uploads\/2026\/04\/WhatsApp-Image-2026-04-28-at-16.53.00-768x1040.jpeg","width":768,"height":1040}},"data":{"simple":"29\/04\/2026","date_time":"29\/04\/2026 17:42:46","date":"h\u00e1 3 horas"},"chapeu":"Saiba mais","source":"slide"},"_links":{"self":[{"href":"https:\/\/portalv1.com.br\/api\/wp\/v2\/posts\/261778","targetHints":{"allow":["GET"]}}],"collection":[{"href":"https:\/\/portalv1.com.br\/api\/wp\/v2\/posts"}],"about":[{"href":"https:\/\/portalv1.com.br\/api\/wp\/v2\/types\/post"}],"author":[{"embeddable":true,"href":"https:\/\/portalv1.com.br\/api\/wp\/v2\/users\/1"}],"replies":[{"embeddable":true,"href":"https:\/\/portalv1.com.br\/api\/wp\/v2\/comments?post=261778"}],"version-history":[{"count":0,"href":"https:\/\/portalv1.com.br\/api\/wp\/v2\/posts\/261778\/revisions"}],"wp:featuredmedia":[{"embeddable":true,"href":"https:\/\/portalv1.com.br\/api\/wp\/v2\/media\/261779"}],"wp:attachment":[{"href":"https:\/\/portalv1.com.br\/api\/wp\/v2\/media?parent=261778"}],"wp:term":[{"taxonomy":"category","embeddable":true,"href":"https:\/\/portalv1.com.br\/api\/wp\/v2\/categories?post=261778"},{"taxonomy":"post_tag","embeddable":true,"href":"https:\/\/portalv1.com.br\/api\/wp\/v2\/tags?post=261778"}],"curies":[{"name":"wp","href":"https:\/\/api.w.org\/{rel}","templated":true}]}}