{"id":261780,"date":"2026-04-29T21:00:26","date_gmt":"2026-04-30T00:00:26","guid":{"rendered":"https:\/\/portalv1.com.br\/?p=261780"},"modified":"2026-04-29T21:07:54","modified_gmt":"2026-04-30T00:07:54","slug":"valenca-do-piaui-celebra-tradicao-com-baile-da-divina-rainha-neste-dia-2-de-maio","status":"publish","type":"post","link":"https:\/\/portalv1.com.br\/valenca-do-piaui-celebra-tradicao-com-baile-da-divina-rainha-neste-dia-2-de-maio\/","title":{"rendered":"Valen\u00e7a do Piau\u00ed celebra tradi\u00e7\u00e3o com Baile da Divina Rainha neste dia 2 de maio"},"content":{"rendered":"\n<p>A cidade de Valen\u00e7a do Piau\u00ed ser\u00e1 palco, neste s\u00e1bado (02 de maio), de mais uma edi\u00e7\u00e3o do tradicional Baile da Divina Rainha, evento que integra a programa\u00e7\u00e3o da Festa do Divino Esp\u00edrito Santo e promete reunir beleza, cultura e religiosidade em uma noite especial.<\/p>\n\n\n\n<p>A festa acontece no CROVAPI Clube, a partir das 21h, e contar\u00e1 com desfile e escolha da Divina Rainha, reunindo jovens representantes de diversos munic\u00edpios da regi\u00e3o. Est\u00e3o confirmadas participantes de Valen\u00e7a do Piau\u00ed, Aroazes, Pimenteiras, Lagoa do S\u00edtio, Novo Oriente, Elesb\u00e3o Veloso e Barra d\u2019Alc\u00e2ntara, refor\u00e7ando o car\u00e1ter regional e integrador do evento.<\/p>\n\n\n\n<p>Reconhecida como Patrim\u00f4nio Cultural Imaterial do Piau\u00ed, a Festa do Divino em Valen\u00e7a mobiliza centenas de fi\u00e9is em uma jornada marcada pela espiritualidade, com visitas a resid\u00eancias e comunidades, mantendo viva uma tradi\u00e7\u00e3o que atravessa gera\u00e7\u00f5es.<\/p>\n\n\n\n<p>Neste ano, a coordena\u00e7\u00e3o est\u00e1 sob a responsabilidade dos imperadores Leilivan Martins e Andreiany Costa, que conduzem a programa\u00e7\u00e3o festiva at\u00e9 o Domingo de Pentecostes, celebrado em 24 de maio de 2026. A data \u00e9 uma das mais importantes do calend\u00e1rio crist\u00e3o, pois simboliza a descida do Esp\u00edrito Santo sobre os ap\u00f3stolos e Maria, marcando o nascimento da Igreja, 50 dias ap\u00f3s a P\u00e1scoa.<\/p>\n\n\n\n<p>O Baile da Divina Rainha \u00e9 um dos momentos mais aguardados da programa\u00e7\u00e3o, unindo f\u00e9 e cultura em uma celebra\u00e7\u00e3o de encanto e tradi\u00e7\u00e3o. A organiza\u00e7\u00e3o convida toda a popula\u00e7\u00e3o para prestigiar essa noite. A anima\u00e7\u00e3o do baile ficar\u00e1 por conta de Allan e Banda, Leyde Sousa e Fernando Rocha.<\/p>\n\n\n\n<figure class=\"wp-block-image size-full\"><img loading=\"lazy\" decoding=\"async\" width=\"543\" height=\"721\" src=\"https:\/\/portalv1.com.br\/app\/wp-content\/uploads\/2026\/04\/Imagem1.jpg\" alt=\"\" class=\"wp-image-261781\" srcset=\"https:\/\/portalv1.com.br\/app\/wp-content\/uploads\/2026\/04\/Imagem1.jpg 543w, https:\/\/portalv1.com.br\/app\/wp-content\/uploads\/2026\/04\/Imagem1-300x398.jpg 300w\" sizes=\"auto, (max-width: 543px) 100vw, 543px\" \/><\/figure>\n","protected":false},"excerpt":{"rendered":"<p>A cidade de Valen\u00e7a do Piau\u00ed ser\u00e1 palco, neste s\u00e1bado (02 de maio), de mais uma edi\u00e7\u00e3o do tradicional Baile da Divina Rainha, evento que integra a programa\u00e7\u00e3o da Festa&#8230;<\/p>\n","protected":false},"author":1,"featured_media":261784,"comment_status":"open","ping_status":"open","sticky":false,"template":"","format":"standard","meta":{"ngg_post_thumbnail":0,"footnotes":""},"categories":[243],"tags":[],"class_list":["post-261780","post","type-post","status-publish","format-standard","has-post-thumbnail","hentry","category-geral"],"views":39,"meta_data":{"thumb":"https:\/\/portalv1.com.br\/app\/wp-content\/uploads\/2026\/04\/Imagem1h.jpg","imagem":{"fullsize":{"url":"https:\/\/portalv1.com.br\/app\/wp-content\/uploads\/2026\/04\/Imagem1h.jpg","width":842,"height":720},"medium":{"url":"https:\/\/portalv1.com.br\/app\/wp-content\/uploads\/2026\/04\/Imagem1h-300x257.jpg","width":300,"height":257},"large":{"url":"https:\/\/portalv1.com.br\/app\/wp-content\/uploads\/2026\/04\/Imagem1h-640x547.jpg","width":640,"height":547},"thumbnail":{"url":"https:\/\/portalv1.com.br\/app\/wp-content\/uploads\/2026\/04\/Imagem1h-100x100.jpg","width":100,"height":100},"medium_large":{"url":"https:\/\/portalv1.com.br\/app\/wp-content\/uploads\/2026\/04\/Imagem1h-768x657.jpg","width":768,"height":657}},"data":{"simple":"29\/04\/2026","date_time":"29\/04\/2026 18:00:26","date":"h\u00e1 3 horas"},"chapeu":"Saiba mais","source":"m_destacada"},"_links":{"self":[{"href":"https:\/\/portalv1.com.br\/api\/wp\/v2\/posts\/261780","targetHints":{"allow":["GET"]}}],"collection":[{"href":"https:\/\/portalv1.com.br\/api\/wp\/v2\/posts"}],"about":[{"href":"https:\/\/portalv1.com.br\/api\/wp\/v2\/types\/post"}],"author":[{"embeddable":true,"href":"https:\/\/portalv1.com.br\/api\/wp\/v2\/users\/1"}],"replies":[{"embeddable":true,"href":"https:\/\/portalv1.com.br\/api\/wp\/v2\/comments?post=261780"}],"version-history":[{"count":0,"href":"https:\/\/portalv1.com.br\/api\/wp\/v2\/posts\/261780\/revisions"}],"wp:featuredmedia":[{"embeddable":true,"href":"https:\/\/portalv1.com.br\/api\/wp\/v2\/media\/261784"}],"wp:attachment":[{"href":"https:\/\/portalv1.com.br\/api\/wp\/v2\/media?parent=261780"}],"wp:term":[{"taxonomy":"category","embeddable":true,"href":"https:\/\/portalv1.com.br\/api\/wp\/v2\/categories?post=261780"},{"taxonomy":"post_tag","embeddable":true,"href":"https:\/\/portalv1.com.br\/api\/wp\/v2\/tags?post=261780"}],"curies":[{"name":"wp","href":"https:\/\/api.w.org\/{rel}","templated":true}]}}